{"id":24569,"date":"2019-02-13T08:06:28","date_gmt":"2019-02-13T14:06:28","guid":{"rendered":"http:\/\/www.inces.gob.ve\/?p=24569"},"modified":"2020-05-28T20:29:36","modified_gmt":"2020-05-29T00:29:36","slug":"aprendices-inces-estan-dispuestos-a-seguir-formandose-por-un-mejor-pais","status":"publish","type":"post","link":"https:\/\/inces.gob.ve\/index.php\/2019\/02\/13\/aprendices-inces-estan-dispuestos-a-seguir-formandose-por-un-mejor-pais\/","title":{"rendered":"Aprendices Inces est\u00e1n dispuestos a seguir form\u00e1ndose por un mejor pa\u00eds"},"content":{"rendered":"<p class=\"western\" align=\"justify\"><span style=\"font-family: Arial,sans-serif;\"><span style=\"font-size: medium;\"><i><b>** En la Batalla de la Victoria, celebrada el 12 de febrero de 1814 al mando del general Jos\u00e9 F\u00e9lix Ribas, j\u00f3venes estudiantes y otros cientos de soldados lograron derrotar a m\u00e1s de 2.500 soldados de las fuerzas realistas<\/b><\/i><\/span><\/span><\/p>\n<p align=\"justify\">\n<p class=\"western\" align=\"justify\"><!--more--><\/p>\n<p class=\"western\" align=\"justify\"><span style=\"font-family: Arial,sans-serif;\"><span style=\"font-size: medium;\"><i><b>Prensa Nueva Esparta<\/b><\/i><\/span><\/span><\/p>\n<p align=\"justify\">\n<p class=\"western\" align=\"justify\"><span style=\"font-family: Arial,sans-serif;\"><span style=\"font-size: medium;\">En ocasi\u00f3n de conmemorarse este 12 de febrero el D\u00eda de la Juventud en Venezuela, los muchachos del Programa Nacional de Aprendizaje (PNA), impulsados por el Inces en la regi\u00f3n insular, manifestaron el deseo de seguir apostando por Venezuela y seguir estudiando para desarrollar un futuro mejor para todos.<\/span><\/span><\/p>\n<p class=\"western\" align=\"justify\"><span style=\"font-family: Arial,sans-serif;\"><span style=\"font-size: medium;\">Maikol Serrano, joven aprendiz en el campo de la Inform\u00e1tica, se\u00f1ala que a pesar de las dificultades y la guerra econ\u00f3mica que atraviesa el pa\u00eds, el sigue adelante creyendo que Venezuela es el mejor lugar del mundo, considerando la existencia de un potencial enorme en diversas \u00e1reas, lo cual debe aprovechar al m\u00e1ximo. <\/span><\/span><\/p>\n<p class=\"western\" align=\"justify\"><span style=\"font-family: Arial,sans-serif;\"><span style=\"font-size: medium;\"> <img loading=\"lazy\" decoding=\"async\" class=\"aligncenter wp-image-24571 size-full\" src=\"http:\/\/www.inces.gob.ve\/wp-content\/uploads\/2019\/02\/3por-un-mejor-pa\u00eds-.jpg\" alt=\"\" width=\"850\" height=\"638\" srcset=\"https:\/\/inces.gob.ve\/wp-content\/uploads\/2019\/02\/3por-un-mejor-pa\u00eds-.jpg 850w, https:\/\/inces.gob.ve\/wp-content\/uploads\/2019\/02\/3por-un-mejor-pa\u00eds--300x225.jpg 300w, https:\/\/inces.gob.ve\/wp-content\/uploads\/2019\/02\/3por-un-mejor-pa\u00eds--768x576.jpg 768w, https:\/\/inces.gob.ve\/wp-content\/uploads\/2019\/02\/3por-un-mejor-pa\u00eds--136x102.jpg 136w\" sizes=\"auto, (max-width: 850px) 100vw, 850px\" \/> <\/span><\/span><\/p>\n<p class=\"western\" align=\"justify\"><span style=\"font-family: Arial,sans-serif;\"><span style=\"font-size: medium;\">Maikol, de tan solo18 a\u00f1os de edad, insta a la muchachada venezolana que en la actualidad piensa irse del pa\u00eds, a que no se vayan y apoyen con estudio, deporte y trabajo a esta patria que tanto los necesita.<\/span><\/span><\/p>\n<p class=\"western\" align=\"justify\"><span style=\"font-family: Arial,sans-serif;\"><span style=\"font-size: medium;\">Christopher Heredia, quien forma parte del PNA como Asistente Empresarial en Inform\u00e1tica, asegura que la juventud es el motor activador del pa\u00eds y el futuro para avanzar en su desarrollo, \u201cinvito a los j\u00f3venes a salir de sus casas para que se desenvuelvan en un espacio productivo que impulse el crecimiento de nuestra naci\u00f3n\u201d, apunt\u00f3. <\/span><\/span><\/p>\n<p class=\"western\" align=\"justify\"><img loading=\"lazy\" decoding=\"async\" class=\"aligncenter wp-image-24572 size-full\" src=\"http:\/\/www.inces.gob.ve\/wp-content\/uploads\/2019\/02\/2por-un-mejor-pa\u00eds-.jpg\" alt=\"\" width=\"800\" height=\"600\" srcset=\"https:\/\/inces.gob.ve\/wp-content\/uploads\/2019\/02\/2por-un-mejor-pa\u00eds-.jpg 800w, https:\/\/inces.gob.ve\/wp-content\/uploads\/2019\/02\/2por-un-mejor-pa\u00eds--300x225.jpg 300w, https:\/\/inces.gob.ve\/wp-content\/uploads\/2019\/02\/2por-un-mejor-pa\u00eds--768x576.jpg 768w, https:\/\/inces.gob.ve\/wp-content\/uploads\/2019\/02\/2por-un-mejor-pa\u00eds--136x102.jpg 136w\" sizes=\"auto, (max-width: 800px) 100vw, 800px\" \/><\/p>\n<p class=\"western\" align=\"justify\"><span style=\"font-family: Arial,sans-serif;\"><span style=\"font-size: medium;\">N\u00e9lida Gonz\u00e1lez coordinadora del Programa Nacional de Aprendizaje en Inces, desea \u00e9xitos a los chicos a la hora de emprender sus proyectos, y les aconseja que aprovechen las fortalezas que tienen para que con trabajo, dedicaci\u00f3n, creatividad e innovaci\u00f3n puedan construir un pa\u00eds prospero, en paz, uni\u00f3n y amor. <\/span><\/span><\/p>\n<p class=\"western\" align=\"justify\"><img loading=\"lazy\" decoding=\"async\" class=\"aligncenter wp-image-24573 size-full\" src=\"http:\/\/www.inces.gob.ve\/wp-content\/uploads\/2019\/02\/1por-un-mejor-pa\u00eds-.jpg\" alt=\"\" width=\"850\" height=\"638\" srcset=\"https:\/\/inces.gob.ve\/wp-content\/uploads\/2019\/02\/1por-un-mejor-pa\u00eds-.jpg 850w, https:\/\/inces.gob.ve\/wp-content\/uploads\/2019\/02\/1por-un-mejor-pa\u00eds--300x225.jpg 300w, https:\/\/inces.gob.ve\/wp-content\/uploads\/2019\/02\/1por-un-mejor-pa\u00eds--768x576.jpg 768w, https:\/\/inces.gob.ve\/wp-content\/uploads\/2019\/02\/1por-un-mejor-pa\u00eds--136x102.jpg 136w\" sizes=\"auto, (max-width: 850px) 100vw, 850px\" \/><\/p>\n<p class=\"western\" align=\"justify\"><span style=\"font-family: Arial,sans-serif;\"><span style=\"font-size: medium;\">Para finalizar, Alex Andarcia, gerente regional del Inces en Nueva Esparta, record\u00f3 que en la denominada Batalla de La Victoria, celebrada aquel 12 de febrero de 1814, hace 205 a\u00f1os, j\u00f3venes estudiantes y otros cientos de soldados, dirigidos por el general Jos\u00e9 F\u00e9lix Ribas, lograron derrotar a m\u00e1s de 2.500 soldados de las fuerzas realistas marcando as\u00ed parte de la gesta independentista de Venezuela.<\/span><\/span><\/p>\n<p class=\"western\" align=\"justify\"><span style=\"font-family: Arial,sans-serif;\"><span style=\"font-size: medium;\">Manifest\u00f3 que a lo largo de los a\u00f1os la juventud ha jugado un papel importante en los nuevos cambios y transformaciones que han suscitado, refiriendo que hoy d\u00eda esa juventud sigue adelante luchando por un futuro mejor; por eso, desde el Inces, se les apoya y se les brindan las herramientas para que contin\u00faen adelante, form\u00e1ndose y prepar\u00e1ndose en el campo laboral que deseen para que Venezuela crezca y se fortalezca<\/span><\/span><\/p>\n<p class=\"western\" align=\"justify\">LT.<\/p>\n","protected":false},"excerpt":{"rendered":"<p>** En la Batalla de la Victoria, celebrada el 12 de febrero de 1814 al mando del general Jos\u00e9 F\u00e9lix Ribas, j\u00f3venes estudiantes y otros cientos de soldados lograron derrotar a m\u00e1s de 2.500 soldados de las fuerzas realistas<\/p>\n","protected":false},"author":15,"featured_media":24570,"comment_status":"closed","ping_status":"closed","sticky":false,"template":"","format":"standard","meta":{"footnotes":""},"categories":[2],"tags":[],"class_list":["post-24569","post","type-post","status-publish","format-standard","has-post-thumbnail","hentry","category-blog"],"_links":{"self":[{"href":"https:\/\/inces.gob.ve\/index.php\/wp-json\/wp\/v2\/posts\/24569","targetHints":{"allow":["GET"]}}],"collection":[{"href":"https:\/\/inces.gob.ve\/index.php\/wp-json\/wp\/v2\/posts"}],"about":[{"href":"https:\/\/inces.gob.ve\/index.php\/wp-json\/wp\/v2\/types\/post"}],"author":[{"embeddable":true,"href":"https:\/\/inces.gob.ve\/index.php\/wp-json\/wp\/v2\/users\/15"}],"replies":[{"embeddable":true,"href":"https:\/\/inces.gob.ve\/index.php\/wp-json\/wp\/v2\/comments?post=24569"}],"version-history":[{"count":3,"href":"https:\/\/inces.gob.ve\/index.php\/wp-json\/wp\/v2\/posts\/24569\/revisions"}],"predecessor-version":[{"id":24576,"href":"https:\/\/inces.gob.ve\/index.php\/wp-json\/wp\/v2\/posts\/24569\/revisions\/24576"}],"wp:featuredmedia":[{"embeddable":true,"href":"https:\/\/inces.gob.ve\/index.php\/wp-json\/wp\/v2\/media\/24570"}],"wp:attachment":[{"href":"https:\/\/inces.gob.ve\/index.php\/wp-json\/wp\/v2\/media?parent=24569"}],"wp:term":[{"taxonomy":"category","embeddable":true,"href":"https:\/\/inces.gob.ve\/index.php\/wp-json\/wp\/v2\/categories?post=24569"},{"taxonomy":"post_tag","embeddable":true,"href":"https:\/\/inces.gob.ve\/index.php\/wp-json\/wp\/v2\/tags?post=24569"}],"curies":[{"name":"wp","href":"https:\/\/api.w.org\/{rel}","templated":true}]}}