{"id":24577,"date":"2019-02-13T08:31:42","date_gmt":"2019-02-13T14:31:42","guid":{"rendered":"http:\/\/www.inces.gob.ve\/?p=24577"},"modified":"2020-05-28T20:29:35","modified_gmt":"2020-05-29T00:29:35","slug":"juventud-del-inces-marcho-por-la-paz-y-contra-la-intervencion","status":"publish","type":"post","link":"https:\/\/inces.gob.ve\/index.php\/2019\/02\/13\/juventud-del-inces-marcho-por-la-paz-y-contra-la-intervencion\/","title":{"rendered":"Juventud del Inces march\u00f3 por la paz y contra la intervenci\u00f3n"},"content":{"rendered":"<p class=\"western\" style=\"text-align: justify;\" align=\"justify\"><span style=\"font-family: arial,helvetica,sans-serif;\"><em><span style=\"font-size: medium;\"><strong>** <\/strong><\/span><strong><span style=\"font-size: medium;\"><strong>La juventud del Inces acompa\u00f1\u00f3 la marcha conmemorativa del D\u00eda de la Juventud enarbolando las consignas de la paz y del desarrollo productivo en un ambiente de invitaci\u00f3n para que todos los j\u00f3venes del pa\u00eds se incorporen a los programas de formaci\u00f3n y trabajo que ofrece esta instituci\u00f3n creada por el maestro socialista Luis Beltran Prieto Figueroa.<\/strong> <\/span><\/strong><\/em><\/span><\/p>\n<p class=\"western\" style=\"text-align: justify;\" align=\"justify\"><span style=\"font-family: arial,helvetica,sans-serif;\"><a name=\"more-12728\"><\/a><\/span><br \/>\n<span style=\"font-family: arial,helvetica,sans-serif;\"> <!--more--><\/span><\/p>\n<p class=\"western\" style=\"text-align: justify;\" align=\"justify\"><span style=\"font-size: medium; font-family: arial,helvetica,sans-serif;\">FREDDY MARTINEZ \/ INCES SEDE<\/span><\/p>\n<p class=\"western\" style=\"text-align: justify;\" align=\"justify\"><span style=\"font-size: medium; font-family: arial,helvetica,sans-serif;\">El evento que conmemora los 205 aniversario de la Batalla de La Victoria, parti\u00f3 de la Plaza Morelos de la Avenida M\u00e9xico y culmin\u00f3 en la Plaza Bol\u00edvar de Caracas con la presencia del presidente de la Rep\u00fablica Nicol\u00e1s Maduro quien hizo importantes anuncios destinados a la juventud venezolana.<\/span><\/p>\n<p class=\"western\" style=\"text-align: justify;\" align=\"justify\"><span style=\"font-size: medium; font-family: arial,helvetica,sans-serif;\">Durante su discurso el presidente habl\u00f3 ampliamente sobre la Misi\u00f3n Chamba Juvenil, iniciativa gubernamental donde el Inces tiene el importante rol de formar a cientos de miles de j\u00f3venes en los diversos oficios productivos. <\/span><\/p>\n<p class=\"western\" style=\"text-align: justify;\" align=\"justify\"><span style=\"font-size: medium; font-family: arial,helvetica,sans-serif;\"><img loading=\"lazy\" decoding=\"async\" class=\"aligncenter wp-image-24582 size-full\" src=\"http:\/\/www.inces.gob.ve\/wp-content\/uploads\/2019\/02\/1-Juventud.jpg\" alt=\"\" width=\"850\" height=\"567\" srcset=\"https:\/\/inces.gob.ve\/wp-content\/uploads\/2019\/02\/1-Juventud.jpg 850w, https:\/\/inces.gob.ve\/wp-content\/uploads\/2019\/02\/1-Juventud-300x200.jpg 300w, https:\/\/inces.gob.ve\/wp-content\/uploads\/2019\/02\/1-Juventud-768x512.jpg 768w\" sizes=\"auto, (max-width: 850px) 100vw, 850px\" \/> <\/span><\/p>\n<p class=\"western\" style=\"text-align: justify;\" align=\"justify\"><span style=\"font-size: medium; font-family: arial,helvetica,sans-serif;\">El joven Eduardo Salazar responsable nacional de Juventud Productiva Inces y tutor nacional del Movimiento de Aprendices manifest\u00f3 que la juventud productiva se encuentra en las calles d\u00e1ndole un respaldo al presidente constitucional Nicol\u00e1s Maduro en momentos cuando la paz de la naci\u00f3n se encuentra amenazada, apelando para ello a un art\u00edculo de la Constituci\u00f3n que dice que \u201cla soberan\u00eda reside intransferiblemente en el pueblo\u201d. <\/span><\/p>\n<p class=\"western\" style=\"text-align: justify;\" align=\"justify\"><span style=\"font-family: arial,helvetica,sans-serif;\"><img loading=\"lazy\" decoding=\"async\" class=\"aligncenter wp-image-24578 size-full\" src=\"http:\/\/www.inces.gob.ve\/wp-content\/uploads\/2019\/02\/7Juventud-del-Inces-march\u00f3.jpg\" alt=\"\" width=\"850\" height=\"567\" srcset=\"https:\/\/inces.gob.ve\/wp-content\/uploads\/2019\/02\/7Juventud-del-Inces-march\u00f3.jpg 850w, https:\/\/inces.gob.ve\/wp-content\/uploads\/2019\/02\/7Juventud-del-Inces-march\u00f3-300x200.jpg 300w, https:\/\/inces.gob.ve\/wp-content\/uploads\/2019\/02\/7Juventud-del-Inces-march\u00f3-768x512.jpg 768w\" sizes=\"auto, (max-width: 850px) 100vw, 850px\" \/><\/span><\/p>\n<p class=\"western\" style=\"text-align: justify;\" align=\"justify\"><span style=\"font-family: arial,helvetica,sans-serif;\">\u201c<span style=\"font-size: medium;\">Esta juventud productiva est\u00e1 form\u00e1ndose t\u00e9cnicamente para la producci\u00f3n del pa\u00eds y para la recuperaci\u00f3n econ\u00f3mica apoya las iniciativas que en ejercicio de su mandato realiza el presidente Maduro a trav\u00e9s de la Misi\u00f3n Chamba Juvenil; hoy el inces a trav\u00e9s de actividades deportivas, recreativas, culturales y formativas y de atenci\u00f3n social directa de los aprendices est\u00e1 consolidando todos los mecanismos necesarios para atender a toda la poblaci\u00f3n juvenil del Inces, con formaci\u00f3n t\u00e9cnica y con producci\u00f3n lograremos consolidar la paz para el objetivo mayor de afianzar la Venezuela potencia\u201d, expres\u00f3 Salazar.<\/span><\/span><\/p>\n<p class=\"western\" style=\"text-align: justify;\" align=\"justify\"><span style=\"font-family: arial,helvetica,sans-serif;\"><span style=\"font-size: medium;\"><img loading=\"lazy\" decoding=\"async\" class=\"aligncenter wp-image-24580 size-full\" src=\"http:\/\/www.inces.gob.ve\/wp-content\/uploads\/2019\/02\/3Juventud-del-Inces-march\u00f3.jpg\" alt=\"\" width=\"850\" height=\"567\" srcset=\"https:\/\/inces.gob.ve\/wp-content\/uploads\/2019\/02\/3Juventud-del-Inces-march\u00f3.jpg 850w, https:\/\/inces.gob.ve\/wp-content\/uploads\/2019\/02\/3Juventud-del-Inces-march\u00f3-300x200.jpg 300w, https:\/\/inces.gob.ve\/wp-content\/uploads\/2019\/02\/3Juventud-del-Inces-march\u00f3-768x512.jpg 768w\" sizes=\"auto, (max-width: 850px) 100vw, 850px\" \/><\/span><\/span><\/p>\n<p align=\"justify\"><span style=\"font-family: arial,helvetica,sans-serif;\">Por su parte Gustavo Rojas, responsable juvenil de la Juventud Productiva Inces de Distrito Capital dijo que esta no es una coyuntura marcada entre opositores y chavistas, pues hoy se trata de defender a la patria de las amenazas y de las intervenciones extranjeras, \u201cdeseosas y desesperadas por controlar las riquezas naturales de nuestro pa\u00eds; por ello la juventud del Inces est\u00e1 ejerciendo soberan\u00eda en las calles exigiendo respeto por la autodeterminaci\u00f3n de los pueblos como principio consagrado en la Carta de las Naciones Unidas\u201d. <img loading=\"lazy\" decoding=\"async\" class=\"aligncenter wp-image-24579 size-full\" src=\"http:\/\/www.inces.gob.ve\/wp-content\/uploads\/2019\/02\/5Juventud-del-Inces-march\u00f3.jpg\" alt=\"\" width=\"850\" height=\"567\" srcset=\"https:\/\/inces.gob.ve\/wp-content\/uploads\/2019\/02\/5Juventud-del-Inces-march\u00f3.jpg 850w, https:\/\/inces.gob.ve\/wp-content\/uploads\/2019\/02\/5Juventud-del-Inces-march\u00f3-300x200.jpg 300w, https:\/\/inces.gob.ve\/wp-content\/uploads\/2019\/02\/5Juventud-del-Inces-march\u00f3-768x512.jpg 768w\" sizes=\"auto, (max-width: 850px) 100vw, 850px\" \/><\/span><\/p>\n<p align=\"justify\"><span style=\"font-family: arial,helvetica,sans-serif;\">\u201cNuestro mensaje est\u00e1 dirigido a aquellos j\u00f3venes que pol\u00edticamente piensan distinto a nosotros, haci\u00e9ndoles una invitaci\u00f3n para que nos juntemos a debatir y a unir esfuerzos para sacar al pa\u00eds de la coyuntura en que se encuentra, porque necesitamos levantar la producci\u00f3n para generar riqueza y salir definitivamente de este momento de dificultades\u201d, manifest\u00f3 Rojas. <\/span><\/p>\n","protected":false},"excerpt":{"rendered":"<p>** La juventud del Inces acompa\u00f1\u00f3 la marcha conmemorativa del D\u00eda de la Juventud enarbolando las consignas de la paz y del desarrollo productivo en un ambiente de invitaci\u00f3n para que todos los j\u00f3venes del pa\u00eds se incorporen a los programas de formaci\u00f3n y trabajo que ofrece esta instituci\u00f3n creada por el maestro socialista Luis [&hellip;]<\/p>\n","protected":false},"author":15,"featured_media":24581,"comment_status":"closed","ping_status":"closed","sticky":false,"template":"","format":"standard","meta":{"footnotes":""},"categories":[2],"tags":[],"class_list":["post-24577","post","type-post","status-publish","format-standard","has-post-thumbnail","hentry","category-blog"],"_links":{"self":[{"href":"https:\/\/inces.gob.ve\/index.php\/wp-json\/wp\/v2\/posts\/24577","targetHints":{"allow":["GET"]}}],"collection":[{"href":"https:\/\/inces.gob.ve\/index.php\/wp-json\/wp\/v2\/posts"}],"about":[{"href":"https:\/\/inces.gob.ve\/index.php\/wp-json\/wp\/v2\/types\/post"}],"author":[{"embeddable":true,"href":"https:\/\/inces.gob.ve\/index.php\/wp-json\/wp\/v2\/users\/15"}],"replies":[{"embeddable":true,"href":"https:\/\/inces.gob.ve\/index.php\/wp-json\/wp\/v2\/comments?post=24577"}],"version-history":[{"count":9,"href":"https:\/\/inces.gob.ve\/index.php\/wp-json\/wp\/v2\/posts\/24577\/revisions"}],"predecessor-version":[{"id":55789,"href":"https:\/\/inces.gob.ve\/index.php\/wp-json\/wp\/v2\/posts\/24577\/revisions\/55789"}],"wp:featuredmedia":[{"embeddable":true,"href":"https:\/\/inces.gob.ve\/index.php\/wp-json\/wp\/v2\/media\/24581"}],"wp:attachment":[{"href":"https:\/\/inces.gob.ve\/index.php\/wp-json\/wp\/v2\/media?parent=24577"}],"wp:term":[{"taxonomy":"category","embeddable":true,"href":"https:\/\/inces.gob.ve\/index.php\/wp-json\/wp\/v2\/categories?post=24577"},{"taxonomy":"post_tag","embeddable":true,"href":"https:\/\/inces.gob.ve\/index.php\/wp-json\/wp\/v2\/tags?post=24577"}],"curies":[{"name":"wp","href":"https:\/\/api.w.org\/{rel}","templated":true}]}}