{"id":24622,"date":"2019-02-13T12:37:28","date_gmt":"2019-02-13T18:37:28","guid":{"rendered":"http:\/\/www.inces.gob.ve\/?p=24622"},"modified":"2020-05-28T20:29:35","modified_gmt":"2020-05-29T00:29:35","slug":"dia-de-la-juventud-patriota-productiva-y-antiimperialista","status":"publish","type":"post","link":"https:\/\/inces.gob.ve\/index.php\/2019\/02\/13\/dia-de-la-juventud-patriota-productiva-y-antiimperialista\/","title":{"rendered":"D\u00eda de la juventud patriota, productiva y antiimperialista"},"content":{"rendered":"<p class=\"western\" style=\"text-align: justify;\" align=\"justify\"><span style=\"font-family: arial,helvetica,sans-serif; font-size: medium;\"><b>** Los j\u00f3venes de la patria estamparon sus firmas en apoyo a la paz y a la soberan\u00eda y en contra de la injerencia del gobierno norteamericano<\/b><\/span><\/p>\n<p class=\"western\" style=\"text-align: justify;\" align=\"justify\"><span style=\"font-family: arial,helvetica,sans-serif;\"><!--more--><\/span><\/p>\n<p class=\"western\" style=\"text-align: justify;\" align=\"justify\"><span style=\"font-family: arial,helvetica,sans-serif; font-size: medium;\"><b>ZUVALQUI DUARTE | Vargas<\/b><\/span><\/p>\n<p class=\"western\" style=\"text-align: justify;\" align=\"justify\"><span style=\"font-family: arial,helvetica,sans-serif; font-size: medium;\">La juventud patriota y revolucionaria del estado Vargas se concentr\u00f3 en la plaza Los Calamares de la parroquia Carlos Soublette, con el fin de conmemorar el evento hist\u00f3rico decretado por la Asamblea Constituyente, el 12 de febrero de 1947, en honor a los valiosos j\u00f3venes que dieron su vida por la independencia del pa\u00eds.<\/span><\/p>\n<p class=\"western\" style=\"text-align: justify;\" align=\"justify\"><span style=\"font-family: arial,helvetica,sans-serif; font-size: medium;\">La concentraci\u00f3n cont\u00f3 con la presencia de altas autoridades del estado as\u00ed como una amplia representaci\u00f3n de milicianos, misioneros, trabajadores, consejos comunales, movimientos sociales, aprendices Inces, emprendedores y comuneros.<\/span><\/p>\n<p class=\"western\" style=\"text-align: justify;\" align=\"justify\"><span style=\"font-family: arial,helvetica,sans-serif; font-size: medium;\"><img loading=\"lazy\" decoding=\"async\" class=\"aligncenter wp-image-24623 size-full\" src=\"http:\/\/www.inces.gob.ve\/wp-content\/uploads\/2019\/02\/6D\u00eda-de-la-juventud-patriota.jpg\" alt=\"\" width=\"850\" height=\"637\" srcset=\"https:\/\/inces.gob.ve\/wp-content\/uploads\/2019\/02\/6D\u00eda-de-la-juventud-patriota.jpg 850w, https:\/\/inces.gob.ve\/wp-content\/uploads\/2019\/02\/6D\u00eda-de-la-juventud-patriota-300x225.jpg 300w, https:\/\/inces.gob.ve\/wp-content\/uploads\/2019\/02\/6D\u00eda-de-la-juventud-patriota-768x576.jpg 768w, https:\/\/inces.gob.ve\/wp-content\/uploads\/2019\/02\/6D\u00eda-de-la-juventud-patriota-136x102.jpg 136w\" sizes=\"auto, (max-width: 850px) 100vw, 850px\" \/><\/span><\/p>\n<p class=\"western\" style=\"text-align: justify;\" align=\"justify\"><span style=\"font-family: arial,helvetica,sans-serif; font-size: medium;\">Jes\u00fas Oramas, jefe del centro de formaci\u00f3n socialista \u201cUrimare\u201d y coordinador regional de la Juventud Productiva, fue el encargado de la convocatoria de los aprendices, chambistas, trabajadores y trabajadoras del Inces Vargas y coment\u00f3 la grata experiencia de formar parte de la generaci\u00f3n de oro de la revoluci\u00f3n y estar rodeado de j\u00f3venes comprometidos que cumplen con su trabajo d\u00eda a d\u00eda para sacar adelante al pa\u00eds.<\/span><\/p>\n<p class=\"western\" style=\"text-align: justify;\" align=\"justify\"><span style=\"font-family: arial,helvetica,sans-serif;\"><img loading=\"lazy\" decoding=\"async\" class=\"aligncenter wp-image-24626 size-full\" src=\"http:\/\/www.inces.gob.ve\/wp-content\/uploads\/2019\/02\/1D\u00eda-de-la-juventud-patriota.jpg\" alt=\"\" width=\"850\" height=\"638\" srcset=\"https:\/\/inces.gob.ve\/wp-content\/uploads\/2019\/02\/1D\u00eda-de-la-juventud-patriota.jpg 850w, https:\/\/inces.gob.ve\/wp-content\/uploads\/2019\/02\/1D\u00eda-de-la-juventud-patriota-300x225.jpg 300w, https:\/\/inces.gob.ve\/wp-content\/uploads\/2019\/02\/1D\u00eda-de-la-juventud-patriota-768x576.jpg 768w, https:\/\/inces.gob.ve\/wp-content\/uploads\/2019\/02\/1D\u00eda-de-la-juventud-patriota-136x102.jpg 136w\" sizes=\"auto, (max-width: 850px) 100vw, 850px\" \/><\/span><\/p>\n<p class=\"western\" style=\"text-align: justify;\" align=\"justify\"><span style=\"font-family: arial,helvetica,sans-serif;\">\u201c<span style=\"font-size: medium;\">Los j\u00f3venes queremos vivir en paz, pero no la paz condicionada por una potencia extranjera, sino una paz como la contempla la Constituci\u00f3n de la Rep\u00fablica Bolivariana de Venezuela\u201d, a\u00f1adi\u00f3 Oramas.<\/span><\/span><\/p>\n<p class=\"western\" style=\"text-align: justify;\" align=\"justify\"><span style=\"font-family: arial,helvetica,sans-serif;\"><img loading=\"lazy\" decoding=\"async\" class=\"aligncenter wp-image-24625 size-full\" src=\"http:\/\/www.inces.gob.ve\/wp-content\/uploads\/2019\/02\/3D\u00eda-de-la-juventud-patriota.jpg\" alt=\"\" width=\"850\" height=\"638\" srcset=\"https:\/\/inces.gob.ve\/wp-content\/uploads\/2019\/02\/3D\u00eda-de-la-juventud-patriota.jpg 850w, https:\/\/inces.gob.ve\/wp-content\/uploads\/2019\/02\/3D\u00eda-de-la-juventud-patriota-300x225.jpg 300w, https:\/\/inces.gob.ve\/wp-content\/uploads\/2019\/02\/3D\u00eda-de-la-juventud-patriota-768x576.jpg 768w, https:\/\/inces.gob.ve\/wp-content\/uploads\/2019\/02\/3D\u00eda-de-la-juventud-patriota-136x102.jpg 136w\" sizes=\"auto, (max-width: 850px) 100vw, 850px\" \/><\/span><\/p>\n<p class=\"western\" style=\"text-align: justify;\" align=\"justify\"><span style=\"font-family: arial,helvetica,sans-serif; font-size: medium;\">La fuerza invencible de Jos\u00e9 F\u00e9lix Ribas vive en cada uno de los j\u00f3venes venezolanos que se suman al trabajo productivo y liberador, por ello, desde esta valiosa instituci\u00f3n se conmemora esta fecha independentista.<\/span><\/p>\n<p class=\"western\" style=\"text-align: justify;\" align=\"justify\"><span style=\"font-family: arial,helvetica,sans-serif; font-size: medium;\">LT.<\/span><\/p>\n","protected":false},"excerpt":{"rendered":"<p>** Los j\u00f3venes de la patria estamparon sus firmas en apoyo a la paz y a la soberan\u00eda y en contra de la injerencia del gobierno norteamericano<\/p>\n","protected":false},"author":15,"featured_media":24624,"comment_status":"closed","ping_status":"closed","sticky":false,"template":"","format":"standard","meta":{"footnotes":""},"categories":[2],"tags":[],"class_list":["post-24622","post","type-post","status-publish","format-standard","has-post-thumbnail","hentry","category-blog"],"_links":{"self":[{"href":"https:\/\/inces.gob.ve\/index.php\/wp-json\/wp\/v2\/posts\/24622","targetHints":{"allow":["GET"]}}],"collection":[{"href":"https:\/\/inces.gob.ve\/index.php\/wp-json\/wp\/v2\/posts"}],"about":[{"href":"https:\/\/inces.gob.ve\/index.php\/wp-json\/wp\/v2\/types\/post"}],"author":[{"embeddable":true,"href":"https:\/\/inces.gob.ve\/index.php\/wp-json\/wp\/v2\/users\/15"}],"replies":[{"embeddable":true,"href":"https:\/\/inces.gob.ve\/index.php\/wp-json\/wp\/v2\/comments?post=24622"}],"version-history":[{"count":3,"href":"https:\/\/inces.gob.ve\/index.php\/wp-json\/wp\/v2\/posts\/24622\/revisions"}],"predecessor-version":[{"id":24629,"href":"https:\/\/inces.gob.ve\/index.php\/wp-json\/wp\/v2\/posts\/24622\/revisions\/24629"}],"wp:featuredmedia":[{"embeddable":true,"href":"https:\/\/inces.gob.ve\/index.php\/wp-json\/wp\/v2\/media\/24624"}],"wp:attachment":[{"href":"https:\/\/inces.gob.ve\/index.php\/wp-json\/wp\/v2\/media?parent=24622"}],"wp:term":[{"taxonomy":"category","embeddable":true,"href":"https:\/\/inces.gob.ve\/index.php\/wp-json\/wp\/v2\/categories?post=24622"},{"taxonomy":"post_tag","embeddable":true,"href":"https:\/\/inces.gob.ve\/index.php\/wp-json\/wp\/v2\/tags?post=24622"}],"curies":[{"name":"wp","href":"https:\/\/api.w.org\/{rel}","templated":true}]}}