{"id":24635,"date":"2019-02-13T14:19:11","date_gmt":"2019-02-13T20:19:11","guid":{"rendered":"http:\/\/www.inces.gob.ve\/?p=24635"},"modified":"2020-05-28T20:29:35","modified_gmt":"2020-05-29T00:29:35","slug":"el-inces-bolivar-impulsa-saberes-productivos-hacia-las-mujeres","status":"publish","type":"post","link":"https:\/\/inces.gob.ve\/index.php\/2019\/02\/13\/el-inces-bolivar-impulsa-saberes-productivos-hacia-las-mujeres\/","title":{"rendered":"El Inces Bol\u00edvar impulsa saberes productivos hacia las mujeres"},"content":{"rendered":"<p class=\"western\" align=\"justify\"><span style=\"font-family: arial,helvetica,sans-serif; font-size: medium;\"><i><b>**M\u00e1s de 200 promotoras del Plan Nacional Parto Humanizado fueron certificadas y acreditadas por el Inces Bol\u00edvar<\/b><\/i><\/span><\/p>\n<p class=\"western\" align=\"justify\"><span style=\"font-family: arial,helvetica,sans-serif;\"><!--more--><\/span><\/p>\n<p class=\"western\" align=\"justify\"><span style=\"font-family: arial,helvetica,sans-serif; font-size: medium;\"><b>JOS\u00c9 SU\u00c1REZ | Bol\u00edvar <\/b><\/span><\/p>\n<p class=\"western\" align=\"justify\"><span style=\"font-family: arial,helvetica,sans-serif; font-size: medium;\">En el marco del Gobierno Popular de Eficiencia en la Calle, el Inces Bol\u00edvar certific\u00f3 a 216 Promotoras del Plan Nacional Parto Humanizado en puerto Ordaz, estado Bol\u00edvar. <\/span><\/p>\n<p class=\"western\" align=\"justify\"><span style=\"font-family: arial,helvetica,sans-serif; font-size: medium;\">La actividad cont\u00f3 con la visita de la ministra del Poder Popular para la Mujer y la Igualdad de G\u00e9nero (MinMujer), Caryl Bertho, en la sede de la Fundaci\u00f3n Armon\u00eda, en compa\u00f1\u00eda de la comisionada de Cooperaci\u00f3n Institucional y Mujeres Productivas del Inces Bol\u00edvar, Nidia Herrera, as\u00ed como tambi\u00e9n Celeste Monteiro, directora regional del MinMujer.<\/span><\/p>\n<p class=\"western\" align=\"justify\"><span style=\"font-family: arial,helvetica,sans-serif; font-size: medium;\">La Fundaci\u00f3n Armon\u00eda estuvo colmada de alegr\u00edas y aplausos por parte de las mujeres revolucionarias del Plan Nacional Parto Humanizado y la asistencia de diversos movimientos sociales. <\/span><\/p>\n<p class=\"western\" align=\"justify\"><span style=\"font-family: arial,helvetica,sans-serif; font-size: medium;\"><img loading=\"lazy\" decoding=\"async\" class=\"aligncenter wp-image-24638 size-full\" src=\"http:\/\/www.inces.gob.ve\/wp-content\/uploads\/2019\/02\/1saberes-productivos.jpg\" alt=\"\" width=\"850\" height=\"638\" srcset=\"https:\/\/inces.gob.ve\/wp-content\/uploads\/2019\/02\/1saberes-productivos.jpg 850w, https:\/\/inces.gob.ve\/wp-content\/uploads\/2019\/02\/1saberes-productivos-300x225.jpg 300w, https:\/\/inces.gob.ve\/wp-content\/uploads\/2019\/02\/1saberes-productivos-768x576.jpg 768w, https:\/\/inces.gob.ve\/wp-content\/uploads\/2019\/02\/1saberes-productivos-136x102.jpg 136w\" sizes=\"auto, (max-width: 850px) 100vw, 850px\" \/><\/span><\/p>\n<p class=\"western\" align=\"justify\"><span style=\"font-family: arial,helvetica,sans-serif; font-size: medium;\">Cabe destacar que fueron acreditadas 21 f\u00e9minas en sus saberes emp\u00edricos, donde presentaron sus productos en el \u00e1rea de Panader\u00eda, Pasteler\u00eda, Dulcer\u00eda Criolla y Textil. De esta misma forma, ratificaron su respaldo al presidente Nicol\u00e1s Maduro. \u201cEstamos <i>resteadas <\/i>con Maduro\u201d expresaron las mujeres emprendedoras. <\/span><\/p>\n<p class=\"western\" align=\"justify\"><span style=\"font-family: arial,helvetica,sans-serif; font-size: medium;\">Por otra parte, Bertho enfatiz\u00f3 que el programa que est\u00e1 ejecutando el Inces, en cuanto a la certificaci\u00f3n de saberes emp\u00edricos, fortalece a las mujeres, porque de esta manera se identifican leg\u00edtimamente en sus oficios productivos, brindando alternativas en los motores productivos del pa\u00eds.<\/span><\/p>\n<p class=\"western\" align=\"justify\"><span style=\"font-family: arial,helvetica,sans-serif;\"><img loading=\"lazy\" decoding=\"async\" class=\"aligncenter wp-image-24636 size-full\" src=\"http:\/\/www.inces.gob.ve\/wp-content\/uploads\/2019\/02\/5saberes-productivos.jpg\" alt=\"\" width=\"850\" height=\"533\" srcset=\"https:\/\/inces.gob.ve\/wp-content\/uploads\/2019\/02\/5saberes-productivos.jpg 850w, https:\/\/inces.gob.ve\/wp-content\/uploads\/2019\/02\/5saberes-productivos-300x188.jpg 300w, https:\/\/inces.gob.ve\/wp-content\/uploads\/2019\/02\/5saberes-productivos-768x482.jpg 768w\" sizes=\"auto, (max-width: 850px) 100vw, 850px\" \/><\/span><\/p>\n<p class=\"western\" align=\"justify\"><span style=\"font-family: arial,helvetica,sans-serif; font-size: medium;\">Tambi\u00e9n detall\u00f3 que con las certificaciones de promotoras del Plan Nacional Parto Humanizado que se est\u00e1n entregando en todo el pa\u00eds, se busca promover las herramientas necesarias para construir los c\u00edrculos de apoyo a mujeres gestantes, para crear conciencia sobre la lactancia materna y proteger la salud del infante. Adem\u00e1s, \u201cnuestra meta para este a\u00f1o es incorporar a 20.000 nuevas promotoras comunales de parto humanizado, para llegar as\u00ed a las 30.000\u201d, apunt\u00f3.<\/span><\/p>\n<p class=\"western\" align=\"justify\"><span style=\"font-family: arial,helvetica,sans-serif;\">\u201c<span style=\"font-size: medium;\">Hoy tenemos mujeres que laboran en la construcci\u00f3n de viviendas, ellas tienen un gran potencialidad para emprendimiento, debemos apoyarlas e impulsar alg\u00fan mas, para seguir incorporando mas luchadoras a la producci\u00f3n del pa\u00eds\u201d. Finaliz\u00f3 Bertho<\/span><\/span><\/p>\n<p class=\"western\" align=\"justify\"><span style=\"font-family: arial,helvetica,sans-serif;\">LT.<\/span><\/p>\n","protected":false},"excerpt":{"rendered":"<p>**M\u00e1s de 200 promotoras del Plan Nacional Parto Humanizado fueron certificadas y acreditadas por el Inces Bol\u00edvar<\/p>\n","protected":false},"author":15,"featured_media":24637,"comment_status":"closed","ping_status":"closed","sticky":false,"template":"","format":"standard","meta":{"footnotes":""},"categories":[2],"tags":[],"class_list":["post-24635","post","type-post","status-publish","format-standard","has-post-thumbnail","hentry","category-blog"],"_links":{"self":[{"href":"https:\/\/inces.gob.ve\/index.php\/wp-json\/wp\/v2\/posts\/24635","targetHints":{"allow":["GET"]}}],"collection":[{"href":"https:\/\/inces.gob.ve\/index.php\/wp-json\/wp\/v2\/posts"}],"about":[{"href":"https:\/\/inces.gob.ve\/index.php\/wp-json\/wp\/v2\/types\/post"}],"author":[{"embeddable":true,"href":"https:\/\/inces.gob.ve\/index.php\/wp-json\/wp\/v2\/users\/15"}],"replies":[{"embeddable":true,"href":"https:\/\/inces.gob.ve\/index.php\/wp-json\/wp\/v2\/comments?post=24635"}],"version-history":[{"count":3,"href":"https:\/\/inces.gob.ve\/index.php\/wp-json\/wp\/v2\/posts\/24635\/revisions"}],"predecessor-version":[{"id":24641,"href":"https:\/\/inces.gob.ve\/index.php\/wp-json\/wp\/v2\/posts\/24635\/revisions\/24641"}],"wp:featuredmedia":[{"embeddable":true,"href":"https:\/\/inces.gob.ve\/index.php\/wp-json\/wp\/v2\/media\/24637"}],"wp:attachment":[{"href":"https:\/\/inces.gob.ve\/index.php\/wp-json\/wp\/v2\/media?parent=24635"}],"wp:term":[{"taxonomy":"category","embeddable":true,"href":"https:\/\/inces.gob.ve\/index.php\/wp-json\/wp\/v2\/categories?post=24635"},{"taxonomy":"post_tag","embeddable":true,"href":"https:\/\/inces.gob.ve\/index.php\/wp-json\/wp\/v2\/tags?post=24635"}],"curies":[{"name":"wp","href":"https:\/\/api.w.org\/{rel}","templated":true}]}}