{"id":24647,"date":"2019-02-14T11:38:00","date_gmt":"2019-02-14T17:38:00","guid":{"rendered":"http:\/\/www.inces.gob.ve\/?p=24647"},"modified":"2020-05-28T20:29:35","modified_gmt":"2020-05-29T00:29:35","slug":"inces-carabobo-se-identifica-con-la-juventud-venezolana","status":"publish","type":"post","link":"https:\/\/inces.gob.ve\/index.php\/2019\/02\/14\/inces-carabobo-se-identifica-con-la-juventud-venezolana\/","title":{"rendered":"Inces Carabobo se identifica con la juventud venezolana"},"content":{"rendered":"<p align=\"justify\"><span style=\"font-family: Arial,sans-serif;\"><b>**<\/b><\/span><i><b> <\/b><\/i><span style=\"font-family: Arial,sans-serif;\"><span style=\"font-size: medium;\"><i><b>Cada 12 de febrero se <\/b><\/i><\/span><\/span><em><span style=\"font-family: Arial,sans-serif;\"><span style=\"font-size: medium;\"><b>conmemora <\/b><\/span><\/span><\/em><span style=\"font-family: Arial,sans-serif;\"><span style=\"font-size: medium;\"><i><b>en Venezuela el D\u00eda de la Juventud<\/b><\/i><\/span><\/span><\/p>\n<p align=\"justify\"><!--more--><\/p>\n<p align=\"justify\"><span style=\"font-family: Arial,sans-serif;\"><b>SANDRA AGUILAR | Inces Carabobo <\/b><\/span><\/p>\n<p align=\"justify\"><span style=\"font-family: Arial,sans-serif;\">El Inces del estado Carabobo ratifica una vez m\u00e1s la unificaci\u00f3n de la juventud de Chamba Juvenil, Brigadas y Participantes. <\/span><\/p>\n<p align=\"justify\"><span style=\"font-family: Arial,sans-serif;\">En los diferentes centros de formaci\u00f3n socialista (CFS) se celebr\u00f3 el D\u00eda de la Juventud con actos c\u00edvicos y diferentes actividades de intercambios de saberes y lecturas relativas a la fecha.<\/span><\/p>\n<p align=\"justify\"><img loading=\"lazy\" decoding=\"async\" class=\"aligncenter wp-image-24650 size-full\" src=\"http:\/\/www.inces.gob.ve\/wp-content\/uploads\/2019\/02\/3juventud-venezolana.jpeg\" alt=\"\" width=\"850\" height=\"637\" srcset=\"https:\/\/inces.gob.ve\/wp-content\/uploads\/2019\/02\/3juventud-venezolana.jpeg 850w, https:\/\/inces.gob.ve\/wp-content\/uploads\/2019\/02\/3juventud-venezolana-300x225.jpeg 300w, https:\/\/inces.gob.ve\/wp-content\/uploads\/2019\/02\/3juventud-venezolana-768x576.jpeg 768w, https:\/\/inces.gob.ve\/wp-content\/uploads\/2019\/02\/3juventud-venezolana-136x102.jpeg 136w\" sizes=\"auto, (max-width: 850px) 100vw, 850px\" \/><\/p>\n<p align=\"justify\"><span style=\"font-family: Arial,sans-serif;\">Guy\u00e9n Soto, gerente regional de Carabobo, expres\u00f3: \u201cLa Venezuela actual, en medio del conflicto y m\u00e1s all\u00e1 de las posiciones pol\u00edticas particulares, necesita de la juventud para construir un mejor futuro, donde no exista divisi\u00f3n y el bienestar sea una meta com\u00fan. Para llegar a ese punto, hace falta superar obst\u00e1culos y que los j\u00f3venes venezolanos generen alianzas con sus pares en otros pa\u00edses de Am\u00e9rica Latina, como una manera de promover emprendimientos que contribuyan a solventar las deficiencias que forman parte de la crisis venezolana\u201d.<\/span><\/p>\n<p align=\"justify\"><span style=\"font-family: Arial,sans-serif;\">As\u00ed mismo, es importante sembrar inter\u00e9s en los j\u00f3venes acerca de los espacios pol\u00edticos y educativos con los cuales cuentan como venezolanos, y en ese sentido, la mejor garant\u00eda que ofrece el Inces es el brindar conocimientos y que los participantes sean socioproductivos, lo que significa una oportunidad irrepetible para contribuir con el futuro de un pa\u00eds que tiene mucho potencial. <\/span><\/p>\n<p align=\"justify\"><span style=\"font-family: Arial,sans-serif;\">La juventud venezolana revolucionaria seguir\u00e1 fortaleciendo las medidas emprendedoras para que los muchachos y muchachas de las nuevas generaciones aporten trabajo y soluciones en una econom\u00eda productiva que permita recuperar la estabilidad econ\u00f3mica nacional.<\/span><\/p>\n<p align=\"justify\"><span style=\"font-family: Arial,sans-serif;\"><img loading=\"lazy\" decoding=\"async\" class=\"aligncenter wp-image-24649 size-full\" src=\"http:\/\/www.inces.gob.ve\/wp-content\/uploads\/2019\/02\/4juventud-venezolana-1.jpeg\" alt=\"\" width=\"850\" height=\"638\" srcset=\"https:\/\/inces.gob.ve\/wp-content\/uploads\/2019\/02\/4juventud-venezolana-1.jpeg 850w, https:\/\/inces.gob.ve\/wp-content\/uploads\/2019\/02\/4juventud-venezolana-1-300x225.jpeg 300w, https:\/\/inces.gob.ve\/wp-content\/uploads\/2019\/02\/4juventud-venezolana-1-768x576.jpeg 768w, https:\/\/inces.gob.ve\/wp-content\/uploads\/2019\/02\/4juventud-venezolana-1-136x102.jpeg 136w\" sizes=\"auto, (max-width: 850px) 100vw, 850px\" \/><\/span><\/p>\n<p align=\"justify\"><span style=\"font-family: Arial,sans-serif;\">Testimonios<\/span><\/p>\n<p align=\"justify\"><span style=\"font-family: Arial,sans-serif;\">En las intervenciones, Josibeth Yepez, joven participante de 17 a\u00f1os de edad, acot\u00f3 que quiere seguir en Venezuela a pesar de la situaci\u00f3n que atraviesa; por eso, tuvo la iniciativa de ingresar al Inces siendo motivada por la adquisici\u00f3n de conocimientos y as\u00ed convertirse en una persona productiva para hacer su aporte al cambio de la juventud y as\u00ed quedarse en un pa\u00eds que est\u00e1 lleno de oportunidades y donde la educaci\u00f3n es gratuita.<\/span><\/p>\n<p align=\"justify\">LT.<\/p>\n","protected":false},"excerpt":{"rendered":"<p>** Cada 12 de febrero se conmemora en Venezuela el D\u00eda de la Juventud<\/p>\n","protected":false},"author":15,"featured_media":24651,"comment_status":"closed","ping_status":"closed","sticky":false,"template":"","format":"standard","meta":{"footnotes":""},"categories":[2],"tags":[],"class_list":["post-24647","post","type-post","status-publish","format-standard","has-post-thumbnail","hentry","category-blog"],"_links":{"self":[{"href":"https:\/\/inces.gob.ve\/index.php\/wp-json\/wp\/v2\/posts\/24647","targetHints":{"allow":["GET"]}}],"collection":[{"href":"https:\/\/inces.gob.ve\/index.php\/wp-json\/wp\/v2\/posts"}],"about":[{"href":"https:\/\/inces.gob.ve\/index.php\/wp-json\/wp\/v2\/types\/post"}],"author":[{"embeddable":true,"href":"https:\/\/inces.gob.ve\/index.php\/wp-json\/wp\/v2\/users\/15"}],"replies":[{"embeddable":true,"href":"https:\/\/inces.gob.ve\/index.php\/wp-json\/wp\/v2\/comments?post=24647"}],"version-history":[{"count":2,"href":"https:\/\/inces.gob.ve\/index.php\/wp-json\/wp\/v2\/posts\/24647\/revisions"}],"predecessor-version":[{"id":24653,"href":"https:\/\/inces.gob.ve\/index.php\/wp-json\/wp\/v2\/posts\/24647\/revisions\/24653"}],"wp:featuredmedia":[{"embeddable":true,"href":"https:\/\/inces.gob.ve\/index.php\/wp-json\/wp\/v2\/media\/24651"}],"wp:attachment":[{"href":"https:\/\/inces.gob.ve\/index.php\/wp-json\/wp\/v2\/media?parent=24647"}],"wp:term":[{"taxonomy":"category","embeddable":true,"href":"https:\/\/inces.gob.ve\/index.php\/wp-json\/wp\/v2\/categories?post=24647"},{"taxonomy":"post_tag","embeddable":true,"href":"https:\/\/inces.gob.ve\/index.php\/wp-json\/wp\/v2\/tags?post=24647"}],"curies":[{"name":"wp","href":"https:\/\/api.w.org\/{rel}","templated":true}]}}