{"id":24684,"date":"2019-02-14T14:30:06","date_gmt":"2019-02-14T20:30:06","guid":{"rendered":"http:\/\/www.inces.gob.ve\/?p=24684"},"modified":"2020-05-28T20:34:45","modified_gmt":"2020-05-29T00:34:45","slug":"venezuela-productiva-es-impulsada-desde-el-inces","status":"publish","type":"post","link":"https:\/\/inces.gob.ve\/index.php\/2019\/02\/14\/venezuela-productiva-es-impulsada-desde-el-inces\/","title":{"rendered":"Venezuela productiva es impulsada desde el Inces"},"content":{"rendered":"<p class=\"western\" align=\"justify\"><span style=\"font-family: Arial,sans-serif;\">**<i><b>Desde las instituciones educativas del estado, se potencian las actividades que reactivan el aparato productivo nacional <\/b><\/i><\/span><\/p>\n<p class=\"western\" align=\"justify\">\n<!--more--><\/p>\n<p class=\"western\" align=\"justify\"><span style=\"font-family: Arial,sans-serif;\"><b>CRUZ MARIO SILVA | Portuguesa<\/b><\/span><\/p>\n<p class=\"western\" align=\"justify\">\n<p class=\"western\" align=\"justify\"><span style=\"font-family: Arial,sans-serif;\">Con un despliegue de los bienes que se producen en funci\u00f3n de curso, la plazoleta Luis Beltr\u00e1n Prieto Figueroa del Inces, en el estado Portuguesa, fue escenario para la primera gran expoferia productiva Inces 2019.<\/span><\/p>\n<p class=\"western\" align=\"justify\">\n<p class=\"western\" align=\"justify\"><span style=\"font-family: Arial,sans-serif;\">El p\u00fablico disfrut\u00f3 de m\u00e1s de 10 stand que mostraban la variedad de tortas, pasapalos y reposter\u00eda que elaboran los participantes del curso Panader\u00eda Artesanal, del Programa Turismo, as\u00ed como de muebles, mesas, sillas y productos confeccionados en madera a cargo del centro de formaci\u00f3n socialista Industria.<\/span><\/p>\n<p><img loading=\"lazy\" decoding=\"async\" class=\"wp-image-24687 size-full\" src=\"http:\/\/www.inces.gob.ve\/wp-content\/uploads\/2019\/02\/1Venezuela-productiva-.jpg\" alt=\"\" width=\"850\" height=\"638\" srcset=\"https:\/\/inces.gob.ve\/wp-content\/uploads\/2019\/02\/1Venezuela-productiva-.jpg 850w, https:\/\/inces.gob.ve\/wp-content\/uploads\/2019\/02\/1Venezuela-productiva--300x225.jpg 300w, https:\/\/inces.gob.ve\/wp-content\/uploads\/2019\/02\/1Venezuela-productiva--768x576.jpg 768w, https:\/\/inces.gob.ve\/wp-content\/uploads\/2019\/02\/1Venezuela-productiva--136x102.jpg 136w\" sizes=\"auto, (max-width: 850px) 100vw, 850px\" \/><\/p>\n<p class=\"western\" align=\"justify\"><span style=\"font-family: Arial,sans-serif;\">La gerente regional, Aracelis Bello, agradeci\u00f3 a los asistentes y de manera especial a los maestros t\u00e9cnicos productivos y a los muchachos del Plan Chamba Juvenil, quienes se sumaron a esta actividad.<\/span><\/p>\n<p class=\"western\" align=\"justify\">\n<p class=\"western\" align=\"justify\">\u201c<span style=\"font-family: Arial,sans-serif;\">El evento se realiza en el marco de la Venezuela productiva que impulsa el presidente revolucionario Nicol\u00e1s Maduro, a trav\u00e9s del Plan Chamba Juvenil, como ya todos sabemos, as\u00ed como por la necesidad de dar respuesta a las ofertas formativas del a\u00f1o en curso\u201d. <\/span><\/p>\n<p class=\"western\" align=\"justify\"><span style=\"font-family: Arial,sans-serif;\">Entre tanto la maestra t\u00e9cnica productiva (MTP) Glennys Villamizar del programa Turismo, manifest\u00f3 que el curso que dicta: Panader\u00eda y Sabores Criollos brinda a los participantes la oportunidad de hacerse de un oficio productivo y con muchas oportunidades en el plano laboral.<\/span><\/p>\n<p class=\"western\" align=\"justify\">\n<p class=\"western\" align=\"justify\"><span style=\"font-family: Arial,sans-serif;\">En otro sentido, Carmen Josefina Torres, del Plan Chamba Juvenil, dijo que realizar el curso con la \u201cprofesora Glennys le ha abierto las puerta para desarrollar ese gusto por la harina y sus infinitas posibilidades de convertirla en un exquisito trozo de pan\u201d.<\/span><\/p>\n<p class=\"western\" align=\"justify\">\n<p><img loading=\"lazy\" decoding=\"async\" class=\"wp-image-24686 size-full\" src=\"http:\/\/www.inces.gob.ve\/wp-content\/uploads\/2019\/02\/3Venezuela-productiva-.jpg\" alt=\"\" width=\"850\" height=\"638\" srcset=\"https:\/\/inces.gob.ve\/wp-content\/uploads\/2019\/02\/3Venezuela-productiva-.jpg 850w, https:\/\/inces.gob.ve\/wp-content\/uploads\/2019\/02\/3Venezuela-productiva--300x225.jpg 300w, https:\/\/inces.gob.ve\/wp-content\/uploads\/2019\/02\/3Venezuela-productiva--768x576.jpg 768w, https:\/\/inces.gob.ve\/wp-content\/uploads\/2019\/02\/3Venezuela-productiva--136x102.jpg 136w\" sizes=\"auto, (max-width: 850px) 100vw, 850px\" \/><\/p>\n<p class=\"western\" align=\"justify\"><span style=\"font-family: Arial,sans-serif;\">La primera gran expoferia Inces 2019 sirvi\u00f3 tambi\u00e9n para que el MTP: Gerardo Varela, del CFS Industria, mostrar junto a sus participantes lo moldeable que puede ser un \u201cpedazo de madera en un taller de carpinter\u00eda. Ac\u00e1 a los muchachos, subray\u00f3, aprenden a confeccionar y elaborar un mueble de cocina, un mesa de comedor, una c\u00f3moda, hasta un trompo si as\u00ed lo prefieren\u201d. <\/span><\/p>\n<p class=\"western\" align=\"justify\"><span style=\"font-family: Arial,sans-serif;\">En la actividad tambi\u00e9n se mostr\u00f3 lo que se realiza en los Cursos de Corte y Confecci\u00f3n, Peluquer\u00eda, Herrer\u00eda, Electr\u00f3nica B\u00e1sica y Huertos Familiares. <\/span><\/p>\n<p class=\"western\" align=\"justify\">LT.\n<\/p>\n<p class=\"western\" align=\"justify\">\n","protected":false},"excerpt":{"rendered":"<p>**Desde las instituciones educativas del estado, se potencian las actividades que reactivan el aparato productivo nacional<\/p>\n","protected":false},"author":15,"featured_media":24685,"comment_status":"closed","ping_status":"closed","sticky":false,"template":"","format":"standard","meta":{"footnotes":""},"categories":[2],"tags":[],"class_list":["post-24684","post","type-post","status-publish","format-standard","has-post-thumbnail","hentry","category-blog"],"_links":{"self":[{"href":"https:\/\/inces.gob.ve\/index.php\/wp-json\/wp\/v2\/posts\/24684","targetHints":{"allow":["GET"]}}],"collection":[{"href":"https:\/\/inces.gob.ve\/index.php\/wp-json\/wp\/v2\/posts"}],"about":[{"href":"https:\/\/inces.gob.ve\/index.php\/wp-json\/wp\/v2\/types\/post"}],"author":[{"embeddable":true,"href":"https:\/\/inces.gob.ve\/index.php\/wp-json\/wp\/v2\/users\/15"}],"replies":[{"embeddable":true,"href":"https:\/\/inces.gob.ve\/index.php\/wp-json\/wp\/v2\/comments?post=24684"}],"version-history":[{"count":1,"href":"https:\/\/inces.gob.ve\/index.php\/wp-json\/wp\/v2\/posts\/24684\/revisions"}],"predecessor-version":[{"id":24688,"href":"https:\/\/inces.gob.ve\/index.php\/wp-json\/wp\/v2\/posts\/24684\/revisions\/24688"}],"wp:featuredmedia":[{"embeddable":true,"href":"https:\/\/inces.gob.ve\/index.php\/wp-json\/wp\/v2\/media\/24685"}],"wp:attachment":[{"href":"https:\/\/inces.gob.ve\/index.php\/wp-json\/wp\/v2\/media?parent=24684"}],"wp:term":[{"taxonomy":"category","embeddable":true,"href":"https:\/\/inces.gob.ve\/index.php\/wp-json\/wp\/v2\/categories?post=24684"},{"taxonomy":"post_tag","embeddable":true,"href":"https:\/\/inces.gob.ve\/index.php\/wp-json\/wp\/v2\/tags?post=24684"}],"curies":[{"name":"wp","href":"https:\/\/api.w.org\/{rel}","templated":true}]}}