{"id":24700,"date":"2019-02-15T08:26:16","date_gmt":"2019-02-15T14:26:16","guid":{"rendered":"http:\/\/www.inces.gob.ve\/?p=24700"},"modified":"2020-05-28T20:29:35","modified_gmt":"2020-05-29T00:29:35","slug":"inces-carabobo-inicia-proceso-productivo-en-panaderia-en-via-de-cafe-wadaka","status":"publish","type":"post","link":"https:\/\/inces.gob.ve\/index.php\/2019\/02\/15\/inces-carabobo-inicia-proceso-productivo-en-panaderia-en-via-de-cafe-wadaka\/","title":{"rendered":"Inces Carabobo inicia proceso productivo en panader\u00eda en v\u00eda de \u201cCaf\u00e9 Wad\u00e4ka\u201d"},"content":{"rendered":"<p align=\"justify\"><span style=\"font-family: Arial,sans-serif;\"><i><b>** El pasado 6 de febrero se dio inicio a la producci\u00f3n de panes a trav\u00e9s del Programa Turismo<\/b><\/i><\/span><\/p>\n<p align=\"justify\">\n<!--more--><\/p>\n<p align=\"justify\"><span style=\"font-family: Arial,sans-serif;\"><b>SANDRA AGUILAR | Carabobo<\/b><\/span><\/p>\n<p align=\"justify\">\n<p align=\"justify\"><span style=\"font-family: Arial,sans-serif;\">Bajo los conceptos de la gastronom\u00eda con productos alternativos, el Inces realiz\u00f3 el arranque productivo en v\u00eda de consolidaci\u00f3n de un Caf\u00e9 Wad\u00e4ka, t\u00e9rmino pem\u00f3n que significa \u201c\u00e1rbol de todos los frutos\u201d, en los espacios del centro de formaci\u00f3n socialista \u201cSim\u00f3n Rodr\u00edguez\u201d, ubicado en el edificio Inces, avenida Lara, entre campo El\u00edas y Mari\u00f1o del estado Carabobo.<\/span><\/p>\n<p align=\"justify\">\n<p align=\"justify\"><span style=\"font-family: Arial,sans-serif;\">Orlando Amar\u00fa L\u00f3pez, responsable del Programa Turismo, manifest\u00f3 que la Producci\u00f3n est\u00e1 a cargo de las maestras t\u00e9cnicas productivas Meudy Colina y Mireya Campos, con los participantes del curso de Panificaci\u00f3n Dom\u00e9stica, mientras se materializa la conformaci\u00f3n de la Brigada Productiva. Los trabajadores del Inces y los Clap de la parroquia San Blas ser\u00e1n los principales beneficiados. <\/span><\/p>\n<p align=\"justify\"><span style=\"font-family: Arial,sans-serif;\"><img loading=\"lazy\" decoding=\"async\" class=\"aligncenter wp-image-24701 size-full\" src=\"http:\/\/www.inces.gob.ve\/wp-content\/uploads\/2019\/02\/3proceso-productivo-en-panader\u00eda.jpeg\" alt=\"\" width=\"800\" height=\"870\" srcset=\"https:\/\/inces.gob.ve\/wp-content\/uploads\/2019\/02\/3proceso-productivo-en-panader\u00eda.jpeg 800w, https:\/\/inces.gob.ve\/wp-content\/uploads\/2019\/02\/3proceso-productivo-en-panader\u00eda-276x300.jpeg 276w, https:\/\/inces.gob.ve\/wp-content\/uploads\/2019\/02\/3proceso-productivo-en-panader\u00eda-768x835.jpeg 768w, https:\/\/inces.gob.ve\/wp-content\/uploads\/2019\/02\/3proceso-productivo-en-panader\u00eda-706x768.jpeg 706w\" sizes=\"auto, (max-width: 800px) 100vw, 800px\" \/><\/span><\/p>\n<p align=\"justify\">\n<p align=\"justify\"><span style=\"font-family: Arial,sans-serif;\">L\u00f3pez puntualiz\u00f3 que este arranque fue posible gracias a la asignaci\u00f3n del c\u00f3digo SUNAGRO, que permite comprar la harina de trigo a precio regulado. <\/span><\/p>\n<p align=\"justify\">\n<p align=\"justify\"><span style=\"font-family: Arial,sans-serif;\">Con esta visi\u00f3n productiva, los comensales podr\u00e1n saborear bebidas ancestrales y las exquisitas gastronom\u00edas \u201cguaras\u201d, as\u00ed como acemitas, catalinas, panes, conservas, y tortas. <\/span><\/p>\n<p align=\"justify\">\n<p align=\"justify\"><span style=\"font-family: Arial,sans-serif;\">Entusiasta en la aceptaci\u00f3n que tendr\u00e1 el Caf\u00e9 Wad\u00e4ka, el coordinador de la unidad productiva y jefe del CFS, C\u00e9sar Guillermo Pirona, asom\u00f3 que este espacio abrir\u00e1 las puertas a propios y visitantes y de esta manera se dar\u00e1 un salto significativo a la formaci\u00f3n productiva.<\/span><\/p>\n<p align=\"justify\">\n<img loading=\"lazy\" decoding=\"async\" class=\"aligncenter wp-image-24701 size-full\" src=\"http:\/\/www.inces.gob.ve\/wp-content\/uploads\/2019\/02\/3proceso-productivo-en-panader\u00eda.jpeg\" alt=\"\" width=\"800\" height=\"870\" srcset=\"https:\/\/inces.gob.ve\/wp-content\/uploads\/2019\/02\/3proceso-productivo-en-panader\u00eda.jpeg 800w, https:\/\/inces.gob.ve\/wp-content\/uploads\/2019\/02\/3proceso-productivo-en-panader\u00eda-276x300.jpeg 276w, https:\/\/inces.gob.ve\/wp-content\/uploads\/2019\/02\/3proceso-productivo-en-panader\u00eda-768x835.jpeg 768w, https:\/\/inces.gob.ve\/wp-content\/uploads\/2019\/02\/3proceso-productivo-en-panader\u00eda-706x768.jpeg 706w\" sizes=\"auto, (max-width: 800px) 100vw, 800px\" \/><\/p>\n<p align=\"justify\"><span style=\"font-family: Arial,sans-serif;\">Con esta iniciativa, orientada por el presidente del Inces, Wuikelman Angel, no solo se cumple con la consigna del Inces \u201cFormar Produciendo, Producir Formando\u201d, sino que tambi\u00e9n se generar\u00e1n ingresos propios, empleos directos e indirectos y se avanzar\u00e1 hacia la construcci\u00f3n de una econom\u00eda independiente y productiva.<\/span><\/p>\n","protected":false},"excerpt":{"rendered":"<p>** El pasado 6 de febrero se dio inicio a la producci\u00f3n de panes a trav\u00e9s del Programa Turismo<\/p>\n","protected":false},"author":15,"featured_media":24703,"comment_status":"closed","ping_status":"closed","sticky":false,"template":"","format":"standard","meta":{"footnotes":""},"categories":[2],"tags":[],"class_list":["post-24700","post","type-post","status-publish","format-standard","has-post-thumbnail","hentry","category-blog"],"_links":{"self":[{"href":"https:\/\/inces.gob.ve\/index.php\/wp-json\/wp\/v2\/posts\/24700","targetHints":{"allow":["GET"]}}],"collection":[{"href":"https:\/\/inces.gob.ve\/index.php\/wp-json\/wp\/v2\/posts"}],"about":[{"href":"https:\/\/inces.gob.ve\/index.php\/wp-json\/wp\/v2\/types\/post"}],"author":[{"embeddable":true,"href":"https:\/\/inces.gob.ve\/index.php\/wp-json\/wp\/v2\/users\/15"}],"replies":[{"embeddable":true,"href":"https:\/\/inces.gob.ve\/index.php\/wp-json\/wp\/v2\/comments?post=24700"}],"version-history":[{"count":1,"href":"https:\/\/inces.gob.ve\/index.php\/wp-json\/wp\/v2\/posts\/24700\/revisions"}],"predecessor-version":[{"id":24704,"href":"https:\/\/inces.gob.ve\/index.php\/wp-json\/wp\/v2\/posts\/24700\/revisions\/24704"}],"wp:featuredmedia":[{"embeddable":true,"href":"https:\/\/inces.gob.ve\/index.php\/wp-json\/wp\/v2\/media\/24703"}],"wp:attachment":[{"href":"https:\/\/inces.gob.ve\/index.php\/wp-json\/wp\/v2\/media?parent=24700"}],"wp:term":[{"taxonomy":"category","embeddable":true,"href":"https:\/\/inces.gob.ve\/index.php\/wp-json\/wp\/v2\/categories?post=24700"},{"taxonomy":"post_tag","embeddable":true,"href":"https:\/\/inces.gob.ve\/index.php\/wp-json\/wp\/v2\/tags?post=24700"}],"curies":[{"name":"wp","href":"https:\/\/api.w.org\/{rel}","templated":true}]}}