{"id":24729,"date":"2019-02-15T13:08:30","date_gmt":"2019-02-15T19:08:30","guid":{"rendered":"http:\/\/www.inces.gob.ve\/?p=24729"},"modified":"2020-05-28T20:29:34","modified_gmt":"2020-05-29T00:29:34","slug":"inces-carabobo-conmemora-los-200-anos-del-bicentenario-del-congreso-de-angostura","status":"publish","type":"post","link":"https:\/\/inces.gob.ve\/index.php\/2019\/02\/15\/inces-carabobo-conmemora-los-200-anos-del-bicentenario-del-congreso-de-angostura\/","title":{"rendered":"Inces Carabobo conmemora los 200 a\u00f1os del bicentenario del Congreso de Angostura"},"content":{"rendered":"<p align=\"justify\"><span style=\"font-family: Arial,sans-serif;\">** <i><b>La actividad se efectu\u00f3 en el centro de formaci\u00f3n socialista Luis Beltr\u00e1n Prieto Figueroa del Inces Carabobo<\/b><\/i><\/span><\/p>\n<p align=\"justify\"><!--more--><\/p>\n<p align=\"justify\"><span style=\"font-family: Arial,sans-serif;\"><b>SANDRA AGUILAR | CARABOBO<\/b><\/span><\/p>\n<p align=\"justify\"><span style=\"font-family: Arial,sans-serif;\">Dentro del marco de la celebraci\u00f3n del bicentenario del Congreso de Angostura, la unidad b\u00e1sica del Inces, en conjunto con la Sociedad Bolivariana Intercultural Bicentenaria (SBIB) de la zona educativa, eje territorial 2 y 7 del estado Carabobo, realizaron un congreso pedag\u00f3gico con la tem\u00e1tica \u201cRevoluci\u00f3n y Unidad\u201d donde hubo participaci\u00f3n de cuatro ponencias por parte de los participantes de las diferentes unidades educativas y actos culturales alusivos al tema.<\/span><\/p>\n<p align=\"justify\"><span style=\"font-family: Arial,sans-serif;\">G\u00fayen Saul Soto, gerente regional de Carabobo, quien dio la bienvenida a la juventud protagonista de estos tiempos, hizo un poco de historia con el fin de que la juventud entienda la verdadera esencia que relaciona la desprendida inspiraci\u00f3n voluntaria de Bol\u00edvar al proclamar la necesidad de emancipar la patria, \u201cque es a\u00fan el compromiso que los venezolanos patriotas de hoy nos embarga, en momentos que vivimos una de las m\u00e1s extenuantes crisis inducida por el imperialismo\u201d, afirm\u00f3.<\/span><\/p>\n<p align=\"justify\"><img loading=\"lazy\" decoding=\"async\" class=\"aligncenter wp-image-24731 size-full\" src=\"http:\/\/www.inces.gob.ve\/wp-content\/uploads\/2019\/02\/2-200-a\u00f1os-del-bicentenario-del-Congreso.jpeg\" alt=\"\" width=\"850\" height=\"638\" srcset=\"https:\/\/inces.gob.ve\/wp-content\/uploads\/2019\/02\/2-200-a\u00f1os-del-bicentenario-del-Congreso.jpeg 850w, https:\/\/inces.gob.ve\/wp-content\/uploads\/2019\/02\/2-200-a\u00f1os-del-bicentenario-del-Congreso-300x225.jpeg 300w, https:\/\/inces.gob.ve\/wp-content\/uploads\/2019\/02\/2-200-a\u00f1os-del-bicentenario-del-Congreso-768x576.jpeg 768w, https:\/\/inces.gob.ve\/wp-content\/uploads\/2019\/02\/2-200-a\u00f1os-del-bicentenario-del-Congreso-136x102.jpeg 136w\" sizes=\"auto, (max-width: 850px) 100vw, 850px\" \/><\/p>\n<p align=\"justify\"><span style=\"font-family: Arial,sans-serif;\">Entre tanto, la directora de la unidad b\u00e1sica, Mar\u00eda Auxiliadora Pinto, inform\u00f3 que durante todo el a\u00f1o se estar\u00e1n realizando los congresos pedag\u00f3gicos en el marco del \u201cBicentenario del Congreso de Angostura\u201d, con el fin de que los j\u00f3venes conozcan de la historia para entender el presente de la patria.<\/span><\/p>\n<p align=\"justify\"><span style=\"font-family: Arial,sans-serif;\">Para finalizar, el estudiante Inces, M\u00e1ximo Guevara, con la ponencia \u201cRevoluci\u00f3n y Unidad asever\u00f3, que los revolucionarios y revolucionarias debemos entender, comprender e internacionalizar la necesidad de mantener y seguir construyendo procesos unitarios como mecanismo de lucha para fortalecer y profundizar la Revoluci\u00f3n Bolivariana. Solo con un trabajo en conjunto podemos derrotar al imperio y a la burgues\u00eda, raz\u00f3n por la cual, debemos hacer esfuerzos extraordinarios para mantener la cohesi\u00f3n a lo interno. Como revolucionario y chavista pienso y estoy seguro que debemos cultivar uno de los principales legados del comandante: la unidad revolucionaria. Esta se mantiene combatiendo, en primer t\u00e9rmino, los vicios que atentan contra ella: la falta de humildad y solidaridad; el individualismo, el ego\u00edsmo, la mezquindad, la prepotencia, el chisme, la envidia, la maldad y la intriga; en definitiva, la pr\u00e1ctica de la cultura capitalista que a\u00fan se encuentra instalada\u201d. <\/span><\/p>\n<p align=\"justify\"><span style=\"font-family: Arial,sans-serif;\"><img loading=\"lazy\" decoding=\"async\" class=\"aligncenter wp-image-24732 size-full\" src=\"http:\/\/www.inces.gob.ve\/wp-content\/uploads\/2019\/02\/1-200-a\u00f1os-del-bicentenario-del-Congreso.jpeg\" alt=\"\" width=\"850\" height=\"586\" srcset=\"https:\/\/inces.gob.ve\/wp-content\/uploads\/2019\/02\/1-200-a\u00f1os-del-bicentenario-del-Congreso.jpeg 850w, https:\/\/inces.gob.ve\/wp-content\/uploads\/2019\/02\/1-200-a\u00f1os-del-bicentenario-del-Congreso-300x207.jpeg 300w, https:\/\/inces.gob.ve\/wp-content\/uploads\/2019\/02\/1-200-a\u00f1os-del-bicentenario-del-Congreso-768x529.jpeg 768w\" sizes=\"auto, (max-width: 850px) 100vw, 850px\" \/><\/span><\/p>\n","protected":false},"excerpt":{"rendered":"<p>** La actividad se efectu\u00f3 en el centro de formaci\u00f3n socialista Luis Beltr\u00e1n Prieto Figueroa del Inces Carabobo<\/p>\n","protected":false},"author":15,"featured_media":24731,"comment_status":"closed","ping_status":"closed","sticky":false,"template":"","format":"standard","meta":{"footnotes":""},"categories":[2],"tags":[],"class_list":["post-24729","post","type-post","status-publish","format-standard","has-post-thumbnail","hentry","category-blog"],"_links":{"self":[{"href":"https:\/\/inces.gob.ve\/index.php\/wp-json\/wp\/v2\/posts\/24729","targetHints":{"allow":["GET"]}}],"collection":[{"href":"https:\/\/inces.gob.ve\/index.php\/wp-json\/wp\/v2\/posts"}],"about":[{"href":"https:\/\/inces.gob.ve\/index.php\/wp-json\/wp\/v2\/types\/post"}],"author":[{"embeddable":true,"href":"https:\/\/inces.gob.ve\/index.php\/wp-json\/wp\/v2\/users\/15"}],"replies":[{"embeddable":true,"href":"https:\/\/inces.gob.ve\/index.php\/wp-json\/wp\/v2\/comments?post=24729"}],"version-history":[{"count":2,"href":"https:\/\/inces.gob.ve\/index.php\/wp-json\/wp\/v2\/posts\/24729\/revisions"}],"predecessor-version":[{"id":24734,"href":"https:\/\/inces.gob.ve\/index.php\/wp-json\/wp\/v2\/posts\/24729\/revisions\/24734"}],"wp:featuredmedia":[{"embeddable":true,"href":"https:\/\/inces.gob.ve\/index.php\/wp-json\/wp\/v2\/media\/24731"}],"wp:attachment":[{"href":"https:\/\/inces.gob.ve\/index.php\/wp-json\/wp\/v2\/media?parent=24729"}],"wp:term":[{"taxonomy":"category","embeddable":true,"href":"https:\/\/inces.gob.ve\/index.php\/wp-json\/wp\/v2\/categories?post=24729"},{"taxonomy":"post_tag","embeddable":true,"href":"https:\/\/inces.gob.ve\/index.php\/wp-json\/wp\/v2\/tags?post=24729"}],"curies":[{"name":"wp","href":"https:\/\/api.w.org\/{rel}","templated":true}]}}