{"id":24736,"date":"2019-02-15T13:25:15","date_gmt":"2019-02-15T19:25:15","guid":{"rendered":"http:\/\/www.inces.gob.ve\/?p=24736"},"modified":"2020-05-28T20:29:34","modified_gmt":"2020-05-29T00:29:34","slug":"inces-sucre-marcha-en-cumana-para-conmemorar-el-congreso-de-angostura","status":"publish","type":"post","link":"https:\/\/inces.gob.ve\/index.php\/2019\/02\/15\/inces-sucre-marcha-en-cumana-para-conmemorar-el-congreso-de-angostura\/","title":{"rendered":"Inces Sucre marcha en Cuman\u00e1 para conmemorar el Congreso de Angostura"},"content":{"rendered":"<p style=\"text-align: left;\" align=\"justify\"><span style=\"font-family: Arial,sans-serif;\">*<i><b>* La instituci\u00f3n sali\u00f3 con todos sus miembros en un recorrido de m\u00e1s de 12 kil\u00f3metros en apoyo a la revoluci\u00f3n y a su l\u00edder Nicol\u00e1s Maduro, presidente de paz <\/b><\/i><\/span><\/p>\n<p align=\"justify\">\n<p align=\"justify\"><!--more--><\/p>\n<p align=\"justify\">\n<p align=\"justify\">\n<p align=\"justify\"><span style=\"font-family: Arial,sans-serif;\"><b>MILAGROS GUERRERO | Sucre<\/b><\/span><\/p>\n<p align=\"justify\">\n<p align=\"justify\"><span style=\"font-family: Arial,sans-serif;\">Nuevamente participantes, maestros y promotores t\u00e9cnicos productivos, secretarias, obreros y empleados en general de Inces Sucre, marcharon para conmemorar el bicentenario del Congreso de Angostura, en apoyo al presidente de la Rep\u00fablica Bolivariana de Venezuela Nicol\u00e1s Maduro Moros, por la Paz de la naci\u00f3n venezolana y por la no injerencia y la amenaza de atacar por la fuerza del imperio yanqui contra la patria.<\/span><\/p>\n<p align=\"justify\"><img loading=\"lazy\" decoding=\"async\" class=\"aligncenter wp-image-24740 size-full\" src=\"http:\/\/www.inces.gob.ve\/wp-content\/uploads\/2019\/02\/1conmemorar-el-Congreso-de-Angostura.jpg\" alt=\"\" width=\"850\" height=\"478\" srcset=\"https:\/\/inces.gob.ve\/wp-content\/uploads\/2019\/02\/1conmemorar-el-Congreso-de-Angostura.jpg 850w, https:\/\/inces.gob.ve\/wp-content\/uploads\/2019\/02\/1conmemorar-el-Congreso-de-Angostura-300x169.jpg 300w, https:\/\/inces.gob.ve\/wp-content\/uploads\/2019\/02\/1conmemorar-el-Congreso-de-Angostura-768x432.jpg 768w\" sizes=\"auto, (max-width: 850px) 100vw, 850px\" \/><\/p>\n<p align=\"justify\"><span style=\"font-family: Arial,sans-serif;\">La gerente regional Audin Navarro manifest\u00f3 que hoy hace dos siglos que el Libertador Sim\u00f3n Bol\u00edvar, en aquel c\u00f3nclave convocado en Angostura, actual Ciudad Bol\u00edvar, llam\u00f3 a llevar en Venezuela un gobierno eminentemente popular, justo, moral; que fuera contra la opresi\u00f3n, anarqu\u00eda y culpa. \u201cUn gobierno que haga reinar la inocencia, la humildad y la paz. Un gobierno que haga triunfar bajo el imperio de leyes inexorables, la igualdad y la libertad\u201d textualmente dec\u00eda el padre de la patria hace 200 a\u00f1os. Y en el 2019 su pensamiento pol\u00edtico est\u00e1 m\u00e1s vigente que nunca.<\/span><\/p>\n<p align=\"justify\"><span style=\"font-family: Arial,sans-serif;\"><img loading=\"lazy\" decoding=\"async\" class=\"aligncenter wp-image-24737 size-full\" src=\"http:\/\/www.inces.gob.ve\/wp-content\/uploads\/2019\/02\/6conmemorar-el-Congreso-de-Angostura.jpg\" alt=\"\" width=\"850\" height=\"478\" srcset=\"https:\/\/inces.gob.ve\/wp-content\/uploads\/2019\/02\/6conmemorar-el-Congreso-de-Angostura.jpg 850w, https:\/\/inces.gob.ve\/wp-content\/uploads\/2019\/02\/6conmemorar-el-Congreso-de-Angostura-300x169.jpg 300w, https:\/\/inces.gob.ve\/wp-content\/uploads\/2019\/02\/6conmemorar-el-Congreso-de-Angostura-768x432.jpg 768w\" sizes=\"auto, (max-width: 850px) 100vw, 850px\" \/><\/span><\/p>\n<p align=\"justify\"><span style=\"font-family: Arial,sans-serif;\">Esos mismos motivos llevaron este 15 de febrero al gobierno bolivariano del estado Sucre, a congregar a todas las instituciones, al pueblo organizado en Clap, Ubch, consejos comunales, comunas, movimientos sociales, polo patri\u00f3tico, a una gran marcha donde Inces Sucre sali\u00f3 adelante con todos sus miembros y caminaron desde la sede regional, en un recorrido de m\u00e1s de 12 kil\u00f3metros, en apoyo a la revoluci\u00f3n y a su m\u00e1ximo l\u00edder Nicol\u00e1s Maduro, el presidente de paz, y contra las acciones injerencistas con las que; el mandatario de guerra Donald Trump, busca ahogar al pueblo libre y soberano de Bol\u00edvar y Ch\u00e1vez. <\/span><\/p>\n<p align=\"justify\"><span style=\"font-family: Arial,sans-serif;\"><img loading=\"lazy\" decoding=\"async\" class=\"aligncenter wp-image-24738 size-full\" src=\"http:\/\/www.inces.gob.ve\/wp-content\/uploads\/2019\/02\/3conmemorar-el-Congreso-de-Angostura.jpg\" alt=\"\" width=\"850\" height=\"478\" srcset=\"https:\/\/inces.gob.ve\/wp-content\/uploads\/2019\/02\/3conmemorar-el-Congreso-de-Angostura.jpg 850w, https:\/\/inces.gob.ve\/wp-content\/uploads\/2019\/02\/3conmemorar-el-Congreso-de-Angostura-300x169.jpg 300w, https:\/\/inces.gob.ve\/wp-content\/uploads\/2019\/02\/3conmemorar-el-Congreso-de-Angostura-768x432.jpg 768w\" sizes=\"auto, (max-width: 850px) 100vw, 850px\" \/><\/span><\/p>\n","protected":false},"excerpt":{"rendered":"<p>** La instituci\u00f3n sali\u00f3 con todos sus miembros en un recorrido de m\u00e1s de 12 kil\u00f3metros en apoyo a la revoluci\u00f3n y a su l\u00edder Nicol\u00e1s Maduro, presidente de paz<\/p>\n","protected":false},"author":15,"featured_media":24739,"comment_status":"closed","ping_status":"closed","sticky":false,"template":"","format":"standard","meta":{"footnotes":""},"categories":[2],"tags":[],"class_list":["post-24736","post","type-post","status-publish","format-standard","has-post-thumbnail","hentry","category-blog"],"_links":{"self":[{"href":"https:\/\/inces.gob.ve\/index.php\/wp-json\/wp\/v2\/posts\/24736","targetHints":{"allow":["GET"]}}],"collection":[{"href":"https:\/\/inces.gob.ve\/index.php\/wp-json\/wp\/v2\/posts"}],"about":[{"href":"https:\/\/inces.gob.ve\/index.php\/wp-json\/wp\/v2\/types\/post"}],"author":[{"embeddable":true,"href":"https:\/\/inces.gob.ve\/index.php\/wp-json\/wp\/v2\/users\/15"}],"replies":[{"embeddable":true,"href":"https:\/\/inces.gob.ve\/index.php\/wp-json\/wp\/v2\/comments?post=24736"}],"version-history":[{"count":5,"href":"https:\/\/inces.gob.ve\/index.php\/wp-json\/wp\/v2\/posts\/24736\/revisions"}],"predecessor-version":[{"id":24745,"href":"https:\/\/inces.gob.ve\/index.php\/wp-json\/wp\/v2\/posts\/24736\/revisions\/24745"}],"wp:featuredmedia":[{"embeddable":true,"href":"https:\/\/inces.gob.ve\/index.php\/wp-json\/wp\/v2\/media\/24739"}],"wp:attachment":[{"href":"https:\/\/inces.gob.ve\/index.php\/wp-json\/wp\/v2\/media?parent=24736"}],"wp:term":[{"taxonomy":"category","embeddable":true,"href":"https:\/\/inces.gob.ve\/index.php\/wp-json\/wp\/v2\/categories?post=24736"},{"taxonomy":"post_tag","embeddable":true,"href":"https:\/\/inces.gob.ve\/index.php\/wp-json\/wp\/v2\/tags?post=24736"}],"curies":[{"name":"wp","href":"https:\/\/api.w.org\/{rel}","templated":true}]}}