{"id":24755,"date":"2019-02-18T08:43:56","date_gmt":"2019-02-18T14:43:56","guid":{"rendered":"http:\/\/www.inces.gob.ve\/?p=24755"},"modified":"2020-05-28T20:34:41","modified_gmt":"2020-05-29T00:34:41","slug":"tribuna-antiimperialista-reune-a-juventud-productiva-del-pna-vargas","status":"publish","type":"post","link":"https:\/\/inces.gob.ve\/index.php\/2019\/02\/18\/tribuna-antiimperialista-reune-a-juventud-productiva-del-pna-vargas\/","title":{"rendered":"Tribuna Antiimperialista re\u00fane a juventud productiva del PNA Vargas"},"content":{"rendered":"<p class=\"western\" align=\"justify\"><span style=\"font-family: arial,helvetica,sans-serif; font-size: medium;\">** <i><b>Como parte de las actividades programadas para los j\u00f3venes aprendices y chambistas de la regi\u00f3n se realiz\u00f3 un debate acerca de las ra\u00edces revolucionarias <\/b><\/i><\/span><\/p>\n<p class=\"western\" align=\"justify\"><span style=\"font-family: arial,helvetica,sans-serif;\"><!--more--><\/span><\/p>\n<p class=\"western\" align=\"justify\"><span style=\"font-family: arial,helvetica,sans-serif; font-size: medium;\"><b>CARMEN CAMPOS &#8211; ZUVALQUI DUARTE | Vargas<\/b><\/span><\/p>\n<p class=\"western\" align=\"justify\"><span style=\"font-family: arial,helvetica,sans-serif; font-size: medium;\">En las instalaciones del polideportivo Jos\u00e9 Mar\u00eda Vargas, en la parroquia Carlos Soublette de Vargas, se realiz\u00f3 el segundo encuentro de la Tribuna Antiimperialista, espacio destinado para el debate de las ideas y an\u00e1lisis de la situaci\u00f3n del pa\u00eds; actividad a la cual asistieron quienes forman parte del Inces as\u00ed como las comunidades, movimientos sociales, comuneros, organizaciones sociales y comunales.<\/span><\/p>\n<p class=\"western\" align=\"justify\"><span style=\"font-family: arial,helvetica,sans-serif; font-size: medium;\">En este segundo encuentro contamos con la valiosa presencia del profesor y artista pl\u00e1stico Alexis Rojas, quien disert\u00f3 sobre las ra\u00edces revolucionarias que enfrentaron y doblegaron dignamente al imperio espa\u00f1ol, desde los ind\u00edgenas, cuando los caciques defendieron sus tierras y sus derechos, hasta las batallas de la gesta independentista que sembraron de libertad de Am\u00e9rica.<\/span><\/p>\n<p class=\"western\" align=\"justify\"><span style=\"font-family: arial,helvetica,sans-serif;\"><img loading=\"lazy\" decoding=\"async\" class=\"aligncenter wp-image-24759 \" src=\"http:\/\/www.inces.gob.ve\/wp-content\/uploads\/2019\/02\/1Tribuna-Antiimperialista-1.jpg\" alt=\"\" width=\"729\" height=\"873\" srcset=\"https:\/\/inces.gob.ve\/wp-content\/uploads\/2019\/02\/1Tribuna-Antiimperialista-1.jpg 800w, https:\/\/inces.gob.ve\/wp-content\/uploads\/2019\/02\/1Tribuna-Antiimperialista-1-251x300.jpg 251w, https:\/\/inces.gob.ve\/wp-content\/uploads\/2019\/02\/1Tribuna-Antiimperialista-1-768x920.jpg 768w, https:\/\/inces.gob.ve\/wp-content\/uploads\/2019\/02\/1Tribuna-Antiimperialista-1-641x768.jpg 641w\" sizes=\"auto, (max-width: 729px) 100vw, 729px\" \/><\/span><\/p>\n<p class=\"western\" align=\"justify\"><span style=\"font-family: arial,helvetica,sans-serif; font-size: medium;\">Un total de 79 aprendices asistieron a la actividad y expusieron sus opiniones e ideas sobre el tema social y econ\u00f3mico (guerra econ\u00f3mica) relacionado con el transporte, alimentaci\u00f3n y salud y como estos factores los afectan a ellos directamente, lo que muchas veces les impide poder cumplir con sus actividades laborales y formativas.<\/span><\/p>\n<p class=\"western\" align=\"justify\"><span style=\"font-family: arial,helvetica,sans-serif;\"><img loading=\"lazy\" decoding=\"async\" class=\"aligncenter wp-image-24756 size-full\" src=\"http:\/\/www.inces.gob.ve\/wp-content\/uploads\/2019\/02\/4Tribuna-Antiimperialista.jpg\" alt=\"\" width=\"850\" height=\"421\" srcset=\"https:\/\/inces.gob.ve\/wp-content\/uploads\/2019\/02\/4Tribuna-Antiimperialista.jpg 850w, https:\/\/inces.gob.ve\/wp-content\/uploads\/2019\/02\/4Tribuna-Antiimperialista-300x149.jpg 300w, https:\/\/inces.gob.ve\/wp-content\/uploads\/2019\/02\/4Tribuna-Antiimperialista-768x380.jpg 768w\" sizes=\"auto, (max-width: 850px) 100vw, 850px\" \/><\/span><\/p>\n<p class=\"western\" align=\"justify\"><span style=\"font-family: arial,helvetica,sans-serif; font-size: medium;\">V\u00edctor Herrera, maestro t\u00e9cnico productivo del Motor Industrial y miembro del Movimiento Afro-Venezolano, convers\u00f3 sobre la importancia de la juventud en Venezuela en los actuales momentos y se\u00f1al\u00f3 que \u201cpara una de las cosas que estamos aqu\u00ed es para formarnos integralmente y es a trav\u00e9s del intercambio de saberes como podemos interactuar. Esta es una juventud con capacidad y eso hay que demostrarlo, tenemos que dar un salto en lo cualitativo. No podemos formarnos en el Inces para seguir siendo un obrero o un trabajador, tenemos que apoderarnos de los medios de producci\u00f3n para dar respuesta a los planteamientos sociales y econ\u00f3micos que ustedes presentan hoy en esta tribuna\u201d.<\/span><\/p>\n<p class=\"western\" align=\"justify\"><span style=\"font-family: arial,helvetica,sans-serif; font-size: medium;\">La \u201cTribuna Antiimperialista\u201d es un espacio para el debate que se ha convertido en una lluvia de ideas, opiniones y propuestas sistematizadas y donde convergen diferentes ideolog\u00edas con una sola finalidad: \u201cEl amor y la defensa de la patria\u201d<\/span><\/p>\n<p class=\"western\" align=\"justify\"><span style=\"font-family: arial,helvetica,sans-serif; font-size: medium;\"><img loading=\"lazy\" decoding=\"async\" class=\"aligncenter wp-image-24757 size-full\" src=\"http:\/\/www.inces.gob.ve\/wp-content\/uploads\/2019\/02\/3Tribuna-Antiimperialista-1.jpg\" alt=\"\" width=\"850\" height=\"638\" srcset=\"https:\/\/inces.gob.ve\/wp-content\/uploads\/2019\/02\/3Tribuna-Antiimperialista-1.jpg 850w, https:\/\/inces.gob.ve\/wp-content\/uploads\/2019\/02\/3Tribuna-Antiimperialista-1-300x225.jpg 300w, https:\/\/inces.gob.ve\/wp-content\/uploads\/2019\/02\/3Tribuna-Antiimperialista-1-768x576.jpg 768w, https:\/\/inces.gob.ve\/wp-content\/uploads\/2019\/02\/3Tribuna-Antiimperialista-1-136x102.jpg 136w\" sizes=\"auto, (max-width: 850px) 100vw, 850px\" \/><\/span><\/p>\n","protected":false},"excerpt":{"rendered":"<p>** Como parte de las actividades programadas para los j\u00f3venes aprendices y chambistas de la regi\u00f3n se realiz\u00f3 un debate acerca de las ra\u00edces revolucionarias<\/p>\n","protected":false},"author":15,"featured_media":24758,"comment_status":"closed","ping_status":"closed","sticky":false,"template":"","format":"standard","meta":{"footnotes":""},"categories":[2],"tags":[],"class_list":["post-24755","post","type-post","status-publish","format-standard","has-post-thumbnail","hentry","category-blog"],"_links":{"self":[{"href":"https:\/\/inces.gob.ve\/index.php\/wp-json\/wp\/v2\/posts\/24755","targetHints":{"allow":["GET"]}}],"collection":[{"href":"https:\/\/inces.gob.ve\/index.php\/wp-json\/wp\/v2\/posts"}],"about":[{"href":"https:\/\/inces.gob.ve\/index.php\/wp-json\/wp\/v2\/types\/post"}],"author":[{"embeddable":true,"href":"https:\/\/inces.gob.ve\/index.php\/wp-json\/wp\/v2\/users\/15"}],"replies":[{"embeddable":true,"href":"https:\/\/inces.gob.ve\/index.php\/wp-json\/wp\/v2\/comments?post=24755"}],"version-history":[{"count":2,"href":"https:\/\/inces.gob.ve\/index.php\/wp-json\/wp\/v2\/posts\/24755\/revisions"}],"predecessor-version":[{"id":24761,"href":"https:\/\/inces.gob.ve\/index.php\/wp-json\/wp\/v2\/posts\/24755\/revisions\/24761"}],"wp:featuredmedia":[{"embeddable":true,"href":"https:\/\/inces.gob.ve\/index.php\/wp-json\/wp\/v2\/media\/24758"}],"wp:attachment":[{"href":"https:\/\/inces.gob.ve\/index.php\/wp-json\/wp\/v2\/media?parent=24755"}],"wp:term":[{"taxonomy":"category","embeddable":true,"href":"https:\/\/inces.gob.ve\/index.php\/wp-json\/wp\/v2\/categories?post=24755"},{"taxonomy":"post_tag","embeddable":true,"href":"https:\/\/inces.gob.ve\/index.php\/wp-json\/wp\/v2\/tags?post=24755"}],"curies":[{"name":"wp","href":"https:\/\/api.w.org\/{rel}","templated":true}]}}