{"id":24787,"date":"2019-02-18T12:37:37","date_gmt":"2019-02-18T18:37:37","guid":{"rendered":"http:\/\/www.inces.gob.ve\/?p=24787"},"modified":"2020-05-28T20:29:34","modified_gmt":"2020-05-29T00:29:34","slug":"trabajadoras-de-inces-barinas-se-forman-en-elaboracion-de-bolsos-y-morrales","status":"publish","type":"post","link":"https:\/\/inces.gob.ve\/index.php\/2019\/02\/18\/trabajadoras-de-inces-barinas-se-forman-en-elaboracion-de-bolsos-y-morrales\/","title":{"rendered":"Trabajadoras de Inces Barinas se forman en Elaboraci\u00f3n de Bolsos y Morrales"},"content":{"rendered":"<p align=\"justify\"><span style=\"font-family: Arial,sans-serif;\">**<b> <\/b><i><b>La clase trabajadora cree, impulsa y promueve con su participaci\u00f3n la formaci\u00f3n productiva en la regi\u00f3n llanera<\/b><\/i><\/span><\/p>\n<p align=\"justify\"><!--more--><\/p>\n<p align=\"justify\"><span style=\"font-family: Arial,sans-serif;\"><b>HIRASYANEL BAYONA | Barinas<\/b><\/span><\/p>\n<p align=\"justify\"><span style=\"font-family: Arial,sans-serif;\">Mujeres emprendedoras del centro de formaci\u00f3n socialista (CFS) Manuelita S\u00e1enz de Inces Barinas iniciaron proceso formativo en Elaboraci\u00f3n de Bolsos y Morrales con material de reciclaje.<\/span><\/p>\n<p align=\"justify\">\n<p align=\"justify\"><span style=\"font-family: Arial,sans-serif;\">La formaci\u00f3n se desarrolla en espacios del mencionado CFS, a cargo de la maestra t\u00e9cnica productiva (MTP) Yasmin Canelo, quien asumi\u00f3 la responsabilidad de formar a 20 compa\u00f1eras del \u00e1rea administrativa, maestras y quienes han ejercido labores de promotoras t\u00e9cnicas productivas, ofreci\u00e9ndoles herramientas para el aprovechamiento de materiales de reciclaje en la elaboraci\u00f3n de bolsos y morrales.<\/span><\/p>\n<p align=\"justify\"><img loading=\"lazy\" decoding=\"async\" class=\"aligncenter wp-image-24789 size-full\" src=\"http:\/\/www.inces.gob.ve\/wp-content\/uploads\/2019\/02\/2Elaboraci\u00f3n-de-Bolsos-y-Morrales.jpg\" alt=\"\" width=\"850\" height=\"479\" srcset=\"https:\/\/inces.gob.ve\/wp-content\/uploads\/2019\/02\/2Elaboraci\u00f3n-de-Bolsos-y-Morrales.jpg 850w, https:\/\/inces.gob.ve\/wp-content\/uploads\/2019\/02\/2Elaboraci\u00f3n-de-Bolsos-y-Morrales-300x169.jpg 300w, https:\/\/inces.gob.ve\/wp-content\/uploads\/2019\/02\/2Elaboraci\u00f3n-de-Bolsos-y-Morrales-768x433.jpg 768w\" sizes=\"auto, (max-width: 850px) 100vw, 850px\" \/><\/p>\n<p align=\"justify\"><span style=\"font-family: Arial,sans-serif;\">Canelo inform\u00f3 que los materiales principales est\u00e1n conformados por botellas pl\u00e1sticas, placas y trozos de telas de prendas de vestir ya en desuso, lo cual impulsa y fortalece el cuidado del medio ambiente y la cultura del reuso en quienes, una vez culminada la formaci\u00f3n ser\u00e1n multiplicadoras de su saber en sus ambientes de trabajo, formaci\u00f3n y de convivencia comunal.<\/span><\/p>\n<p align=\"justify\">\n<p align=\"justify\"><span style=\"font-family: Arial,sans-serif;\">Asimismo, Canelo expres\u00f3 que se colocan en pr\u00e1ctica t\u00e9cnicas de cortado, perforado y tejido que dan como resultado hermosos bolsos los cuales resultan en costos de producci\u00f3n accesibles, en comparaci\u00f3n con los precios del mercado, lo cual representa una opci\u00f3n formativa que impulsa la producci\u00f3n, la independencia econ\u00f3mica, el emprendimiento y una estrategia de combate contra la guerra econ\u00f3mica.<\/span><\/p>\n<p align=\"justify\"><img loading=\"lazy\" decoding=\"async\" class=\"aligncenter wp-image-24788 size-full\" src=\"http:\/\/www.inces.gob.ve\/wp-content\/uploads\/2019\/02\/6Elaboraci\u00f3n-de-Bolsos-y-Morrales.jpg\" alt=\"\" width=\"600\" height=\"600\" srcset=\"https:\/\/inces.gob.ve\/wp-content\/uploads\/2019\/02\/6Elaboraci\u00f3n-de-Bolsos-y-Morrales.jpg 600w, https:\/\/inces.gob.ve\/wp-content\/uploads\/2019\/02\/6Elaboraci\u00f3n-de-Bolsos-y-Morrales-150x150.jpg 150w, https:\/\/inces.gob.ve\/wp-content\/uploads\/2019\/02\/6Elaboraci\u00f3n-de-Bolsos-y-Morrales-300x300.jpg 300w\" sizes=\"auto, (max-width: 600px) 100vw, 600px\" \/><\/p>\n<p align=\"justify\"><span style=\"font-family: Arial,sans-serif;\">Desde Inces Barinas seguimos apostando a la patria libre y socialista contribuyendo con la formaci\u00f3n productiva de la fuerza trabajadora y de la comunidad en general.<\/span><\/p>\n<p align=\"justify\">LT.<\/p>\n","protected":false},"excerpt":{"rendered":"<p>** La clase trabajadora cree, impulsa y promueve con su participaci\u00f3n la formaci\u00f3n productiva en la regi\u00f3n llanera<\/p>\n","protected":false},"author":15,"featured_media":24790,"comment_status":"closed","ping_status":"closed","sticky":false,"template":"","format":"standard","meta":{"footnotes":""},"categories":[2],"tags":[],"class_list":["post-24787","post","type-post","status-publish","format-standard","has-post-thumbnail","hentry","category-blog"],"_links":{"self":[{"href":"https:\/\/inces.gob.ve\/index.php\/wp-json\/wp\/v2\/posts\/24787","targetHints":{"allow":["GET"]}}],"collection":[{"href":"https:\/\/inces.gob.ve\/index.php\/wp-json\/wp\/v2\/posts"}],"about":[{"href":"https:\/\/inces.gob.ve\/index.php\/wp-json\/wp\/v2\/types\/post"}],"author":[{"embeddable":true,"href":"https:\/\/inces.gob.ve\/index.php\/wp-json\/wp\/v2\/users\/15"}],"replies":[{"embeddable":true,"href":"https:\/\/inces.gob.ve\/index.php\/wp-json\/wp\/v2\/comments?post=24787"}],"version-history":[{"count":2,"href":"https:\/\/inces.gob.ve\/index.php\/wp-json\/wp\/v2\/posts\/24787\/revisions"}],"predecessor-version":[{"id":24792,"href":"https:\/\/inces.gob.ve\/index.php\/wp-json\/wp\/v2\/posts\/24787\/revisions\/24792"}],"wp:featuredmedia":[{"embeddable":true,"href":"https:\/\/inces.gob.ve\/index.php\/wp-json\/wp\/v2\/media\/24790"}],"wp:attachment":[{"href":"https:\/\/inces.gob.ve\/index.php\/wp-json\/wp\/v2\/media?parent=24787"}],"wp:term":[{"taxonomy":"category","embeddable":true,"href":"https:\/\/inces.gob.ve\/index.php\/wp-json\/wp\/v2\/categories?post=24787"},{"taxonomy":"post_tag","embeddable":true,"href":"https:\/\/inces.gob.ve\/index.php\/wp-json\/wp\/v2\/tags?post=24787"}],"curies":[{"name":"wp","href":"https:\/\/api.w.org\/{rel}","templated":true}]}}