{"id":24802,"date":"2019-02-18T13:45:32","date_gmt":"2019-02-18T19:45:32","guid":{"rendered":"http:\/\/www.inces.gob.ve\/?p=24802"},"modified":"2020-05-28T20:29:34","modified_gmt":"2020-05-29T00:29:34","slug":"inces-lara-abre-servicio-de-medicina-alternativa","status":"publish","type":"post","link":"https:\/\/inces.gob.ve\/index.php\/2019\/02\/18\/inces-lara-abre-servicio-de-medicina-alternativa\/","title":{"rendered":"Inces Lara abre Servicio de Medicina Alternativa"},"content":{"rendered":"<p align=\"justify\"><span style=\"font-family: Arial,sans-serif;\"><b>**<i> Medicina ancestral al servicio de la comunidad y de los trabajadores<\/i><\/b><\/span><\/p>\n<p align=\"justify\"><!--more-->\n<\/p>\n<p align=\"justify\"><span style=\"font-family: Arial,sans-serif;\"><b>DANNYS MORILLO | Lara<\/b><\/span><\/p>\n<p align=\"justify\">\n<p align=\"justify\"><span style=\"font-family: Arial,sans-serif;\">Una alternativa perfecta al alcance de todos es la medicina tradicional china. El reconocer la experiencia y el conocimiento para ponerlo al servicio del pr\u00f3jimo es lo que se plantean en Inces Lara, espec\u00edficamente en el centro de formaci\u00f3n socialista \u201cJos\u00e9 Pio Tamayo\u201d con el apoyo de la Gerencia Regional y la Divisi\u00f3n de Recursos Humanos.<\/span><\/p>\n<p align=\"justify\">\n<p align=\"justify\"><span style=\"font-family: Arial,sans-serif;\"><b>Una terapia de apertura y abrazo para ayudar al ser que lo necesite<\/b><\/span><\/p>\n<p align=\"justify\"><span style=\"font-family: Arial,sans-serif;\"><b><img loading=\"lazy\" decoding=\"async\" class=\"aligncenter wp-image-24804 size-full\" src=\"http:\/\/www.inces.gob.ve\/wp-content\/uploads\/2019\/02\/4Medicina-Alternativa.jpg\" alt=\"\" width=\"850\" height=\"638\" srcset=\"https:\/\/inces.gob.ve\/wp-content\/uploads\/2019\/02\/4Medicina-Alternativa.jpg 850w, https:\/\/inces.gob.ve\/wp-content\/uploads\/2019\/02\/4Medicina-Alternativa-300x225.jpg 300w, https:\/\/inces.gob.ve\/wp-content\/uploads\/2019\/02\/4Medicina-Alternativa-768x576.jpg 768w, https:\/\/inces.gob.ve\/wp-content\/uploads\/2019\/02\/4Medicina-Alternativa-136x102.jpg 136w\" sizes=\"auto, (max-width: 850px) 100vw, 850px\" \/><\/b><\/span><\/p>\n<p align=\"justify\"><span style=\"font-family: Arial,sans-serif;\">Se trata en esta ocasi\u00f3n del servicio m\u00e9dico de este centro que se fortalece al incorporar esta \u00e1rea de salud para fortalecer y brindar alternativas posibles \u201cdesarrollar el esp\u00edritu congestionado por tantas tensiones y aprender a descubrirse, con un agradecimiento al cielo y por el hombre que nos ha ayudado hoy. Ya es una realidad\u201d, as\u00ed lo destac\u00f3 Juan Jos\u00e9 Espino, trabajador de la instituci\u00f3n con amplia trayectoria en el \u00e1rea de la medicina ancestral. <\/span><\/p>\n<p align=\"justify\">\n<p align=\"justify\">\u201c<span style=\"font-family: Arial,sans-serif;\">Es una experiencia de tan solo veinte minutos, una consulta relajante y sanadora gracias a la sabidur\u00eda y a las manos dispuestas que brindar\u00e1n atenci\u00f3n a quien lo necesite\u201d fue la expresi\u00f3n de la trabajadora Marelvis Garc\u00eda, quien asisti\u00f3 a este servicio de medicina alternativa que plantea una opci\u00f3n distinta de cura a la de los medicamentos. Destacan la reflexolog\u00eda, la acupuntura y los masajes.<img loading=\"lazy\" decoding=\"async\" class=\"aligncenter wp-image-24803 size-full\" src=\"http:\/\/www.inces.gob.ve\/wp-content\/uploads\/2019\/02\/6Medicina-Alternativa.jpg\" alt=\"\" width=\"850\" height=\"638\" srcset=\"https:\/\/inces.gob.ve\/wp-content\/uploads\/2019\/02\/6Medicina-Alternativa.jpg 850w, https:\/\/inces.gob.ve\/wp-content\/uploads\/2019\/02\/6Medicina-Alternativa-300x225.jpg 300w, https:\/\/inces.gob.ve\/wp-content\/uploads\/2019\/02\/6Medicina-Alternativa-768x576.jpg 768w, https:\/\/inces.gob.ve\/wp-content\/uploads\/2019\/02\/6Medicina-Alternativa-136x102.jpg 136w\" sizes=\"auto, (max-width: 850px) 100vw, 850px\" \/><\/span><\/p>\n<p align=\"justify\">\n<p align=\"justify\"><span style=\"font-family: Arial,sans-serif;\"><b>Diligentes y con responsabilidad por la salud de todos<\/b><\/span><\/p>\n<p align=\"justify\">\n<p align=\"justify\"><span style=\"font-family: Arial,sans-serif;\">Para la jefa de la Divisi\u00f3n de Recursos Humanos, Ruth Mery Ruiz \u201cson consultorios para la medicina tradicional y la alternativa, esta \u00faltima con una nueva concepci\u00f3n de talentos, el amor por la instituci\u00f3n y el reconocer las cualidades que cada persona posee, el apoyar dando respuesta inmediata teniendo como prioridad la salud de los trabajadores y de los habitantes de la comunidad. Con toda responsabilidad escuchamos a los trabajadores, y hoy, es una idea posible al tener donde acudir a la hora de cualquier dolencia\u201d.<\/span><\/p>\n<p align=\"justify\">\n<p align=\"justify\"><span style=\"font-family: Arial,sans-serif;\">El delegado de prevenci\u00f3n Orlando Figueroa signific\u00f3 esta iniciativa, \u201cformamos parte de este equipo de trabajo amplio y humanizador, primeramente con el apoyo de la Dra. Mariana Zarate, fueron consultas donde se motoriz\u00f3 la solidaridad y se fortaleci\u00f3 el \u00e1rea de atenci\u00f3n con esta nueva alternativa. Es gratificante verlo hecho realidad. Avanzamos en materia de salud para nuestros trabajadores donde pr\u00f3ximamente tendran cabida tambi\u00e9n familiares, participantes y nuestras cooperativas de servicio\u201d, puntualiz\u00f3.<\/span><\/p>\n<p align=\"justify\"><span style=\"font-family: Arial,sans-serif;\"><img loading=\"lazy\" decoding=\"async\" class=\"aligncenter wp-image-24805 size-full\" src=\"http:\/\/www.inces.gob.ve\/wp-content\/uploads\/2019\/02\/2Medicina-Alternativa.jpg\" alt=\"\" width=\"850\" height=\"638\" srcset=\"https:\/\/inces.gob.ve\/wp-content\/uploads\/2019\/02\/2Medicina-Alternativa.jpg 850w, https:\/\/inces.gob.ve\/wp-content\/uploads\/2019\/02\/2Medicina-Alternativa-300x225.jpg 300w, https:\/\/inces.gob.ve\/wp-content\/uploads\/2019\/02\/2Medicina-Alternativa-768x576.jpg 768w, https:\/\/inces.gob.ve\/wp-content\/uploads\/2019\/02\/2Medicina-Alternativa-136x102.jpg 136w\" sizes=\"auto, (max-width: 850px) 100vw, 850px\" \/><\/span><\/p>\n<p align=\"justify\">\n<p align=\"justify\"><span style=\"font-family: Arial,sans-serif;\">La medicina alternativa es una ventana abierta para la salud y una muy buena opci\u00f3n para todos. Ya es una realidad en Inces Lara para llenar el vac\u00edo existencial y espiritual de quien lo necesite.<\/span><\/p>\n<p align=\"justify\"><span style=\"font-family: Arial,sans-serif;\">LT.<\/span><\/p>\n<p align=\"justify\">\n<p align=\"justify\">\n","protected":false},"excerpt":{"rendered":"<p>** Medicina ancestral al servicio de la comunidad y de los trabajadores<\/p>\n","protected":false},"author":15,"featured_media":24806,"comment_status":"closed","ping_status":"closed","sticky":false,"template":"","format":"standard","meta":{"footnotes":""},"categories":[2],"tags":[],"class_list":["post-24802","post","type-post","status-publish","format-standard","has-post-thumbnail","hentry","category-blog"],"_links":{"self":[{"href":"https:\/\/inces.gob.ve\/index.php\/wp-json\/wp\/v2\/posts\/24802","targetHints":{"allow":["GET"]}}],"collection":[{"href":"https:\/\/inces.gob.ve\/index.php\/wp-json\/wp\/v2\/posts"}],"about":[{"href":"https:\/\/inces.gob.ve\/index.php\/wp-json\/wp\/v2\/types\/post"}],"author":[{"embeddable":true,"href":"https:\/\/inces.gob.ve\/index.php\/wp-json\/wp\/v2\/users\/15"}],"replies":[{"embeddable":true,"href":"https:\/\/inces.gob.ve\/index.php\/wp-json\/wp\/v2\/comments?post=24802"}],"version-history":[{"count":1,"href":"https:\/\/inces.gob.ve\/index.php\/wp-json\/wp\/v2\/posts\/24802\/revisions"}],"predecessor-version":[{"id":24807,"href":"https:\/\/inces.gob.ve\/index.php\/wp-json\/wp\/v2\/posts\/24802\/revisions\/24807"}],"wp:featuredmedia":[{"embeddable":true,"href":"https:\/\/inces.gob.ve\/index.php\/wp-json\/wp\/v2\/media\/24806"}],"wp:attachment":[{"href":"https:\/\/inces.gob.ve\/index.php\/wp-json\/wp\/v2\/media?parent=24802"}],"wp:term":[{"taxonomy":"category","embeddable":true,"href":"https:\/\/inces.gob.ve\/index.php\/wp-json\/wp\/v2\/categories?post=24802"},{"taxonomy":"post_tag","embeddable":true,"href":"https:\/\/inces.gob.ve\/index.php\/wp-json\/wp\/v2\/tags?post=24802"}],"curies":[{"name":"wp","href":"https:\/\/api.w.org\/{rel}","templated":true}]}}