{"id":24808,"date":"2019-02-18T14:04:40","date_gmt":"2019-02-18T20:04:40","guid":{"rendered":"http:\/\/www.inces.gob.ve\/?p=24808"},"modified":"2020-05-28T20:29:34","modified_gmt":"2020-05-29T00:29:34","slug":"diplomado-para-la-formacion-de-facilitadores-programo-la-gerencia-de-tecnologia-educativa-para-trabajadores-de-insopesca","status":"publish","type":"post","link":"https:\/\/inces.gob.ve\/index.php\/2019\/02\/18\/diplomado-para-la-formacion-de-facilitadores-programo-la-gerencia-de-tecnologia-educativa-para-trabajadores-de-insopesca\/","title":{"rendered":"Diplomado para la formaci\u00f3n de facilitadores program\u00f3 la Gerencia de Tecnolog\u00eda Educativa para trabajadores de Insopesca"},"content":{"rendered":"<p style=\"text-align: justify;\" align=\"justify\"><span style=\"font-family: arial,helvetica,sans-serif;\">**<i><b> El acuerdo formativo con Insopesca fue establecido a trav\u00e9s de una solicitud realizada por sus trabajadores para la aplicaci\u00f3n de este diplomado en la modalidad de clases presenciales y no presenciales. <\/b><\/i><\/span><\/p>\n<p style=\"text-align: justify;\" align=\"justify\"><span style=\"font-family: arial,helvetica,sans-serif;\"><!--more--><\/span><\/p>\n<p align=\"justify\">\n<p style=\"text-align: justify;\" align=\"justify\"><span style=\"font-family: arial,helvetica,sans-serif;\">Un diplomado para la formaci\u00f3n de facilitadores, dirigido a m\u00e1s de treinta trabajadores de Insopesca y del Inces, comenz\u00f3 a desarrollarse en los espacios formativos de la Gerencia de Tecnolog\u00eda Educativa, actividad organizada con el objetivo de desarrollar competencias para la promoci\u00f3n de la ense\u00f1anza, la facilitaci\u00f3n pedag\u00f3gica y la aplicaci\u00f3n de metodolog\u00edas destinadas a la investigaci\u00f3n. <\/span><\/p>\n<p style=\"text-align: justify;\" align=\"justify\"><span style=\"font-family: arial,helvetica,sans-serif;\">El diplomado, avalado por el Inces, est\u00e1 estructurado en cuatro momentos y est\u00e1 dirigido a t\u00e9cnicos y profesionales de cualquier \u00e1rea que deseen adquirir herramientas y conocimientos pedag\u00f3gicos para el ejercicio de la docencia.<\/span><\/p>\n<p style=\"text-align: justify;\" align=\"justify\"><span style=\"font-family: arial,helvetica,sans-serif;\"><img loading=\"lazy\" decoding=\"async\" class=\"aligncenter wp-image-24810 size-full\" src=\"http:\/\/www.inces.gob.ve\/wp-content\/uploads\/2019\/02\/5trabajadores-de-Insopesca.jpg\" alt=\"\" width=\"850\" height=\"567\" srcset=\"https:\/\/inces.gob.ve\/wp-content\/uploads\/2019\/02\/5trabajadores-de-Insopesca.jpg 850w, https:\/\/inces.gob.ve\/wp-content\/uploads\/2019\/02\/5trabajadores-de-Insopesca-300x200.jpg 300w, https:\/\/inces.gob.ve\/wp-content\/uploads\/2019\/02\/5trabajadores-de-Insopesca-768x512.jpg 768w\" sizes=\"auto, (max-width: 850px) 100vw, 850px\" \/><\/span><\/p>\n<p style=\"text-align: justify;\" align=\"justify\"><span style=\"font-family: arial,helvetica,sans-serif;\">El contenido de este curso programado abarca un amplio horizonte de materias que incluye ocho cursos presenciales (Desarrollo humano, Evaluaci\u00f3n de los aprendizajes, Estrategias y medios de ense\u00f1anza, Planificaci\u00f3n educativa, Proyecto \u00e9tico de vida, Pedagog\u00eda, Principios de ense\u00f1anza y Formaci\u00f3n t\u00e9cnica profesional) y cinco cursos no presenciales o a distancia (Introducci\u00f3n a la metodolog\u00eda de la investigaci\u00f3n, Escritura creativa, Alfabetizaci\u00f3n tecnol\u00f3gica, TIC en la educaci\u00f3n y Legislaci\u00f3n educativa). <\/span><\/p>\n<p style=\"text-align: justify;\" align=\"justify\"><span style=\"font-family: arial,helvetica,sans-serif;\"><img loading=\"lazy\" decoding=\"async\" class=\"aligncenter wp-image-24811 size-full\" src=\"http:\/\/www.inces.gob.ve\/wp-content\/uploads\/2019\/02\/3trabajadores-de-Insopesca.jpg\" alt=\"\" width=\"850\" height=\"567\" srcset=\"https:\/\/inces.gob.ve\/wp-content\/uploads\/2019\/02\/3trabajadores-de-Insopesca.jpg 850w, https:\/\/inces.gob.ve\/wp-content\/uploads\/2019\/02\/3trabajadores-de-Insopesca-300x200.jpg 300w, https:\/\/inces.gob.ve\/wp-content\/uploads\/2019\/02\/3trabajadores-de-Insopesca-768x512.jpg 768w\" sizes=\"auto, (max-width: 850px) 100vw, 850px\" \/><\/span><\/p>\n<p style=\"text-align: justify;\" align=\"justify\"><span style=\"font-family: arial,helvetica,sans-serif;\">La profesora Beatriz Sequera, gerente de Tecnolog\u00eda Educativa del Inces, dijo que con el desarrollo de esta modalidad formativa se est\u00e1 dando cumplimiento a los lineamientos establecidos por la Unesco referidos a las pol\u00edticas p\u00fablicas de formaci\u00f3n profesional en las empresas y porque esta modalidad es tambi\u00e9n un lineamiento del Inces para la contribuci\u00f3n a la formaci\u00f3n integral de los trabajadores y las trabajadoras.<\/span><\/p>\n<p style=\"text-align: justify;\" align=\"justify\"><span style=\"font-family: arial,helvetica,sans-serif;\"><img loading=\"lazy\" decoding=\"async\" class=\"aligncenter wp-image-24812 size-full\" src=\"http:\/\/www.inces.gob.ve\/wp-content\/uploads\/2019\/02\/2trabajadores-de-Insopesca.jpg\" alt=\"\" width=\"850\" height=\"567\" srcset=\"https:\/\/inces.gob.ve\/wp-content\/uploads\/2019\/02\/2trabajadores-de-Insopesca.jpg 850w, https:\/\/inces.gob.ve\/wp-content\/uploads\/2019\/02\/2trabajadores-de-Insopesca-300x200.jpg 300w, https:\/\/inces.gob.ve\/wp-content\/uploads\/2019\/02\/2trabajadores-de-Insopesca-768x512.jpg 768w\" sizes=\"auto, (max-width: 850px) 100vw, 850px\" \/><\/span><\/p>\n<p style=\"text-align: justify;\" align=\"justify\"><span style=\"font-family: arial,helvetica,sans-serif;\">Sequera se\u00f1al\u00f3 que una vez que este grupo culmine la formaci\u00f3n el pr\u00f3ximo paso es la pr\u00e1ctica profesional docente, ya que el facilitador puede desarrollar su entrenamiento en sus propios espacios laborales. <\/span><\/p>\n<p style=\"text-align: justify;\" align=\"justify\"><span style=\"font-family: arial,helvetica,sans-serif;\">Adem\u00e1s de este diplomado, el Inces tiene otros perfiles destinados a la formaci\u00f3n de nuevos docentes como, Facilitadores en entidades de trabajo, Promotor de mediaci\u00f3n en proceso de ense\u00f1anza- aprendizaje, Facilitador metodol\u00f3gico y Facilitador pedag\u00f3gico; \u201cperfiles que permiten que el trabajador siga creciendo y aumentando sus habilidades y competencias en las \u00e1reas que ellos tengan a bien desarrollar\u201d, estim\u00f3 Sequera. <\/span><\/p>\n<p style=\"text-align: justify;\" align=\"justify\"><span style=\"font-family: arial,helvetica,sans-serif;\"> <img loading=\"lazy\" decoding=\"async\" class=\"aligncenter wp-image-24809 size-full\" src=\"http:\/\/www.inces.gob.ve\/wp-content\/uploads\/2019\/02\/7Diplomado.jpg\" alt=\"\" width=\"850\" height=\"567\" srcset=\"https:\/\/inces.gob.ve\/wp-content\/uploads\/2019\/02\/7Diplomado.jpg 850w, https:\/\/inces.gob.ve\/wp-content\/uploads\/2019\/02\/7Diplomado-300x200.jpg 300w, https:\/\/inces.gob.ve\/wp-content\/uploads\/2019\/02\/7Diplomado-768x512.jpg 768w\" sizes=\"auto, (max-width: 850px) 100vw, 850px\" \/><\/span><\/p>\n<p style=\"text-align: justify;\" align=\"justify\"><span style=\"font-family: arial,helvetica,sans-serif;\">En la actualidad hay ocho grupos de participantes en pleno proceso de formaci\u00f3n y se estima que para la v\u00edspera del sesenta aniversario del Inces egrese la primera promoci\u00f3n de facilitadores a trav\u00e9s de la modalidad del diplomado. \u201cSe trata de un gran salto cualitativo y un aporte importante del Inces para los trabajadores\u201d. <\/span><\/p>\n<p style=\"text-align: justify;\" align=\"justify\"><span style=\"font-family: arial,helvetica,sans-serif;\">LT.<\/span><\/p>\n","protected":false},"excerpt":{"rendered":"<p>** El acuerdo formativo con Insopesca fue establecido a trav\u00e9s de una solicitud realizada por sus trabajadores para la aplicaci\u00f3n de este diplomado en la modalidad de clases presenciales y no presenciales.<\/p>\n","protected":false},"author":15,"featured_media":24813,"comment_status":"closed","ping_status":"closed","sticky":false,"template":"","format":"standard","meta":{"footnotes":""},"categories":[2],"tags":[],"class_list":["post-24808","post","type-post","status-publish","format-standard","has-post-thumbnail","hentry","category-blog"],"_links":{"self":[{"href":"https:\/\/inces.gob.ve\/index.php\/wp-json\/wp\/v2\/posts\/24808","targetHints":{"allow":["GET"]}}],"collection":[{"href":"https:\/\/inces.gob.ve\/index.php\/wp-json\/wp\/v2\/posts"}],"about":[{"href":"https:\/\/inces.gob.ve\/index.php\/wp-json\/wp\/v2\/types\/post"}],"author":[{"embeddable":true,"href":"https:\/\/inces.gob.ve\/index.php\/wp-json\/wp\/v2\/users\/15"}],"replies":[{"embeddable":true,"href":"https:\/\/inces.gob.ve\/index.php\/wp-json\/wp\/v2\/comments?post=24808"}],"version-history":[{"count":2,"href":"https:\/\/inces.gob.ve\/index.php\/wp-json\/wp\/v2\/posts\/24808\/revisions"}],"predecessor-version":[{"id":24815,"href":"https:\/\/inces.gob.ve\/index.php\/wp-json\/wp\/v2\/posts\/24808\/revisions\/24815"}],"wp:featuredmedia":[{"embeddable":true,"href":"https:\/\/inces.gob.ve\/index.php\/wp-json\/wp\/v2\/media\/24813"}],"wp:attachment":[{"href":"https:\/\/inces.gob.ve\/index.php\/wp-json\/wp\/v2\/media?parent=24808"}],"wp:term":[{"taxonomy":"category","embeddable":true,"href":"https:\/\/inces.gob.ve\/index.php\/wp-json\/wp\/v2\/categories?post=24808"},{"taxonomy":"post_tag","embeddable":true,"href":"https:\/\/inces.gob.ve\/index.php\/wp-json\/wp\/v2\/tags?post=24808"}],"curies":[{"name":"wp","href":"https:\/\/api.w.org\/{rel}","templated":true}]}}