{"id":24869,"date":"2019-02-19T11:06:22","date_gmt":"2019-02-19T17:06:22","guid":{"rendered":"http:\/\/www.inces.gob.ve\/?p=24869"},"modified":"2020-05-28T20:29:34","modified_gmt":"2020-05-29T00:29:34","slug":"inces-y-la-mision-venezuela-bella-formaran-a-mas-de-400-mil-venezolanos","status":"publish","type":"post","link":"https:\/\/inces.gob.ve\/index.php\/2019\/02\/19\/inces-y-la-mision-venezuela-bella-formaran-a-mas-de-400-mil-venezolanos\/","title":{"rendered":"Inces y la Misi\u00f3n Venezuela Bella formar\u00e1n a m\u00e1s de 400 mil venezolanos"},"content":{"rendered":"<p align=\"JUSTIFY\"><span style=\"font-family: Arial,sans-serif;\"><i><b>** <\/b><\/i><i><b>D<\/b><\/i><i><b>urante el 2019<\/b><\/i><i><b> <\/b><\/i><i><b>formar\u00e1n a <\/b><\/i><i><b>1 mill\u00f3n de <\/b><\/i><i><b>participantes<\/b><\/i><i><b> prioriza<\/b><\/i><i><b>ndo<\/b><\/i><i><b> la formaci\u00f3n de j\u00f3venes entre los 15 a 35 a\u00f1os a trav\u00e9s de las misiones sociales y las alianzas con las empresas p\u00fablicas y privadas<\/b><\/i> <\/span><!--more--><\/p>\n<p align=\"JUSTIFY\"><span style=\"font-family: Arial,sans-serif;\"><b>LUIS ANGEL | Sede<\/b><\/span><\/p>\n<p align=\"JUSTIFY\">\n<p align=\"JUSTIFY\"><span style=\"font-family: Arial,sans-serif;\">El Instituto Nacional de Capacitaci\u00f3n y Educaci\u00f3n Socialista (Inces) se plante\u00f3 para el <b>2019 atender a 1 mill\u00f3n de venezolanos<\/b> a lo largo del territorio nacional. As\u00ed lo inform\u00f3 Richard Delgado gerente general de Formaci\u00f3n Profesional, durante la reuni\u00f3n con los gerentes regionales, quien agreg\u00f3 que la formaci\u00f3n se desarrollar\u00e1 con especial enfoque en la <b>Gran Misi\u00f3n Chamba Juvenil, la Misi\u00f3n Venezuela Bella <\/b>y el abordaje directo a<b> las entidades de trabajo <\/b><b>p\u00fablicas y privadas<\/b> para formar a la clase trabajadora. <\/span><\/p>\n<p align=\"JUSTIFY\">\n<p align=\"JUSTIFY\"><span style=\"font-family: Arial,sans-serif;\">Delgado coment\u00f3 que a trav\u00e9s de la Misi\u00f3n Venezuela Bella, la cual cuenta con 62 ciudades priorizadas en el pa\u00eds, se impulsar\u00e1 la formaci\u00f3n y autoformaci\u00f3n de <b>439.257 participantes <\/b>en los diferentes espacios de la comunidad,<b> <\/b>como las comunas, bases de misiones y consejos comunales. Estos participantes ser\u00e1n los encargados de ejecutar las obras p\u00fablicas de la misi\u00f3n. <\/span><\/p>\n<p align=\"JUSTIFY\">\n<p align=\"JUSTIFY\"><span style=\"font-family: Arial,sans-serif;\">Por otro lado, destac\u00f3 que la intenci\u00f3n del instituto es formar con mayor fuerza en espacios externos a los centros de formaci\u00f3n socialista (CFS), priorizando el abordaje en las entidades de trabajo para incluir en la formaci\u00f3n a <b>290 mil trabajadores<\/b>, a trav\u00e9s de los planes de formaci\u00f3n y autoformaci\u00f3n bianuales de cada entidad.<\/span><\/p>\n<p align=\"JUSTIFY\">\n<p align=\"JUSTIFY\">\u201c<span style=\"font-family: Arial,sans-serif;\">La intenci\u00f3n es que los CFS sean el n\u00facleo de nuestras pol\u00edticas formativas pero que las mismas se desarrollen fuera de sus paredes, en los espacios de la comunidad, entidades de trabajo, espacios p\u00fablicos, entre otros\u201d, dijo Delgado.<\/span><\/p>\n<p align=\"JUSTIFY\">\n<p align=\"JUSTIFY\"><span style=\"font-family: Arial,sans-serif;\">El gerente de Formaci\u00f3n del Inces estima la formaci\u00f3n de <b>250 mil j\u00f3venes<\/b> en conjunto con la Gran Misi\u00f3n Chamba Juvenil, de los cuales 100 mil ser\u00e1n aprendices, 100 mil brigadistas productivos y se incorporar\u00e1n 50 mil chamos en el nuevo programa de Chamba en la Escuela.<\/span><\/p>\n<p align=\"JUSTIFY\">\n<p align=\"JUSTIFY\"><img loading=\"lazy\" decoding=\"async\" class=\"aligncenter wp-image-24871 size-full\" src=\"http:\/\/www.inces.gob.ve\/wp-content\/uploads\/2019\/02\/19-02-2019JL_Consejo_Gesti\u00f3n_Regional_Inces2.jpg\" alt=\"\" width=\"3076\" height=\"1963\" srcset=\"https:\/\/inces.gob.ve\/wp-content\/uploads\/2019\/02\/19-02-2019JL_Consejo_Gesti\u00f3n_Regional_Inces2.jpg 3076w, https:\/\/inces.gob.ve\/wp-content\/uploads\/2019\/02\/19-02-2019JL_Consejo_Gesti\u00f3n_Regional_Inces2-300x191.jpg 300w, https:\/\/inces.gob.ve\/wp-content\/uploads\/2019\/02\/19-02-2019JL_Consejo_Gesti\u00f3n_Regional_Inces2-768x490.jpg 768w, https:\/\/inces.gob.ve\/wp-content\/uploads\/2019\/02\/19-02-2019JL_Consejo_Gesti\u00f3n_Regional_Inces2-1024x653.jpg 1024w\" sizes=\"auto, (max-width: 3076px) 100vw, 3076px\" \/><\/p>\n<p align=\"JUSTIFY\">\n<p align=\"JUSTIFY\"><span style=\"font-family: Arial,sans-serif;\"><b>C\u00e1lculo para la meta formativa<\/b><\/span><\/p>\n<p align=\"JUSTIFY\">\u201c<span style=\"font-family: Arial,sans-serif;\">Calculamos la meta de 1 mill\u00f3n de participantes tomando como base de referencia a 12.711.351 ciudadanos que se encuentran entre los <b>15 a 39 a\u00f1os de edad<\/b>, seg\u00fan los datos del Instituto Nacional de Estad\u00edstica (INE), <b>prioriza<\/b><b>ndo<\/b><b> las necesidades de inclusi\u00f3n formativa<\/b> por cada regi\u00f3n del pa\u00eds\u201d, explic\u00f3 Delgado.<\/span><\/p>\n<p align=\"JUSTIFY\">\n<p align=\"JUSTIFY\"><span style=\"font-family: Arial,sans-serif;\">Por \u00faltimo, subray\u00f3 que el <b>57% de la meta formativa<\/b> se concentran en los estados Zulia, Miranda, Carabobo, Lara, Distrito Capital, Aragua, Bol\u00edvar y Anzo\u00e1tegui; regiones que cuentan adem\u00e1s con la mayor cantidad de <b>\u00e1mbitos de formaci\u00f3n especializados<\/b> como los talleres de carpinter\u00eda, herrer\u00eda, soldadura, laboratorios cient\u00edficos, del \u00e1rea textil, metalmec\u00e1nica, entre otros. <\/span><\/p>\n","protected":false},"excerpt":{"rendered":"<p>** Durante el 2019 formar\u00e1n a 1 mill\u00f3n de participantes priorizando la formaci\u00f3n de j\u00f3venes entre los 15 a 35 a\u00f1os a trav\u00e9s de las misiones sociales y las alianzas con las empresas p\u00fablicas y privadas<\/p>\n","protected":false},"author":4,"featured_media":24870,"comment_status":"closed","ping_status":"open","sticky":false,"template":"","format":"standard","meta":{"footnotes":""},"categories":[2],"tags":[],"class_list":["post-24869","post","type-post","status-publish","format-standard","has-post-thumbnail","hentry","category-blog"],"_links":{"self":[{"href":"https:\/\/inces.gob.ve\/index.php\/wp-json\/wp\/v2\/posts\/24869","targetHints":{"allow":["GET"]}}],"collection":[{"href":"https:\/\/inces.gob.ve\/index.php\/wp-json\/wp\/v2\/posts"}],"about":[{"href":"https:\/\/inces.gob.ve\/index.php\/wp-json\/wp\/v2\/types\/post"}],"author":[{"embeddable":true,"href":"https:\/\/inces.gob.ve\/index.php\/wp-json\/wp\/v2\/users\/4"}],"replies":[{"embeddable":true,"href":"https:\/\/inces.gob.ve\/index.php\/wp-json\/wp\/v2\/comments?post=24869"}],"version-history":[{"count":1,"href":"https:\/\/inces.gob.ve\/index.php\/wp-json\/wp\/v2\/posts\/24869\/revisions"}],"predecessor-version":[{"id":24872,"href":"https:\/\/inces.gob.ve\/index.php\/wp-json\/wp\/v2\/posts\/24869\/revisions\/24872"}],"wp:featuredmedia":[{"embeddable":true,"href":"https:\/\/inces.gob.ve\/index.php\/wp-json\/wp\/v2\/media\/24870"}],"wp:attachment":[{"href":"https:\/\/inces.gob.ve\/index.php\/wp-json\/wp\/v2\/media?parent=24869"}],"wp:term":[{"taxonomy":"category","embeddable":true,"href":"https:\/\/inces.gob.ve\/index.php\/wp-json\/wp\/v2\/categories?post=24869"},{"taxonomy":"post_tag","embeddable":true,"href":"https:\/\/inces.gob.ve\/index.php\/wp-json\/wp\/v2\/tags?post=24869"}],"curies":[{"name":"wp","href":"https:\/\/api.w.org\/{rel}","templated":true}]}}