{"id":24897,"date":"2019-02-19T13:03:37","date_gmt":"2019-02-19T19:03:37","guid":{"rendered":"http:\/\/www.inces.gob.ve\/?p=24897"},"modified":"2020-05-28T20:29:33","modified_gmt":"2020-05-29T00:29:33","slug":"atencion-al-ciudadano-realizo-charla-informativa-de-lo-que-ofrece-inces-nueva-esparta","status":"publish","type":"post","link":"https:\/\/inces.gob.ve\/index.php\/2019\/02\/19\/atencion-al-ciudadano-realizo-charla-informativa-de-lo-que-ofrece-inces-nueva-esparta\/","title":{"rendered":"Atenci\u00f3n al Ciudadano realiz\u00f3 charla informativa de lo que ofrece Inces Nueva Esparta"},"content":{"rendered":"<p class=\"western\" style=\"text-align: justify;\" align=\"justify\"><span style=\"font-size: medium;\"><strong><span style=\"font-family: arial,helvetica,sans-serif;\"><i>** Durante la exposici\u00f3n sostenida ofrecieron los distintos programas y cursos que se dictan en la instituci\u00f3n<\/i><\/span><\/strong><\/span><\/p>\n<p class=\"western\" style=\"text-align: justify;\" align=\"justify\"><strong><span style=\"font-family: arial,helvetica,sans-serif;\"><!--more--><\/span><\/strong><\/p>\n<p class=\"western\" style=\"text-align: justify;\" align=\"justify\"><span style=\"font-size: medium;\"><strong><span style=\"font-family: arial,helvetica,sans-serif;\">FRANCIS MORENO | Nueva Esparta<\/span><\/strong><\/span><\/p>\n<p class=\"western\" style=\"text-align: justify;\" align=\"justify\"><span style=\"font-size: 14pt; font-family: arial,helvetica,sans-serif;\">El equipo estrat\u00e9gico de la Oficina de Atenci\u00f3n a la Ciudadan\u00eda (OAC) del Inces de la regi\u00f3n insular llev\u00f3 a cabo una charla informativa a integrantes del consejo comunal San Lorenzo, perteneciente a la comuna Sembrando Patria, localizada en el municipio Maneiro. <\/span><\/p>\n<p class=\"western\" style=\"text-align: justify;\" align=\"justify\"><span style=\"font-size: 14pt; font-family: arial,helvetica,sans-serif;\">\u00c1ngel Sol\u00f3rzano, coordinador de la OAC, indic\u00f3 que este tipo de encuentros forma parte del plan de acci\u00f3n enmarcado dentro de las l\u00edneas estrat\u00e9gicas que ofrece el Inces en las comunidades que se encuentran debidamente organizadas en consejos comunales y comunas. <\/span><\/p>\n<p class=\"western\" style=\"text-align: justify;\" align=\"justify\"><span style=\"font-size: 14pt; font-family: arial,helvetica,sans-serif;\"><img loading=\"lazy\" decoding=\"async\" class=\"aligncenter wp-image-24899 size-full\" src=\"http:\/\/www.inces.gob.ve\/wp-content\/uploads\/2019\/02\/1charla-informativa.jpg\" alt=\"\" width=\"850\" height=\"524\" srcset=\"https:\/\/inces.gob.ve\/wp-content\/uploads\/2019\/02\/1charla-informativa.jpg 850w, https:\/\/inces.gob.ve\/wp-content\/uploads\/2019\/02\/1charla-informativa-300x185.jpg 300w, https:\/\/inces.gob.ve\/wp-content\/uploads\/2019\/02\/1charla-informativa-768x473.jpg 768w\" sizes=\"auto, (max-width: 850px) 100vw, 850px\" \/><\/span><\/p>\n<p class=\"western\" style=\"text-align: justify;\" align=\"justify\"><span style=\"font-size: 14pt; font-family: arial,helvetica,sans-serif;\">Sol\u00f3rzano se\u00f1al\u00f3 que en la reuni\u00f3n sostenida ofrecieron los cursos que se dictan en la instituci\u00f3n, as\u00ed como tambi\u00e9n explicaron los pasos a seguir para para obtener la acreditaci\u00f3n por los conocimientos emp\u00edricos adquiridos durante el tiempo. Igualmente se inform\u00f3 sobre el Programa Nacional de Aprendizaje (PNA), el Bachillerato Productivo que ofrece la unidad educativa Inces, entre otros proyectos y programas. <\/span><\/p>\n<p class=\"western\" style=\"text-align: justify;\" align=\"justify\"><span style=\"font-size: 14pt; font-family: arial,helvetica,sans-serif;\">Es de resaltar que la Oficina de Atenci\u00f3n a la Ciudadan\u00eda brinda asesor\u00eda legal en funci\u00f3n de dar una respuesta eficiente a la comunidad que lo requiera, as\u00ed como institucional y a la ciudadan\u00eda en general en denuncias, quejas, reclamos, sugerencias o peticiones, todo esto en aras de contribuir con el fortalecimiento del poder popular.<\/span><\/p>\n<p style=\"text-align: justify;\" align=\"justify\"><span style=\"font-size: 14pt; font-family: arial,helvetica,sans-serif;\">LT,<\/span><\/p>\n","protected":false},"excerpt":{"rendered":"<p>** Durante la exposici\u00f3n sostenida ofrecieron los distintos programas y cursos que se dictan en la instituci\u00f3n<\/p>\n","protected":false},"author":15,"featured_media":24898,"comment_status":"closed","ping_status":"closed","sticky":false,"template":"","format":"standard","meta":{"footnotes":""},"categories":[2],"tags":[],"class_list":["post-24897","post","type-post","status-publish","format-standard","has-post-thumbnail","hentry","category-blog"],"_links":{"self":[{"href":"https:\/\/inces.gob.ve\/index.php\/wp-json\/wp\/v2\/posts\/24897","targetHints":{"allow":["GET"]}}],"collection":[{"href":"https:\/\/inces.gob.ve\/index.php\/wp-json\/wp\/v2\/posts"}],"about":[{"href":"https:\/\/inces.gob.ve\/index.php\/wp-json\/wp\/v2\/types\/post"}],"author":[{"embeddable":true,"href":"https:\/\/inces.gob.ve\/index.php\/wp-json\/wp\/v2\/users\/15"}],"replies":[{"embeddable":true,"href":"https:\/\/inces.gob.ve\/index.php\/wp-json\/wp\/v2\/comments?post=24897"}],"version-history":[{"count":6,"href":"https:\/\/inces.gob.ve\/index.php\/wp-json\/wp\/v2\/posts\/24897\/revisions"}],"predecessor-version":[{"id":24905,"href":"https:\/\/inces.gob.ve\/index.php\/wp-json\/wp\/v2\/posts\/24897\/revisions\/24905"}],"wp:featuredmedia":[{"embeddable":true,"href":"https:\/\/inces.gob.ve\/index.php\/wp-json\/wp\/v2\/media\/24898"}],"wp:attachment":[{"href":"https:\/\/inces.gob.ve\/index.php\/wp-json\/wp\/v2\/media?parent=24897"}],"wp:term":[{"taxonomy":"category","embeddable":true,"href":"https:\/\/inces.gob.ve\/index.php\/wp-json\/wp\/v2\/categories?post=24897"},{"taxonomy":"post_tag","embeddable":true,"href":"https:\/\/inces.gob.ve\/index.php\/wp-json\/wp\/v2\/tags?post=24897"}],"curies":[{"name":"wp","href":"https:\/\/api.w.org\/{rel}","templated":true}]}}