{"id":24949,"date":"2019-02-20T08:36:57","date_gmt":"2019-02-20T14:36:57","guid":{"rendered":"http:\/\/www.inces.gob.ve\/?p=24949"},"modified":"2020-05-28T20:29:33","modified_gmt":"2020-05-29T00:29:33","slug":"inces-desmiente-acusaciones-de-la-ula-tachira","status":"publish","type":"post","link":"https:\/\/inces.gob.ve\/index.php\/2019\/02\/20\/inces-desmiente-acusaciones-de-la-ula-tachira\/","title":{"rendered":"Inces desmiente acusaciones de la ULA T\u00e1chira"},"content":{"rendered":"<p class=\"western\" align=\"justify\"><span style=\"font-size: large;\"><em><strong><span style=\"font-family: Arial,sans-serif;\">** El Inces no es responsable por la falta del servicio de comedor de la universidad<\/span><\/strong><\/em><\/span><\/p>\n<p align=\"justify\"><!--more--><\/p>\n<p class=\"western\" align=\"justify\"><strong><a name=\"more-24949\"><\/a><span style=\"font-family: Arial,sans-serif;\"><span style=\"font-size: large;\">T\u00c1CHIRA<\/span><\/span><\/strong><\/p>\n<p class=\"western\" align=\"justify\"><span style=\"font-family: Arial,sans-serif;\"><span style=\"font-size: large;\">El gerente regional del Inces T\u00e1chira, Geovanni Gonz\u00e1lez, hizo uso de su derecho a r\u00e9plica respecto a las presuntas acusaciones que ha realizado el vicerrector acad\u00e9mico, Omar P\u00e9rez D\u00edaz, de la Universidad de los Andes ULA-T\u00e1chira, n\u00facleo \u201cPedro Rinc\u00f3n Guti\u00e9rrez\u201d, quien manifiesta que su servicio de comedor se encuentra paralizado por falta de la solvencia del Inces.<\/span><\/span><\/p>\n<p class=\"western\" align=\"justify\"><span style=\"font-family: Arial,sans-serif;\"><span style=\"font-size: large;\">Al respecto Gonz\u00e1lez manifest\u00f3 que la aseveraci\u00f3n del vicerrector de la ULA no es imputable a la realidad \u201cya que la empresa COMIMAN T\u00c1CHIRA, responsable de prestar el servicio de comedor en la universidad, ten\u00eda aproximadamente un a\u00f1o sin cumplir con su deberes y obligaciones tributarias conforme a las normas que regulan la materia; por el contrario, se ofreci\u00f3 la atenci\u00f3n al contribuyente, mediante la cual se le indicaron los pasos a seguir para el proceso de solvencia previo a la verificaci\u00f3n de los deberes y obligaciones pertinentes. Una vez cumplidos todos los procesos tributarios se le emiti\u00f3 electr\u00f3nicamente su solvencia, la cual tiene una vigencia de tres meses.\u201d<\/span><\/span><\/p>\n<p class=\"western\" align=\"justify\"><span style=\"font-family: Arial,sans-serif;\"><span style=\"font-size: large;\">Igualmente, es necesario informar que el Inces implement\u00f3 el nuevo Registro Nacional de Contribuciones Parafiscales, informado mediante cartel oficial de fecha 22 de agosto del a\u00f1o 2018, cuales son los procesos para el pago del tributo parafiscal; ahora bien, en raz\u00f3n del principio de seguridad jur\u00eddica y en raz\u00f3n de la actualizaci\u00f3n de la plataforma tecnol\u00f3gica tributaria para mejor servicio de los particulares, se inform\u00f3 que las entidades de trabajo del sector p\u00fablico y privado, de conformidad con lo establecido en la Orden Administrativa N\u00b0 OA-2016-07-240 de fecha 11-07-2016, publicada en la Gaceta Oficial de la Rep\u00fablica Bolivariana de Venezuela, N\u00b0 41.046 de fecha 06\/12\/2016, espec\u00edficamente en los Cap\u00edtulos II y VI, art\u00edculo 2 y Disposici\u00f3n Segunda, referentes al Registro Nacional de Contribuciones Parafiscales e Informaci\u00f3n y Actualizaci\u00f3n en el mismo; y lo referente a los deberes y obligaciones tributarias previstos en los art\u00edculos 49, 50, 51 y 52 del Decreto con Rango Valor y Fuerza de Ley del Instituto Nacional de Capacitaci\u00f3n y Educaci\u00f3n Socialista; en concordancia con los art\u00edculos 100, 132, 135, 148, 155 y 156 del C\u00f3digo Org\u00e1nico Tributario; a trav\u00e9s del sitio Web Inces se registren, actualicen datos, declaren y reporten los pagos por concepto de aportes en l\u00ednea, para la posterior emisi\u00f3n de la solvencia electr\u00f3nica, desde la comodidad de su domicilio fiscal cumpliendo con la Ley de Simplificaci\u00f3n de Tr\u00e1mites Administrativos y Ley de Infogobierno. <\/span><\/span><\/p>\n<p class=\"western\" align=\"justify\"><span style=\"font-family: Arial,sans-serif;\"><span style=\"font-size: large;\">Asimismo, recalc\u00f3 Gonz\u00e1lez que el Inces Ta\u0107hira no tiene causa imputable por la falta del servicio de alimentaci\u00f3n de la ULA T\u00e1chira; ya que el ente responsable para realizar cualquier gesti\u00f3n es COMIMAN T\u00c1CHIRA C.A, empresa que presta viene prestando el servicio de comedor en el n\u00facleo universitario por m\u00e1s de 24 a\u00f1os. Cabe destacar que \u201cCOMIMAN notific\u00f3 a la ULA el d\u00eda 4 de febrero del presente a\u00f1o, que a ellos se les hace dif\u00edcil prestar el servicio de comedor en el nuevo per\u00edodo 2019\u201d.<\/span><\/span><\/p>\n<p class=\"western\" align=\"justify\"><a name=\"_GoBack\"><\/a><span style=\"font-family: Arial,sans-serif;\"><span style=\"font-size: large;\">De igual manera, Gonz\u00e1lez, recalc\u00f3 que el Inces est\u00e1 en disposici\u00f3n de esclarecer de forma transparente ante cualquier ente p\u00fablico, privado y educativo las vicisitudes que se presenten a la hora de solventar los procesos tributarios que se realizan en la instituci\u00f3n; adem\u00e1s, hace un llamado a la ULA T\u00e1chira, para que establezca los lazos de comunicaci\u00f3n con la empresa COMIMAN T\u00c1CHIRA, para que el Inces no se vuelva a ver implicado en procesos que no le competen al ente p\u00fablico; siendo hecho f\u00e1ctico los avances tecnol\u00f3gicos de sus procesos tributarios.<\/span><\/span><\/p>\n<p class=\"western\" align=\"justify\"><span style=\"font-family: Arial,sans-serif;\"><span style=\"font-size: large;\">LT.<\/span><\/span><\/p>\n<p class=\"western\" align=\"justify\">\n","protected":false},"excerpt":{"rendered":"<p>** El Inces no es responsable por la falta del servicio de comedor de la universidad<\/p>\n","protected":false},"author":15,"featured_media":24930,"comment_status":"closed","ping_status":"closed","sticky":false,"template":"","format":"standard","meta":{"footnotes":""},"categories":[2],"tags":[],"class_list":["post-24949","post","type-post","status-publish","format-standard","has-post-thumbnail","hentry","category-blog"],"_links":{"self":[{"href":"https:\/\/inces.gob.ve\/index.php\/wp-json\/wp\/v2\/posts\/24949","targetHints":{"allow":["GET"]}}],"collection":[{"href":"https:\/\/inces.gob.ve\/index.php\/wp-json\/wp\/v2\/posts"}],"about":[{"href":"https:\/\/inces.gob.ve\/index.php\/wp-json\/wp\/v2\/types\/post"}],"author":[{"embeddable":true,"href":"https:\/\/inces.gob.ve\/index.php\/wp-json\/wp\/v2\/users\/15"}],"replies":[{"embeddable":true,"href":"https:\/\/inces.gob.ve\/index.php\/wp-json\/wp\/v2\/comments?post=24949"}],"version-history":[{"count":5,"href":"https:\/\/inces.gob.ve\/index.php\/wp-json\/wp\/v2\/posts\/24949\/revisions"}],"predecessor-version":[{"id":24954,"href":"https:\/\/inces.gob.ve\/index.php\/wp-json\/wp\/v2\/posts\/24949\/revisions\/24954"}],"wp:featuredmedia":[{"embeddable":true,"href":"https:\/\/inces.gob.ve\/index.php\/wp-json\/wp\/v2\/media\/24930"}],"wp:attachment":[{"href":"https:\/\/inces.gob.ve\/index.php\/wp-json\/wp\/v2\/media?parent=24949"}],"wp:term":[{"taxonomy":"category","embeddable":true,"href":"https:\/\/inces.gob.ve\/index.php\/wp-json\/wp\/v2\/categories?post=24949"},{"taxonomy":"post_tag","embeddable":true,"href":"https:\/\/inces.gob.ve\/index.php\/wp-json\/wp\/v2\/tags?post=24949"}],"curies":[{"name":"wp","href":"https:\/\/api.w.org\/{rel}","templated":true}]}}