{"id":24965,"date":"2019-02-20T11:08:34","date_gmt":"2019-02-20T17:08:34","guid":{"rendered":"http:\/\/www.inces.gob.ve\/?p=24965"},"modified":"2020-05-28T20:34:47","modified_gmt":"2020-05-29T00:34:47","slug":"yaracuy-ofrenda-y-entrega-reconocimientos-en-el-mes-de-la-juventud-rebelde","status":"publish","type":"post","link":"https:\/\/inces.gob.ve\/index.php\/2019\/02\/20\/yaracuy-ofrenda-y-entrega-reconocimientos-en-el-mes-de-la-juventud-rebelde\/","title":{"rendered":"Yaracuy ofrenda y entrega reconocimientos en el mes de la Juventud Rebelde"},"content":{"rendered":"<p align=\"justify\"><span style=\"font-family: Arial,sans-serif;\"><span style=\"font-size: medium;\">** <i>Las generaciones que se forman con el Inces tienen el compromiso de vencer la guerra econ\u00f3mica a trav\u00e9s de la formaci\u00f3n y el emprendimiento. \u00a1Vaya un especial reconocimiento a todos!<\/i><\/span><\/span><\/p>\n<p align=\"justify\">\n<!--more--><\/p>\n<p align=\"justify\"><span style=\"font-family: Arial,sans-serif;\"><span style=\"font-size: medium;\"><b>MAR\u00cdA ALEJANDRA ARIAS | Yaracuy <\/b><\/span><\/span><\/p>\n<p align=\"justify\">\n<p align=\"justify\"><span style=\"font-family: Arial,sans-serif;\"><span style=\"font-size: medium;\">Tal y como estaba previsto, se llev\u00f3 a cabo una ofrenda ecol\u00f3gica ante el Padre de la Patria por parte de las y los aprendices del Inces Yaracuy, quienes han sido protagonistas, durante el mes de la Juventud Rebelde, cuando se celebran los 205 a\u00f1os de la Batalla de la Victoria y el Aniversario XV del Instituto T\u00e9cnico y Manual de Acci\u00f3n Docente Delegada Lissett Rodr\u00edguez, recinto donde los Chambistas desarrollan su primer momento de formaci\u00f3n te\u00f3rica.<\/span><\/span><\/p>\n<p align=\"justify\">\n<p align=\"justify\"><span style=\"font-family: Arial,sans-serif;\"><span style=\"font-size: medium;\">En esta oportunidad, la gerencia regional del Inces Yaracuy, a cargo de Dalvi Torrealba, junto al Programa Nacional de Aprendizaje y Juventud Productiva, organiz\u00f3 un acto protocolar para los j\u00f3venes trabajadores en formaci\u00f3n. La actividad, que se llev\u00f3 a cabo en el Consejo Legislativo del estado, sirvi\u00f3 para homenajear a los aprendices m\u00e1s destacados y que pronto asumir\u00e1n el reto de las pasant\u00edas en las distintas entidades de trabajo con obligaci\u00f3n Inces.<\/span><\/span><\/p>\n<p align=\"justify\"><span style=\"font-family: Arial,sans-serif;\"><span style=\"font-size: medium;\"><img loading=\"lazy\" decoding=\"async\" class=\"aligncenter wp-image-24966 size-full\" src=\"http:\/\/www.inces.gob.ve\/wp-content\/uploads\/2019\/02\/3mes-de-la-Juventud-Rebelde-.jpg\" alt=\"\" width=\"850\" height=\"479\" srcset=\"https:\/\/inces.gob.ve\/wp-content\/uploads\/2019\/02\/3mes-de-la-Juventud-Rebelde-.jpg 850w, https:\/\/inces.gob.ve\/wp-content\/uploads\/2019\/02\/3mes-de-la-Juventud-Rebelde--300x169.jpg 300w, https:\/\/inces.gob.ve\/wp-content\/uploads\/2019\/02\/3mes-de-la-Juventud-Rebelde--768x433.jpg 768w\" sizes=\"auto, (max-width: 850px) 100vw, 850px\" \/><\/span><\/span><\/p>\n<p align=\"justify\">\n<p align=\"justify\"><span style=\"font-family: Arial,sans-serif;\"><span style=\"font-size: medium;\">Vale destacar que los homenajeados fueron: Mar\u00eda Antonieta Mujica, Soanny Anais Saurith, Oriana del Carmen Tovar, Luis Gabriel G\u00f3mez, Sergio David Mendoza, Christian Jos\u00e9 Hern\u00e1ndez y Salom\u00f3n Trejo, quien en nombre de los aprendices expres\u00f3: \u201cTenemos que entender que somos la generaci\u00f3n que transformar\u00e1 a la sociedad. Debemos formarnos y trabajar con mucha dedicaci\u00f3n y esfuerzo. Aprovechar cada oportunidad es el reto\u201d.<\/span><\/span><\/p>\n<p align=\"justify\">\n<p align=\"justify\"><span style=\"font-family: Arial,sans-serif;\"><span style=\"font-size: medium;\">Por su parte, Mar\u00eda Espino, coordinadora del Programa Nacional de Aprendizaje (PNA), quien fungi\u00f3 como oradora de orden en este evento, manifest\u00f3 su satisfacci\u00f3n por la responsabilidad que durante a\u00f1os ha tenido de formar a la juventud en oficios calificados y que van dejando huellas dentro de las entidades de trabajo. Esa misma juventud hoy asume cargos importantes que han conseguido por haberse preparado como aprendices. El Inces tiene rostro de juventud.<\/span><\/span><\/p>\n<p align=\"justify\"><img loading=\"lazy\" decoding=\"async\" class=\"aligncenter wp-image-24968 size-full\" src=\"http:\/\/www.inces.gob.ve\/wp-content\/uploads\/2019\/02\/1mes-de-la-Juventud-Rebelde-.jpg\" alt=\"\" width=\"850\" height=\"553\" srcset=\"https:\/\/inces.gob.ve\/wp-content\/uploads\/2019\/02\/1mes-de-la-Juventud-Rebelde-.jpg 850w, https:\/\/inces.gob.ve\/wp-content\/uploads\/2019\/02\/1mes-de-la-Juventud-Rebelde--300x195.jpg 300w, https:\/\/inces.gob.ve\/wp-content\/uploads\/2019\/02\/1mes-de-la-Juventud-Rebelde--768x500.jpg 768w\" sizes=\"auto, (max-width: 850px) 100vw, 850px\" \/>\n<\/p>\n<p align=\"justify\"><span style=\"font-family: Arial,sans-serif;\"><span style=\"font-size: medium;\">Finalmente, Dalvi Torrealba, gerente regional del Inces Yaracuy, indic\u00f3 que en los XV a\u00f1os de fundaci\u00f3n del instituto Lissett Rodr\u00edguez ha evidenciado su compromiso con la formaci\u00f3n del pueblo de Yaracuy, y ahora es el \u00fanico con la figura de acci\u00f3n docente delegada Inces que tiene la imperiosa misi\u00f3n de formar a los aprendices. \u201cAuguramos muchos \u00e9xitos y que contin\u00faen realizando tan noble tarea para as\u00ed construir el pa\u00eds que todas y todos queremos. J\u00f3venes, su misi\u00f3n apenas inicia. Estudio y trabajo es el norte\u201d.<\/span><\/span><\/p>\n<p align=\"justify\">LT.<\/p>\n","protected":false},"excerpt":{"rendered":"<p>** Las generaciones que se forman con el Inces tienen el compromiso de vencer la guerra econ\u00f3mica a trav\u00e9s de la formaci\u00f3n y el emprendimiento. \u00a1Vaya un especial reconocimiento a todos!<\/p>\n","protected":false},"author":15,"featured_media":24967,"comment_status":"closed","ping_status":"closed","sticky":false,"template":"","format":"standard","meta":{"footnotes":""},"categories":[2],"tags":[],"class_list":["post-24965","post","type-post","status-publish","format-standard","has-post-thumbnail","hentry","category-blog"],"_links":{"self":[{"href":"https:\/\/inces.gob.ve\/index.php\/wp-json\/wp\/v2\/posts\/24965","targetHints":{"allow":["GET"]}}],"collection":[{"href":"https:\/\/inces.gob.ve\/index.php\/wp-json\/wp\/v2\/posts"}],"about":[{"href":"https:\/\/inces.gob.ve\/index.php\/wp-json\/wp\/v2\/types\/post"}],"author":[{"embeddable":true,"href":"https:\/\/inces.gob.ve\/index.php\/wp-json\/wp\/v2\/users\/15"}],"replies":[{"embeddable":true,"href":"https:\/\/inces.gob.ve\/index.php\/wp-json\/wp\/v2\/comments?post=24965"}],"version-history":[{"count":1,"href":"https:\/\/inces.gob.ve\/index.php\/wp-json\/wp\/v2\/posts\/24965\/revisions"}],"predecessor-version":[{"id":24969,"href":"https:\/\/inces.gob.ve\/index.php\/wp-json\/wp\/v2\/posts\/24965\/revisions\/24969"}],"wp:featuredmedia":[{"embeddable":true,"href":"https:\/\/inces.gob.ve\/index.php\/wp-json\/wp\/v2\/media\/24967"}],"wp:attachment":[{"href":"https:\/\/inces.gob.ve\/index.php\/wp-json\/wp\/v2\/media?parent=24965"}],"wp:term":[{"taxonomy":"category","embeddable":true,"href":"https:\/\/inces.gob.ve\/index.php\/wp-json\/wp\/v2\/categories?post=24965"},{"taxonomy":"post_tag","embeddable":true,"href":"https:\/\/inces.gob.ve\/index.php\/wp-json\/wp\/v2\/tags?post=24965"}],"curies":[{"name":"wp","href":"https:\/\/api.w.org\/{rel}","templated":true}]}}