{"id":24993,"date":"2019-02-20T13:52:07","date_gmt":"2019-02-20T19:52:07","guid":{"rendered":"http:\/\/www.inces.gob.ve\/?p=24993"},"modified":"2020-05-28T20:29:33","modified_gmt":"2020-05-29T00:29:33","slug":"inces-inicia-inscripcion-para-bachillerato-productivo","status":"publish","type":"post","link":"https:\/\/inces.gob.ve\/index.php\/2019\/02\/20\/inces-inicia-inscripcion-para-bachillerato-productivo\/","title":{"rendered":"Inces inicia inscripci\u00f3n para Bachillerato Productivo"},"content":{"rendered":"<p align=\"justify\"><span style=\"font-family: arial,helvetica,sans-serif;\"><b>** <i> \u00danicas fechas de atenci\u00f3n para la entrega de recaudos ser\u00e1n los d\u00edas mi\u00e9rcoles 13, 20 y 27 de febrero y 06 y 13 de marzo del a\u00f1o 2019<\/i><\/b><\/span><\/p>\n<p align=\"justify\">\n<p align=\"justify\"><span style=\"font-family: arial,helvetica,sans-serif;\"> <!--more--><\/span><\/p>\n<p align=\"justify\"><span style=\"font-family: arial,helvetica,sans-serif;\"><b>NADIA LOBO | M\u00e9rida<\/b><\/span><\/p>\n<p align=\"justify\">\n<p align=\"justify\"><span style=\"font-family: arial,helvetica,sans-serif;\">Bajo una nueva modalidad de estudios, m\u00e1s atractiva y pertinente, que reduce el tiempo para el egreso y consolida todas las asignatura en componentes, el Instituto Nacional de Capacitaci\u00f3n y Educaci\u00f3n Socialista (Inces) a trav\u00e9s de la Unidad Educativa, inicia el proceso de inscripci\u00f3n para el Bachillerato Productivo que le permite al estudiante la certificaci\u00f3n en diversos oficios.<\/span><\/p>\n<p align=\"justify\">\n<p align=\"justify\"><span style=\"font-family: arial,helvetica,sans-serif;\">As\u00ed lo dio a conocer Nizza Salas, responsable de la Unidad Educativa del Inces M\u00e9rida, quien hizo una invitaci\u00f3n extensiva a los adolescentes a partir de 15 a\u00f1os, as\u00ed como a la poblaci\u00f3n adulta que no culminaron sus estudios de educaci\u00f3n media y tienen m\u00e1s de un a\u00f1o desvinculados del sistema escolar tradicional, a incorporase al bachillerato productivo.<\/span><\/p>\n<p align=\"justify\"><img loading=\"lazy\" decoding=\"async\" class=\"aligncenter wp-image-24995 size-full\" src=\"http:\/\/www.inces.gob.ve\/wp-content\/uploads\/2019\/02\/1Bachillerato-Productivo.jpg\" alt=\"\" width=\"800\" height=\"461\" srcset=\"https:\/\/inces.gob.ve\/wp-content\/uploads\/2019\/02\/1Bachillerato-Productivo.jpg 800w, https:\/\/inces.gob.ve\/wp-content\/uploads\/2019\/02\/1Bachillerato-Productivo-300x173.jpg 300w, https:\/\/inces.gob.ve\/wp-content\/uploads\/2019\/02\/1Bachillerato-Productivo-768x443.jpg 768w\" sizes=\"auto, (max-width: 800px) 100vw, 800px\" \/><\/p>\n<p align=\"justify\"><span style=\"font-family: arial,helvetica,sans-serif;\">De igual manera explic\u00f3 que los estudiantes egresar\u00e1n como bachilleres con un perfil productivo que depender\u00e1 de las experiencias obtenidas emp\u00edrica y acad\u00e9micamente; adem\u00e1s se realiza un proceso de acompa\u00f1amiento para el egreso por acreditaci\u00f3n para aquellos estudiantes adultos y adultas que tienen un c\u00famulo de conocimientos ancestrales, formales y no formales que son reconocidos y validados por la Unidad Educativa del Inces.<\/span><\/p>\n<p align=\"justify\">\n<p align=\"justify\"><span style=\"font-family: arial,helvetica,sans-serif;\">\u201cDesde el d\u00eda mi\u00e9rcoles 13 de febrero y hasta el 13 de marzo del a\u00f1o 2019, la Unidad Educativa del Inces, ubicada en el centro de formaci\u00f3n socialista (CFS) Eli\u00e9zer Otaiza, Av. Los Pr\u00f3ceres de la ciudad de M\u00e9rida, estar\u00e1 desarrollando el proceso de inscripciones para la prosecuci\u00f3n de estudios de bachillerato\u201d, se\u00f1al\u00f3 Salas.<\/span><\/p>\n<p align=\"justify\">\n<p align=\"justify\"><span style=\"font-family: arial,helvetica,sans-serif;\">En este sentido, y para poder formalizar la inscripci\u00f3n, las personas deber\u00e1n consignar los siguientes requisitos: dos copias de c\u00e9dula; dos fotos tipo carnet; original y copia de la partida de nacimiento; original y copia de las notas certificadas del \u00faltimo liceo en el que realiz\u00f3 estudios, en caso de haber estudiado hasta sexto grado, debe consignar original y copia de la certificaci\u00f3n de sexto grado; diez hojas blancas tama\u00f1o oficio; una carpeta amarilla tama\u00f1o oficio y un resumen curricular en el caso de la poblaci\u00f3n adulta.<\/span><\/p>\n<p align=\"justify\">\n<p align=\"justify\"><span style=\"font-family: arial,helvetica,sans-serif;\">Finalmente destac\u00f3 que tambi\u00e9n est\u00e1 a disposici\u00f3n de los estudiantes, la programaci\u00f3n en cursos y talleres que les ofrece el Inces, siendo otra oportunidad de especializarse en uno o varios oficios mientras realiza su formaci\u00f3n, y puede poner en pr\u00e1ctica en sus jornadas de clases por la programaci\u00f3n en proyectos que ofrece nuestra unidad educativa.<\/span><\/p>\n<p align=\"justify\">LT<\/p>\n","protected":false},"excerpt":{"rendered":"<p>** \u00danicas fechas de atenci\u00f3n para la entrega de recaudos ser\u00e1n los d\u00edas mi\u00e9rcoles 13, 20 y 27 de febrero y 06 y 13 de marzo del a\u00f1o 2019<\/p>\n","protected":false},"author":15,"featured_media":24994,"comment_status":"closed","ping_status":"closed","sticky":false,"template":"","format":"standard","meta":{"footnotes":""},"categories":[2],"tags":[],"class_list":["post-24993","post","type-post","status-publish","format-standard","has-post-thumbnail","hentry","category-blog"],"_links":{"self":[{"href":"https:\/\/inces.gob.ve\/index.php\/wp-json\/wp\/v2\/posts\/24993","targetHints":{"allow":["GET"]}}],"collection":[{"href":"https:\/\/inces.gob.ve\/index.php\/wp-json\/wp\/v2\/posts"}],"about":[{"href":"https:\/\/inces.gob.ve\/index.php\/wp-json\/wp\/v2\/types\/post"}],"author":[{"embeddable":true,"href":"https:\/\/inces.gob.ve\/index.php\/wp-json\/wp\/v2\/users\/15"}],"replies":[{"embeddable":true,"href":"https:\/\/inces.gob.ve\/index.php\/wp-json\/wp\/v2\/comments?post=24993"}],"version-history":[{"count":2,"href":"https:\/\/inces.gob.ve\/index.php\/wp-json\/wp\/v2\/posts\/24993\/revisions"}],"predecessor-version":[{"id":24997,"href":"https:\/\/inces.gob.ve\/index.php\/wp-json\/wp\/v2\/posts\/24993\/revisions\/24997"}],"wp:featuredmedia":[{"embeddable":true,"href":"https:\/\/inces.gob.ve\/index.php\/wp-json\/wp\/v2\/media\/24994"}],"wp:attachment":[{"href":"https:\/\/inces.gob.ve\/index.php\/wp-json\/wp\/v2\/media?parent=24993"}],"wp:term":[{"taxonomy":"category","embeddable":true,"href":"https:\/\/inces.gob.ve\/index.php\/wp-json\/wp\/v2\/categories?post=24993"},{"taxonomy":"post_tag","embeddable":true,"href":"https:\/\/inces.gob.ve\/index.php\/wp-json\/wp\/v2\/tags?post=24993"}],"curies":[{"name":"wp","href":"https:\/\/api.w.org\/{rel}","templated":true}]}}