{"id":25011,"date":"2019-02-21T07:01:52","date_gmt":"2019-02-21T13:01:52","guid":{"rendered":"http:\/\/www.inces.gob.ve\/?p=25011"},"modified":"2020-05-28T20:29:33","modified_gmt":"2020-05-29T00:29:33","slug":"inces-realizo-jornada-para-despistaje-de-cancer-de-mama","status":"publish","type":"post","link":"https:\/\/inces.gob.ve\/index.php\/2019\/02\/21\/inces-realizo-jornada-para-despistaje-de-cancer-de-mama\/","title":{"rendered":"Inces realiz\u00f3 jornada para despistaje de c\u00e1ncer de mama"},"content":{"rendered":"<p style=\"text-align: justify;\" align=\"justify\"><span style=\"font-family: arial,helvetica,sans-serif;\"><i><b>** La actividad m\u00e9dico preventiva benefici\u00f3 a 50 trabajadoras de la Sede<\/b><\/i><\/span><\/p>\n<p style=\"text-align: justify;\" align=\"justify\"><span style=\"font-family: arial,helvetica,sans-serif;\"> <!--more--><\/span><\/p>\n<p style=\"text-align: justify;\" align=\"justify\"><span style=\"font-family: arial,helvetica,sans-serif;\"><a name=\"more-12812\"><\/a><b>MEIBY DOMADOR | Sede<\/b><\/span><\/p>\n<p style=\"text-align: justify;\" align=\"justify\"><span style=\"font-family: arial,helvetica,sans-serif;\">Este 18 de febrero fueron beneficiadas cincuenta trabajadoras del Inces Sede con una jornada de despistaje de c\u00e1ncer de mama, actividad organizada por la Oficina de Servicios de Seguridad y Salud en el Trabajo (OSSST) y la colaboraci\u00f3n de la Universidad Pedag\u00f3gica Experimental Libertador (UPEL). <\/span><\/p>\n<p style=\"text-align: justify;\" align=\"justify\"><span style=\"font-family: arial,helvetica,sans-serif;\">El coordinador de Higiene, Marcos Diez, quien forma parte de la OSSST, destac\u00f3 que es parte de la planificaci\u00f3n la realizaci\u00f3n de jornadas m\u00e9dicas mensuales en la instituci\u00f3n, a trav\u00e9s de enlaces con entidades publicas. La pr\u00f3xima jornada est\u00e1 prevista con los bomberos junto al Instituto de Previsi\u00f3n y Asistencia Social para el Personal del Ministerio de Educaci\u00f3n (IPASME) con entrega de medicamentos.<\/span><\/p>\n<p style=\"text-align: justify;\" align=\"justify\"><span style=\"font-family: arial,helvetica,sans-serif;\"><img loading=\"lazy\" decoding=\"async\" class=\"aligncenter wp-image-25014 size-full\" src=\"http:\/\/www.inces.gob.ve\/wp-content\/uploads\/2019\/02\/1despistaje-de-c\u00e1ncer.jpg\" alt=\"\" width=\"850\" height=\"567\" srcset=\"https:\/\/inces.gob.ve\/wp-content\/uploads\/2019\/02\/1despistaje-de-c\u00e1ncer.jpg 850w, https:\/\/inces.gob.ve\/wp-content\/uploads\/2019\/02\/1despistaje-de-c\u00e1ncer-300x200.jpg 300w, https:\/\/inces.gob.ve\/wp-content\/uploads\/2019\/02\/1despistaje-de-c\u00e1ncer-768x512.jpg 768w\" sizes=\"auto, (max-width: 850px) 100vw, 850px\" \/><\/span><\/p>\n<p style=\"text-align: justify;\" align=\"justify\"><span style=\"font-family: arial,helvetica,sans-serif;\">\u201cNo se trata solo de un examen para cumplir una meta, hay que ir m\u00e1s all\u00e1 y tocar la parte humana, para que el trabajador vea la importancia de su salud en el trabajo, ya que ese es nuestro prop\u00f3sito como gerencia\u201d aseguro Diez.<\/span><\/p>\n<p style=\"text-align: justify;\" align=\"justify\"><span style=\"font-family: arial,helvetica,sans-serif;\"><img loading=\"lazy\" decoding=\"async\" class=\"aligncenter wp-image-25013 size-full\" src=\"http:\/\/www.inces.gob.ve\/wp-content\/uploads\/2019\/02\/4despistaje-de-c\u00e1ncer.jpg\" alt=\"\" width=\"850\" height=\"567\" srcset=\"https:\/\/inces.gob.ve\/wp-content\/uploads\/2019\/02\/4despistaje-de-c\u00e1ncer.jpg 850w, https:\/\/inces.gob.ve\/wp-content\/uploads\/2019\/02\/4despistaje-de-c\u00e1ncer-300x200.jpg 300w, https:\/\/inces.gob.ve\/wp-content\/uploads\/2019\/02\/4despistaje-de-c\u00e1ncer-768x512.jpg 768w\" sizes=\"auto, (max-width: 850px) 100vw, 850px\" \/><\/span><br \/>\n<span style=\"font-family: arial,helvetica,sans-serif;\"> <b>Profesionales apoyando la salud<\/b><\/span><\/p>\n<p style=\"text-align: justify;\" align=\"justify\"><span style=\"font-family: arial,helvetica,sans-serif;\">Yanitza Quintero, m\u00e9dico general con especialidad en medicina ocupacional del Pedag\u00f3gico de Caracas, fue una de las doctoras que atendi\u00f3 a las pacientes, \u201cno podemos desaprovechar la oportunidad para adiestrar a las pacientes para que ellas comiencen a hacerse mensualmente su autoexamen de mama, que es tan importante y as\u00ed est\u00e9n alertas y puedan acudir a tiempo a su m\u00e9dico tratante\u201d.<\/span><\/p>\n<p style=\"text-align: justify;\" align=\"justify\"><span style=\"font-family: arial,helvetica,sans-serif;\"><img loading=\"lazy\" decoding=\"async\" class=\"aligncenter wp-image-25012 size-full\" src=\"http:\/\/www.inces.gob.ve\/wp-content\/uploads\/2019\/02\/7despistaje-de-c\u00e1ncer.jpg\" alt=\"\" width=\"850\" height=\"579\" srcset=\"https:\/\/inces.gob.ve\/wp-content\/uploads\/2019\/02\/7despistaje-de-c\u00e1ncer.jpg 850w, https:\/\/inces.gob.ve\/wp-content\/uploads\/2019\/02\/7despistaje-de-c\u00e1ncer-300x204.jpg 300w, https:\/\/inces.gob.ve\/wp-content\/uploads\/2019\/02\/7despistaje-de-c\u00e1ncer-768x523.jpg 768w, https:\/\/inces.gob.ve\/wp-content\/uploads\/2019\/02\/7despistaje-de-c\u00e1ncer-305x207.jpg 305w\" sizes=\"auto, (max-width: 850px) 100vw, 850px\" \/><\/span><\/p>\n<p style=\"text-align: justify;\" align=\"justify\"><span style=\"font-family: arial,helvetica,sans-serif;\">\u201cEs bueno que hagan estas jornadas para las trabajadoras del Inces porque nos sentimos importantes y atendidas en nuestra instituci\u00f3n, excelente iniciativa\u201d dijo Lourdes Gordones, secretaria de la Divisi\u00f3n de Relaciones P\u00fablicas.<\/span><\/p>\n<p style=\"text-align: justify;\" align=\"justify\"><span style=\"font-family: arial,helvetica,sans-serif;\"> LT.<\/span><\/p>\n","protected":false},"excerpt":{"rendered":"<p>** La actividad m\u00e9dico preventiva benefici\u00f3 a 50 trabajadoras de la Sede<\/p>\n","protected":false},"author":15,"featured_media":25015,"comment_status":"closed","ping_status":"closed","sticky":false,"template":"","format":"standard","meta":{"footnotes":""},"categories":[2],"tags":[],"class_list":["post-25011","post","type-post","status-publish","format-standard","has-post-thumbnail","hentry","category-blog"],"_links":{"self":[{"href":"https:\/\/inces.gob.ve\/index.php\/wp-json\/wp\/v2\/posts\/25011","targetHints":{"allow":["GET"]}}],"collection":[{"href":"https:\/\/inces.gob.ve\/index.php\/wp-json\/wp\/v2\/posts"}],"about":[{"href":"https:\/\/inces.gob.ve\/index.php\/wp-json\/wp\/v2\/types\/post"}],"author":[{"embeddable":true,"href":"https:\/\/inces.gob.ve\/index.php\/wp-json\/wp\/v2\/users\/15"}],"replies":[{"embeddable":true,"href":"https:\/\/inces.gob.ve\/index.php\/wp-json\/wp\/v2\/comments?post=25011"}],"version-history":[{"count":2,"href":"https:\/\/inces.gob.ve\/index.php\/wp-json\/wp\/v2\/posts\/25011\/revisions"}],"predecessor-version":[{"id":25017,"href":"https:\/\/inces.gob.ve\/index.php\/wp-json\/wp\/v2\/posts\/25011\/revisions\/25017"}],"wp:featuredmedia":[{"embeddable":true,"href":"https:\/\/inces.gob.ve\/index.php\/wp-json\/wp\/v2\/media\/25015"}],"wp:attachment":[{"href":"https:\/\/inces.gob.ve\/index.php\/wp-json\/wp\/v2\/media?parent=25011"}],"wp:term":[{"taxonomy":"category","embeddable":true,"href":"https:\/\/inces.gob.ve\/index.php\/wp-json\/wp\/v2\/categories?post=25011"},{"taxonomy":"post_tag","embeddable":true,"href":"https:\/\/inces.gob.ve\/index.php\/wp-json\/wp\/v2\/tags?post=25011"}],"curies":[{"name":"wp","href":"https:\/\/api.w.org\/{rel}","templated":true}]}}