{"id":25048,"date":"2019-02-21T12:13:49","date_gmt":"2019-02-21T18:13:49","guid":{"rendered":"http:\/\/www.inces.gob.ve\/?p=25048"},"modified":"2020-05-28T20:29:32","modified_gmt":"2020-05-29T00:29:32","slug":"el-cfspc-continua-con-el-plan-de-apoyo-a-las-escuelas","status":"publish","type":"post","link":"https:\/\/inces.gob.ve\/index.php\/2019\/02\/21\/el-cfspc-continua-con-el-plan-de-apoyo-a-las-escuelas\/","title":{"rendered":"El CFSPC  contin\u00faa con el Plan de Apoyo a las Escuelas"},"content":{"rendered":"<p style=\"text-align: justify;\" align=\"justify\"><span style=\"font-family: Arial,sans-serif;\"><b>**<i> El equipo trabaja en funci\u00f3n de mejorar y mantener buenas condiciones para el estudio<\/i><\/b><\/span><\/p>\n<p style=\"text-align: justify;\" align=\"justify\"><!--more--><\/p>\n<p style=\"text-align: justify;\" align=\"justify\"><span style=\"font-family: Arial,sans-serif;\"><b>NINOSKA PATRIZ | Aragua<\/b><\/span><\/p>\n<p style=\"text-align: justify;\" align=\"justify\"><span style=\"font-family: Arial,sans-serif;\">Partiendo de las potencialidades del Centro de Formaci\u00f3n Socialista Programa Constreucci\u00f3n (CFSPC) Construcci\u00f3n, su equipo de trabajo prosigue con el Plan de Apoyo a las Escuelas. En este orden de ideas, se pretende llevar adelante una misi\u00f3n de apoyo, para mejorar la calidad de los ambientes de estudio. <\/span><\/p>\n<p style=\"text-align: justify;\" align=\"justify\"><span style=\"font-family: Arial,sans-serif;\">Por ello, cumpliendo con las orientaciones emanadas por el ministro para la Educaci\u00f3n, Arist\u00f3bulo Ist\u00fariz, la gerencia regional Inces y el jefe de Centro, Henry Gil, hicieron una visita a la Unidad Educativa Nacional \u201cEl Lim\u00f3n\u201d, ubicada en el municipio Mario Brice\u00f1o Iragorry, parroquia El Lim\u00f3n, del estado Aragua. <\/span><\/p>\n<p style=\"text-align: justify;\" align=\"justify\"><img loading=\"lazy\" decoding=\"async\" class=\"aligncenter wp-image-25050 size-full\" src=\"http:\/\/www.inces.gob.ve\/wp-content\/uploads\/2019\/02\/2Plan-de-Apoyo-a-las-Escuelas-.jpg\" alt=\"\" width=\"850\" height=\"638\" srcset=\"https:\/\/inces.gob.ve\/wp-content\/uploads\/2019\/02\/2Plan-de-Apoyo-a-las-Escuelas-.jpg 850w, https:\/\/inces.gob.ve\/wp-content\/uploads\/2019\/02\/2Plan-de-Apoyo-a-las-Escuelas--300x225.jpg 300w, https:\/\/inces.gob.ve\/wp-content\/uploads\/2019\/02\/2Plan-de-Apoyo-a-las-Escuelas--768x576.jpg 768w, https:\/\/inces.gob.ve\/wp-content\/uploads\/2019\/02\/2Plan-de-Apoyo-a-las-Escuelas--136x102.jpg 136w\" sizes=\"auto, (max-width: 850px) 100vw, 850px\" \/><\/p>\n<p style=\"text-align: justify;\" align=\"justify\">\u201c<span style=\"font-family: Arial,sans-serif;\">Nos reunimos con las autoridades de la instituci\u00f3n a fin de ultimar los detalles en relaci\u00f3n a la recuperaci\u00f3n de mesas sillas y activos de la unidad educativa\u201d, expres\u00f3 Gil. De esta manera, el equipo del CFSP Construcci\u00f3n fue recibido por el Subdirector Acad\u00e9mico de la mencionada instituci\u00f3n escolar Profesor Marino Castro. En esta ocasi\u00f3n estuvo a cargo de la actividad el promotor t\u00e9cnico productivo, Jhonny Lira, junto a un grupo de acompa\u00f1antes de la instituci\u00f3n, con la finalidad de recuperar las mesas y sillas de este centro educativo.<\/span><\/p>\n<p style=\"text-align: justify;\" align=\"justify\"><img loading=\"lazy\" decoding=\"async\" class=\"aligncenter wp-image-25049 size-full\" src=\"http:\/\/www.inces.gob.ve\/wp-content\/uploads\/2019\/02\/4Plan-de-Apoyo-a-las-Escuelas-.jpg\" alt=\"\" width=\"850\" height=\"638\" srcset=\"https:\/\/inces.gob.ve\/wp-content\/uploads\/2019\/02\/4Plan-de-Apoyo-a-las-Escuelas-.jpg 850w, https:\/\/inces.gob.ve\/wp-content\/uploads\/2019\/02\/4Plan-de-Apoyo-a-las-Escuelas--300x225.jpg 300w, https:\/\/inces.gob.ve\/wp-content\/uploads\/2019\/02\/4Plan-de-Apoyo-a-las-Escuelas--768x576.jpg 768w, https:\/\/inces.gob.ve\/wp-content\/uploads\/2019\/02\/4Plan-de-Apoyo-a-las-Escuelas--136x102.jpg 136w\" sizes=\"auto, (max-width: 850px) 100vw, 850px\" \/><\/p>\n<p style=\"text-align: justify;\" align=\"justify\">\u201c<span style=\"font-family: Arial,sans-serif;\">Esta actividad se estar\u00e1 realizando en forma de jornadas, pues queremos dedicar el esfuerzo necesario y obtener los resultados de calidad y productividad que nos caracteriza\u201d, agreg\u00f3 el jefe de centro.<\/span><\/p>\n<p style=\"text-align: justify;\" align=\"justify\"><span style=\"font-family: Arial,sans-serif;\">En relaci\u00f3n a la actividad, destac\u00f3 que el comienzo de estas jornadas fue desde el inicio del mes de febrero y siempre en horas de la ma\u00f1ana. Al respecto, el profesor Alexis Lugo, tambi\u00e9n del equipo del CFSP Construcci\u00f3n, coment\u00f3: \u201cEsta es nuestra forma de seguir en pie de lucha y como dijera nuestro Comandante Eterno Hugo Ch\u00e1vez: Seguiremos aguantando todas las embestidas imperiales medi\u00e1ticas, econ\u00f3micas y terroristas\u201d.<\/span><\/p>\n<p style=\"text-align: justify;\" align=\"justify\">\u201c<span style=\"font-family: Arial,sans-serif;\">Mientras el Imperio busca agredirnos, nosotros salimos a cumplir con la producci\u00f3n y formaci\u00f3n que el pueblo necesita. Nosotros nos enfocamos en la construcci\u00f3n de las condiciones para que, de la siembra de valores y conocimientos, renazcan oportunidades para la creatividad\u201d, indic\u00f3 Gil. El mismo recalc\u00f3 que estas jornadas ser\u00e1n desarrolladas durante todo el a\u00f1o. De esta manera, se cumple con la funci\u00f3n de supervisi\u00f3n del trabajo y mantenimiento de los semilleros en tesoros para la Patria\u201d, concluy\u00f3. <\/span><\/p>\n","protected":false},"excerpt":{"rendered":"<p>** El equipo trabaja en funci\u00f3n de mejorar y mantener buenas condiciones para el estudio<\/p>\n","protected":false},"author":15,"featured_media":25051,"comment_status":"closed","ping_status":"closed","sticky":false,"template":"","format":"standard","meta":{"footnotes":""},"categories":[2],"tags":[],"class_list":["post-25048","post","type-post","status-publish","format-standard","has-post-thumbnail","hentry","category-blog"],"_links":{"self":[{"href":"https:\/\/inces.gob.ve\/index.php\/wp-json\/wp\/v2\/posts\/25048","targetHints":{"allow":["GET"]}}],"collection":[{"href":"https:\/\/inces.gob.ve\/index.php\/wp-json\/wp\/v2\/posts"}],"about":[{"href":"https:\/\/inces.gob.ve\/index.php\/wp-json\/wp\/v2\/types\/post"}],"author":[{"embeddable":true,"href":"https:\/\/inces.gob.ve\/index.php\/wp-json\/wp\/v2\/users\/15"}],"replies":[{"embeddable":true,"href":"https:\/\/inces.gob.ve\/index.php\/wp-json\/wp\/v2\/comments?post=25048"}],"version-history":[{"count":2,"href":"https:\/\/inces.gob.ve\/index.php\/wp-json\/wp\/v2\/posts\/25048\/revisions"}],"predecessor-version":[{"id":25053,"href":"https:\/\/inces.gob.ve\/index.php\/wp-json\/wp\/v2\/posts\/25048\/revisions\/25053"}],"wp:featuredmedia":[{"embeddable":true,"href":"https:\/\/inces.gob.ve\/index.php\/wp-json\/wp\/v2\/media\/25051"}],"wp:attachment":[{"href":"https:\/\/inces.gob.ve\/index.php\/wp-json\/wp\/v2\/media?parent=25048"}],"wp:term":[{"taxonomy":"category","embeddable":true,"href":"https:\/\/inces.gob.ve\/index.php\/wp-json\/wp\/v2\/categories?post=25048"},{"taxonomy":"post_tag","embeddable":true,"href":"https:\/\/inces.gob.ve\/index.php\/wp-json\/wp\/v2\/tags?post=25048"}],"curies":[{"name":"wp","href":"https:\/\/api.w.org\/{rel}","templated":true}]}}