{"id":25085,"date":"2019-02-21T13:24:04","date_gmt":"2019-02-21T19:24:04","guid":{"rendered":"http:\/\/www.inces.gob.ve\/?p=25085"},"modified":"2020-05-28T20:34:44","modified_gmt":"2020-05-29T00:34:44","slug":"unidad-educativa-inces-barinas-abre-inscripciones-para-el-bachillerato-productivo","status":"publish","type":"post","link":"https:\/\/inces.gob.ve\/index.php\/2019\/02\/21\/unidad-educativa-inces-barinas-abre-inscripciones-para-el-bachillerato-productivo\/","title":{"rendered":"Unidad Educativa Inces Barinas abre inscripciones para el Bachillerato productivo"},"content":{"rendered":"<p align=\"justify\"><span style=\"font-family: Arial,sans-serif;\"><b>** Formaci\u00f3n integral orientada a la producci\u00f3n desde todos las modalidades formativas <\/b><\/span><\/p>\n<p align=\"justify\">\n<!--more--><\/p>\n<p align=\"justify\"><span style=\"font-family: Arial,sans-serif;\"><b>HIRASYANEL BAYONA | Barinas<\/b><\/span><\/p>\n<p align=\"justify\">\n<p align=\"justify\"><span style=\"font-family: Arial,sans-serif;\">La unidad educativa Inces Barinas abre inscripciones para el inicio o prosecuci\u00f3n de estudios de bachillerato con perfil productivo, comprendidas desde el lapso del 18 de febrero hasta el 15 de marzo del a\u00f1o en curso.<\/span><\/p>\n<p align=\"justify\">\n<p align=\"justify\"><span style=\"font-family: Arial,sans-serif;\">La jornada se viene realizando con la comunidad en general y punto y c\u00edrculo de la instituci\u00f3n, en la oficina de la unidad ubicada en el edificio Inces de la avenida Industrial, donde j\u00f3venes de diversas comunidades se han acercado a solicitar informaci\u00f3n o formalizar su inscripci\u00f3n para ser parte de la juventud que se incorpora a la formaci\u00f3n productiva; en esta oportunidad como bachiller orientado a la producci\u00f3n.<\/span><\/p>\n<p align=\"justify\">\n<p align=\"justify\"><span style=\"font-family: Arial,sans-serif;\">Amelia N\u00fa\u00f1ez, responsable de la unidad en la regi\u00f3n, manifest\u00f3 que la unidad educativa funciona desde diversos ambientes formativos adaptados a la realidad de los sujetos que se incorporan, dando atenci\u00f3n a privados de libertad, j\u00f3venes con medida de libertad asistida, sujetos en situaci\u00f3n de vulnerabilidad (en bases de misiones) desde cada uno de sus espacios de convivencia diaria, as\u00ed como tambi\u00e9n a personas con discapacidad, j\u00f3venes y comunidad en general atendidos en los espacios del centro de formaci\u00f3n socialista \u201cJosefa Camejo\u201d ubicado en el edificio principal.<\/span><\/p>\n<p align=\"justify\">\n<p align=\"justify\"><span style=\"font-family: Arial,sans-serif;\">De igual forma N\u00fa\u00f1ez manifest\u00f3 que desde el 1ro de febrero se ha venido realizando la captaci\u00f3n de estudiantes en centros penitenciarios, entidades de trabajo, bases de misiones y punto y c\u00edrculo institucional, facilitando el tr\u00e1mite de los estudiantes, realizando el acompa\u00f1amiento directamente en cada uno de sus espacios.<\/span><\/p>\n<p align=\"justify\">\n<p align=\"justify\"><span style=\"font-family: Arial,sans-serif;\">Desde la unidad educativa se continua trabajando en aras de impulsar la superaci\u00f3n, dando cumplimiento a la formaci\u00f3n continua y permanente de la clase trabajadora y de la comunidad en general que asume la formaci\u00f3n como una herramienta de producci\u00f3n, emprendimiento y soberan\u00eda econ\u00f3mica.<\/span><\/p>\n<p align=\"justify\">\n","protected":false},"excerpt":{"rendered":"<p>** Formaci\u00f3n integral orientada a la producci\u00f3n desde todos las modalidades formativas<\/p>\n","protected":false},"author":15,"featured_media":25086,"comment_status":"closed","ping_status":"closed","sticky":false,"template":"","format":"standard","meta":{"footnotes":""},"categories":[2],"tags":[],"class_list":["post-25085","post","type-post","status-publish","format-standard","has-post-thumbnail","hentry","category-blog"],"_links":{"self":[{"href":"https:\/\/inces.gob.ve\/index.php\/wp-json\/wp\/v2\/posts\/25085","targetHints":{"allow":["GET"]}}],"collection":[{"href":"https:\/\/inces.gob.ve\/index.php\/wp-json\/wp\/v2\/posts"}],"about":[{"href":"https:\/\/inces.gob.ve\/index.php\/wp-json\/wp\/v2\/types\/post"}],"author":[{"embeddable":true,"href":"https:\/\/inces.gob.ve\/index.php\/wp-json\/wp\/v2\/users\/15"}],"replies":[{"embeddable":true,"href":"https:\/\/inces.gob.ve\/index.php\/wp-json\/wp\/v2\/comments?post=25085"}],"version-history":[{"count":1,"href":"https:\/\/inces.gob.ve\/index.php\/wp-json\/wp\/v2\/posts\/25085\/revisions"}],"predecessor-version":[{"id":25087,"href":"https:\/\/inces.gob.ve\/index.php\/wp-json\/wp\/v2\/posts\/25085\/revisions\/25087"}],"wp:featuredmedia":[{"embeddable":true,"href":"https:\/\/inces.gob.ve\/index.php\/wp-json\/wp\/v2\/media\/25086"}],"wp:attachment":[{"href":"https:\/\/inces.gob.ve\/index.php\/wp-json\/wp\/v2\/media?parent=25085"}],"wp:term":[{"taxonomy":"category","embeddable":true,"href":"https:\/\/inces.gob.ve\/index.php\/wp-json\/wp\/v2\/categories?post=25085"},{"taxonomy":"post_tag","embeddable":true,"href":"https:\/\/inces.gob.ve\/index.php\/wp-json\/wp\/v2\/tags?post=25085"}],"curies":[{"name":"wp","href":"https:\/\/api.w.org\/{rel}","templated":true}]}}