{"id":25088,"date":"2019-02-21T13:40:54","date_gmt":"2019-02-21T19:40:54","guid":{"rendered":"http:\/\/www.inces.gob.ve\/?p=25088"},"modified":"2020-05-28T20:29:32","modified_gmt":"2020-05-29T00:29:32","slug":"isturiz-en-este-momento-la-patria-exige-a-sus-hombres-a-sus-mujeres-y-a-sus-instituciones","status":"publish","type":"post","link":"https:\/\/inces.gob.ve\/index.php\/2019\/02\/21\/isturiz-en-este-momento-la-patria-exige-a-sus-hombres-a-sus-mujeres-y-a-sus-instituciones\/","title":{"rendered":"Ist\u00fariz: \u201cen este momento la patria exige a sus hombres, a sus mujeres y a sus instituciones\u201d"},"content":{"rendered":"<p align=\"justify\"><span style=\"font-family: arial,helvetica,sans-serif;\"><b>**<i>El ministro del Poder Popular para la Educaci\u00f3n estuvo en el primer Consejo de Gesti\u00f3n Regional Inces, del a\u00f1o 2019, instancia que re\u00fane a los 24 gerentes regionales Inces y a su equipo ejecutivo presidido por Wuikelmal Angel <\/i><\/b><\/span><\/p>\n<p align=\"justify\"><span style=\"font-family: arial,helvetica,sans-serif;\"><!--more--><\/span><\/p>\n<p align=\"justify\"><span style=\"font-family: arial,helvetica,sans-serif;\"><b>FREDDY MART\u00cdNEZ | Sede<\/b><\/span><\/p>\n<p align=\"justify\"><span style=\"font-family: arial,helvetica,sans-serif;\"><strong>Fotos Luis Jos\u00e9 \u00c1ngel<\/strong><\/span><\/p>\n<p align=\"justify\"><span style=\"font-family: arial,helvetica,sans-serif;\">El ministro del poder popular para la Educaci\u00f3n, Arist\u00f3bulo Ist\u00fariz, estuvo invitado al Inces para presentar una ponencia en el Consejo de Gesti\u00f3n Regional ante la asistencia de la plana ejecutiva del Inces y del cuerpo de gerentes de todas las regiones del pa\u00eds; en la reuni\u00f3n el ministro dijo que la patria vive un momento crucial de m\u00e1xima exigencia a todos sus hombres, a todas sus mujeres y a las instituciones. <\/span><\/p>\n<p align=\"justify\"><span style=\"font-family: arial,helvetica,sans-serif;\">Ante los presentes, el titular de la materia educativa se\u00f1al\u00f3 que el presidente Nicol\u00e1s Maduro est\u00e1 planteando tres l\u00edneas de acci\u00f3n que deben ser aplicadas en esta coyuntura de amenaza a la paz y a la estabilidad de la naci\u00f3n; una primera l\u00ednea de acci\u00f3n tiene que ver con la recuperaci\u00f3n, el crecimiento y la prosperidad econ\u00f3mica, la segunda apunta a las pol\u00edticas de protecci\u00f3n social y una tercera orientaci\u00f3n tiene que ver con la defensa integral de la patria, pues cada instituci\u00f3n del Estado tiene que presentar un programa relacionado con la defensa de la patria. <\/span><\/p>\n<p align=\"justify\"><span style=\"font-family: arial,helvetica,sans-serif;\">En la exposici\u00f3n, Ist\u00fariz dijo que se han venido revisando cada una de las instituciones educativas que tienen que ver con el tema productivo, a objeto de adaptarlas al momento que vivimos, \u201cestamos en un momento de guerra y de un golpe de Estado continuado que no termina de ser derrotado completamente y esto hace que la patria tenga exigencias de sus hombres, de sus mujeres y de las instituciones\u201d. <\/span><\/p>\n<p align=\"justify\"><span style=\"font-family: arial,helvetica,sans-serif;\"><img loading=\"lazy\" decoding=\"async\" class=\"aligncenter wp-image-25090 size-full\" src=\"http:\/\/www.inces.gob.ve\/wp-content\/uploads\/2019\/02\/4Consejo-de-Gesti\u00f3n-Regional-.jpg\" alt=\"\" width=\"850\" height=\"522\" srcset=\"https:\/\/inces.gob.ve\/wp-content\/uploads\/2019\/02\/4Consejo-de-Gesti\u00f3n-Regional-.jpg 850w, https:\/\/inces.gob.ve\/wp-content\/uploads\/2019\/02\/4Consejo-de-Gesti\u00f3n-Regional--300x184.jpg 300w, https:\/\/inces.gob.ve\/wp-content\/uploads\/2019\/02\/4Consejo-de-Gesti\u00f3n-Regional--768x472.jpg 768w\" sizes=\"auto, (max-width: 850px) 100vw, 850px\" \/><\/span><\/p>\n<p align=\"justify\"><span style=\"font-family: arial,helvetica,sans-serif;\">Una de las orientaciones dadas a los gerentes reunidos en este primer Consejo del a\u00f1o 2019, estuvieron dirigidas a garantizar el car\u00e1cter robinsoniano de la educaci\u00f3n a fin de garantizar un contenido liberador y de una fuerza emancipadora. El ministro manifest\u00f3 que hay que formar a los j\u00f3venes para que no sean explotados y para que contribuyan a la liberaci\u00f3n del pueblo. <\/span><\/p>\n<p align=\"justify\"><span style=\"font-family: arial,helvetica,sans-serif;\">Ist\u00fariz recalc\u00f3 sobre el car\u00e1cter robinsoniano de la formaci\u00f3n en el Inces, \u201cy esto no es otra cosa que aprender haciendo\u201d. \u201cHay gente que sabe y gente que quiere aprender; hay que agrupar la fuerza del que sabe y la energ\u00eda del que desea aprender para resolver problemas\u201d, dijo y valor\u00f3 el hecho de darle darle pertinencia a todo el proceso de formaci\u00f3n en el Inces. \u201c\u00bfY qu\u00e9 significa pertinencia? sencillamente, tener conciencia para saber por qu\u00e9 nos estamos preparando\u201d, aleg\u00f3. <\/span><\/p>\n<p align=\"justify\"><span style=\"font-family: arial,helvetica,sans-serif;\"><img loading=\"lazy\" decoding=\"async\" class=\"aligncenter wp-image-25092 size-full\" src=\"http:\/\/www.inces.gob.ve\/wp-content\/uploads\/2019\/02\/1Consejo-de-Gesti\u00f3n-Regional-.jpg\" alt=\"\" width=\"850\" height=\"638\" srcset=\"https:\/\/inces.gob.ve\/wp-content\/uploads\/2019\/02\/1Consejo-de-Gesti\u00f3n-Regional-.jpg 850w, https:\/\/inces.gob.ve\/wp-content\/uploads\/2019\/02\/1Consejo-de-Gesti\u00f3n-Regional--300x225.jpg 300w, https:\/\/inces.gob.ve\/wp-content\/uploads\/2019\/02\/1Consejo-de-Gesti\u00f3n-Regional--768x576.jpg 768w, https:\/\/inces.gob.ve\/wp-content\/uploads\/2019\/02\/1Consejo-de-Gesti\u00f3n-Regional--136x102.jpg 136w\" sizes=\"auto, (max-width: 850px) 100vw, 850px\" \/><\/span><\/p>\n<p align=\"justify\"><span style=\"font-family: arial,helvetica,sans-serif;\">Al respecto, el ministro asegur\u00f3 que el Inces cuenta con una infraestructura, con equipamiento adecuado, cuenta adem\u00e1s con profesionales preparados en el dominio de muchas disciplinas capacitados para intervenir en las necesidades de las comunidades, pues la instituci\u00f3n cuenta con talleres de refrigeraci\u00f3n, de motores, de carpinter\u00eda, entre otros. <\/span><\/p>\n<p align=\"justify\"><span style=\"font-family: arial,helvetica,sans-serif;\">El titular de la materia educativa estim\u00f3 que hay que vincular la instituci\u00f3n a las necesidades de la gente, \u201cporque no podemos andar cada uno por su lado, sino que cada esfuerzo realizado debe traducirse en soluciones a los problemas de la comunidad. All\u00ed est\u00e1 el car\u00e1cter robinsoniano, el car\u00e1cter liberador, emancipador y soberano de la educaci\u00f3n\u201d. <\/span><\/p>\n<p align=\"justify\"><span style=\"font-family: arial,helvetica,sans-serif;\">Asimismo, inform\u00f3 sobre una segunda l\u00ednea de acci\u00f3n gubernamental que tiene que ver con las pol\u00edticas de protecci\u00f3n social hacia el pueblo venezolano en estos momentos de bloqueo financiero y guerra econ\u00f3mica. Dijo el ministro que las pol\u00edticas sociales del gobierno revolucionario deben ser territorializadas a trav\u00e9s de los estudiantes que vienen al Inces. \u201cEstas pol\u00edticas de protecci\u00f3n deben llegar a los hogares de los muchachos que est\u00e1n en el Inces, cada instituci\u00f3n debe garantizar la territorializaci\u00f3n de las pol\u00edticas sociales\u201d. <\/span><\/p>\n<p align=\"justify\"><span style=\"font-family: arial,helvetica,sans-serif;\"><img loading=\"lazy\" decoding=\"async\" class=\"aligncenter wp-image-25089 size-full\" src=\"http:\/\/www.inces.gob.ve\/wp-content\/uploads\/2019\/02\/5Consejo-de-Gesti\u00f3n-Regional-.jpg\" alt=\"\" width=\"850\" height=\"478\" srcset=\"https:\/\/inces.gob.ve\/wp-content\/uploads\/2019\/02\/5Consejo-de-Gesti\u00f3n-Regional-.jpg 850w, https:\/\/inces.gob.ve\/wp-content\/uploads\/2019\/02\/5Consejo-de-Gesti\u00f3n-Regional--300x169.jpg 300w, https:\/\/inces.gob.ve\/wp-content\/uploads\/2019\/02\/5Consejo-de-Gesti\u00f3n-Regional--768x432.jpg 768w\" sizes=\"auto, (max-width: 850px) 100vw, 850px\" \/><\/span><\/p>\n<p align=\"justify\"><span style=\"font-family: arial,helvetica,sans-serif;\">Una tercera l\u00ednea de acci\u00f3n gubernamental es la defensa integral de la patria, y esta se traduce en organizar la fuerza social, la conciencia, la capacidad de movilizaci\u00f3n de todo el cuerpo social de la naci\u00f3n. <\/span><\/p>\n<p align=\"justify\"><span style=\"font-family: arial,helvetica,sans-serif;\">\u201c<\/span><span style=\"font-family: Arial,sans-serif;\"><span style=\"font-family: arial,helvetica,sans-serif;\">No basta dominar el arte de la electricidad, de los motores o de la carpinter\u00eda si no tengo conciencia. Todos debemos estar preparados para defender la patria, el presidente Ch\u00e1vez transform\u00f3 la estructura de la fuerzas armadas y le incorpor\u00f3 un nuevo componente que son las milicias, y nosotros donde nos encontremos debemos estar incorporados a la milicia bolivariana\u201d, manifest\u00f3 finalmente el ministro.<\/span> <\/span><\/p>\n<p align=\"justify\">LT.<\/p>\n","protected":false},"excerpt":{"rendered":"<p>**El ministro del Poder Popular para la Educaci\u00f3n estuvo en el primer Consejo de Gesti\u00f3n Regional Inces, del a\u00f1o 2019, instancia que re\u00fane a los 24 gerentes regionales Inces y a su equipo ejecutivo presidido por Wuikelmal Angel<\/p>\n","protected":false},"author":15,"featured_media":25091,"comment_status":"closed","ping_status":"closed","sticky":false,"template":"","format":"standard","meta":{"footnotes":""},"categories":[2],"tags":[],"class_list":["post-25088","post","type-post","status-publish","format-standard","has-post-thumbnail","hentry","category-blog"],"_links":{"self":[{"href":"https:\/\/inces.gob.ve\/index.php\/wp-json\/wp\/v2\/posts\/25088","targetHints":{"allow":["GET"]}}],"collection":[{"href":"https:\/\/inces.gob.ve\/index.php\/wp-json\/wp\/v2\/posts"}],"about":[{"href":"https:\/\/inces.gob.ve\/index.php\/wp-json\/wp\/v2\/types\/post"}],"author":[{"embeddable":true,"href":"https:\/\/inces.gob.ve\/index.php\/wp-json\/wp\/v2\/users\/15"}],"replies":[{"embeddable":true,"href":"https:\/\/inces.gob.ve\/index.php\/wp-json\/wp\/v2\/comments?post=25088"}],"version-history":[{"count":4,"href":"https:\/\/inces.gob.ve\/index.php\/wp-json\/wp\/v2\/posts\/25088\/revisions"}],"predecessor-version":[{"id":25096,"href":"https:\/\/inces.gob.ve\/index.php\/wp-json\/wp\/v2\/posts\/25088\/revisions\/25096"}],"wp:featuredmedia":[{"embeddable":true,"href":"https:\/\/inces.gob.ve\/index.php\/wp-json\/wp\/v2\/media\/25091"}],"wp:attachment":[{"href":"https:\/\/inces.gob.ve\/index.php\/wp-json\/wp\/v2\/media?parent=25088"}],"wp:term":[{"taxonomy":"category","embeddable":true,"href":"https:\/\/inces.gob.ve\/index.php\/wp-json\/wp\/v2\/categories?post=25088"},{"taxonomy":"post_tag","embeddable":true,"href":"https:\/\/inces.gob.ve\/index.php\/wp-json\/wp\/v2\/tags?post=25088"}],"curies":[{"name":"wp","href":"https:\/\/api.w.org\/{rel}","templated":true}]}}