{"id":25143,"date":"2019-02-22T12:00:27","date_gmt":"2019-02-22T18:00:27","guid":{"rendered":"http:\/\/www.inces.gob.ve\/?p=25143"},"modified":"2020-05-28T20:29:32","modified_gmt":"2020-05-29T00:29:32","slug":"inces-anzoategui-inicio-inscripciones-para-el-programa-bachillerato-productivo","status":"publish","type":"post","link":"https:\/\/inces.gob.ve\/index.php\/2019\/02\/22\/inces-anzoategui-inicio-inscripciones-para-el-programa-bachillerato-productivo\/","title":{"rendered":"Inces Anzo\u00e1tegui inici\u00f3 inscripciones para el programa bachillerato productivo"},"content":{"rendered":"<p class=\"western\" align=\"justify\"><span style=\"font-family: Arial,sans-serif;\">**<i><b>El instituto nacional de capacitaci\u00f3n y educaci\u00f3n socialista INCES, continua incentivando a los j\u00f3venes a continuar con sus estudios superiores, brind\u00e1ndoles la oportunidad de adquirir conocimientos t\u00e9cnicos para ser aplicados en el \u00e1mbito laboral,tomando en cuenta su perfil vocacional y t\u00e9cnico.<\/b><\/i><\/span><\/p>\n<p class=\"western\" align=\"justify\"><!--more--><\/p>\n<p class=\"western\" align=\"justify\"><span style=\"font-family: Arial,sans-serif;\"><b>Gladys Mongua\/ Inces Anzo\u00e1tegui<\/b><\/span><\/p>\n<p class=\"western\" align=\"justify\"><span style=\"font-family: Arial,sans-serif;\">Las inscripciones se estar\u00e1n realizando en el centro de formaci\u00f3n socialista Eulalia Buroz, ubicado en la calle Bol\u00edvar sector pueblo nuevo edificio INCES desde el 18 de de febrero hasta el 15 de marzo,a partir de las 8:00 de la ma\u00f1ana hasta las 8:30 de la noche de lunes a viernes. <\/span><\/p>\n<p class=\"western\" align=\"justify\"><span style=\"font-family: Arial,sans-serif;\">La coordinadora de unidades educativas Ices Anzo\u00e1tegui, Ybelipse Ramirez, indic\u00f3 , que los estudiantes que decidan iniciar este proceso educativo recibir\u00e1n el t\u00edtulo de bachiller avalado por el Ministerio del Poder Popular para la Educaci\u00f3n, adem\u00e1s de la acreditaci\u00f3n del perfil productivo otorgado por el Inces. \u201c para estas inscripciones tenemos estimado aumentar el n\u00famero de estudiantes en comparaci\u00f3n al a\u00f1o 2018 donde logramos inscribir a mas de 460 j\u00f3venes\u201d <\/span><\/p>\n<p class=\"western\" align=\"justify\"><span style=\"font-family: Arial,sans-serif;\"><span lang=\"es-ES\">Ramirez inform\u00f3 , que seg\u00fan el cronograma las clases iniciar\u00edan para el mes de marzo en el Cfs de Pariagu\u00e1n y Cfs Francisco de Miranda ubicado en la ciudad de Anaco , por lo que los j\u00f3venes tienen tiempo de suministrar los requisitos necesarios que son ser mayor de 15 a\u00f1os de edad,p<\/span>artida de nacimiento (original y copia),presentar c\u00e9dula de identidad (original y copia legible), tener como m\u00ednimo un (1) a\u00f1o desvinculado\/a del sistema educativo, dos (2) fotograf\u00edas tipo carnet, constancia o comprobante de aprobaci\u00f3n del 6to grado y<span lang=\"es-ES\"> Certificado de calificaciones (original y copia). <\/span><\/span><\/p>\n<p class=\"western\" align=\"justify\"><span style=\"font-family: Arial,sans-serif;\">La importancia de este sistema educativo es que desarrolla el perfil productivo de los j\u00f3venes permiti\u00e9ndoles tener las capacidades y habilidades de proponer ideas con bases y conocimientos en su campo laboral adem\u00e1s de aumentar su autoestima y crecimiento personal.<\/span><\/p>\n<p class=\"western\" align=\"justify\"><span style=\"font-family: Arial,sans-serif;\">\u00c1ngel Romero de 25 a\u00f1os de edad , se\u00f1al\u00f3 que el proceso se realiz\u00f3 de forma r\u00e1pida y sencilla \u201ccomo joven invito a inscribirse y seguir form\u00e1ndonos como profesionales, gracias al Inces muchos j\u00f3venes tienen un empleo digno\u201d<\/span><\/p>\n<p class=\"western\" align=\"justify\"><span style=\"font-family: Arial,sans-serif;\">Para finalizar la coordinadora Ramirez recalc\u00f3 que todos los programas realizados por el Inces se realizan con el objetivo de fortalecer la educaci\u00f3n en el pa\u00eds. <\/span><\/p>\n<p align=\"justify\">LT.<\/p>\n","protected":false},"excerpt":{"rendered":"<p>**El instituto nacional de capacitaci\u00f3n y educaci\u00f3n socialista INCES, continua incentivando a los j\u00f3venes a continuar con sus estudios superiores, brind\u00e1ndoles la oportunidad de adquirir conocimientos t\u00e9cnicos para ser aplicados en el \u00e1mbito laboral,tomando en cuenta su perfil vocacional y t\u00e9cnico.<\/p>\n","protected":false},"author":15,"featured_media":25144,"comment_status":"closed","ping_status":"closed","sticky":false,"template":"","format":"standard","meta":{"footnotes":""},"categories":[2],"tags":[],"class_list":["post-25143","post","type-post","status-publish","format-standard","has-post-thumbnail","hentry","category-blog"],"_links":{"self":[{"href":"https:\/\/inces.gob.ve\/index.php\/wp-json\/wp\/v2\/posts\/25143","targetHints":{"allow":["GET"]}}],"collection":[{"href":"https:\/\/inces.gob.ve\/index.php\/wp-json\/wp\/v2\/posts"}],"about":[{"href":"https:\/\/inces.gob.ve\/index.php\/wp-json\/wp\/v2\/types\/post"}],"author":[{"embeddable":true,"href":"https:\/\/inces.gob.ve\/index.php\/wp-json\/wp\/v2\/users\/15"}],"replies":[{"embeddable":true,"href":"https:\/\/inces.gob.ve\/index.php\/wp-json\/wp\/v2\/comments?post=25143"}],"version-history":[{"count":2,"href":"https:\/\/inces.gob.ve\/index.php\/wp-json\/wp\/v2\/posts\/25143\/revisions"}],"predecessor-version":[{"id":25146,"href":"https:\/\/inces.gob.ve\/index.php\/wp-json\/wp\/v2\/posts\/25143\/revisions\/25146"}],"wp:featuredmedia":[{"embeddable":true,"href":"https:\/\/inces.gob.ve\/index.php\/wp-json\/wp\/v2\/media\/25144"}],"wp:attachment":[{"href":"https:\/\/inces.gob.ve\/index.php\/wp-json\/wp\/v2\/media?parent=25143"}],"wp:term":[{"taxonomy":"category","embeddable":true,"href":"https:\/\/inces.gob.ve\/index.php\/wp-json\/wp\/v2\/categories?post=25143"},{"taxonomy":"post_tag","embeddable":true,"href":"https:\/\/inces.gob.ve\/index.php\/wp-json\/wp\/v2\/tags?post=25143"}],"curies":[{"name":"wp","href":"https:\/\/api.w.org\/{rel}","templated":true}]}}