{"id":25176,"date":"2019-02-25T10:48:57","date_gmt":"2019-02-25T16:48:57","guid":{"rendered":"http:\/\/www.inces.gob.ve\/?p=25176"},"modified":"2020-05-28T20:29:32","modified_gmt":"2020-05-29T00:29:32","slug":"en-el-inces-vargas-se-dio-la-3ra-tribuna-antiimperialista","status":"publish","type":"post","link":"https:\/\/inces.gob.ve\/index.php\/2019\/02\/25\/en-el-inces-vargas-se-dio-la-3ra-tribuna-antiimperialista\/","title":{"rendered":"En el Inces Vargas se dio la 3ra Tribuna antiimperialista"},"content":{"rendered":"<p align=\"justify\"><span style=\"font-family: Arial,sans-serif;\"><b>**<i> La actividad, convocada por la gerencia regional, cont\u00f3 con dos extraordinarios ponentes quienes disertaron acerca de \u201ccomo conociendo el pasado se puede entender el presente\u201d <\/i><\/b><\/span><\/p>\n<p align=\"justify\"><!--more--><\/p>\n<p align=\"justify\"><span style=\"font-family: Arial,sans-serif;\"><b>CARMEN CAMPOS &#8211; ZUVALQUI DUARTE | Vargas<\/b><\/span><\/p>\n<p align=\"justify\"><span style=\"font-family: Arial,sans-serif;\">Este mi\u00e9rcoles se desarroll\u00f3 en el sal\u00f3n de usos m\u00faltiples Hugo Ch\u00e1vez, del Inces Vargas, la tercera Tribuna antiimperialista para disertar sobre el bicentenario del Congreso de Angostura de 1819, convocado por Sim\u00f3n Bol\u00edvar, y como este gener\u00f3 elementos decisivos para la posterior independencia definitiva de Venezuela. El evento cont\u00f3 con la participaci\u00f3n de dos historiadores egresados de la Universidad Central de Venezuela: Julio Madriz y Jes\u00fas Cumare.<\/span><\/p>\n<p align=\"justify\"><img loading=\"lazy\" decoding=\"async\" class=\"aligncenter wp-image-25177 size-full\" src=\"http:\/\/www.inces.gob.ve\/wp-content\/uploads\/2019\/02\/6Tribuna-antiimperialista.jpg\" alt=\"\" width=\"850\" height=\"638\" srcset=\"https:\/\/inces.gob.ve\/wp-content\/uploads\/2019\/02\/6Tribuna-antiimperialista.jpg 850w, https:\/\/inces.gob.ve\/wp-content\/uploads\/2019\/02\/6Tribuna-antiimperialista-300x225.jpg 300w, https:\/\/inces.gob.ve\/wp-content\/uploads\/2019\/02\/6Tribuna-antiimperialista-768x576.jpg 768w, https:\/\/inces.gob.ve\/wp-content\/uploads\/2019\/02\/6Tribuna-antiimperialista-136x102.jpg 136w\" sizes=\"auto, (max-width: 850px) 100vw, 850px\" \/><\/p>\n<p align=\"justify\"><span style=\"font-family: Arial,sans-serif;\">En su intervenci\u00f3n, Julio Madriz, responsable de la Plataforma de Patrimonio Tangible e Intangible del Estado Vargas por el Ministerio del Poder Popular para la Cultura, habl\u00f3 sobre el bicentenario del Congreso de Angostura, resaltando la importancia del hecho en la historia de Venezuela. Este tema lo unific\u00f3 con la Batalla de la Juventud, por considerar de gran importancia para el p\u00fablico joven asistente este hecho hist\u00f3rico, donde los j\u00f3venes venezolanos salieron a defender a su patria ante un ej\u00e9rcito despiadado y despreciable, que ocasion\u00f3 la perdida de la segunda rep\u00fablica.<img loading=\"lazy\" decoding=\"async\" class=\"aligncenter wp-image-25181 size-full\" src=\"http:\/\/www.inces.gob.ve\/wp-content\/uploads\/2019\/02\/1Tribuna-antiimperialista.jpg\" alt=\"\" width=\"601\" height=\"808\" srcset=\"https:\/\/inces.gob.ve\/wp-content\/uploads\/2019\/02\/1Tribuna-antiimperialista.jpg 601w, https:\/\/inces.gob.ve\/wp-content\/uploads\/2019\/02\/1Tribuna-antiimperialista-223x300.jpg 223w, https:\/\/inces.gob.ve\/wp-content\/uploads\/2019\/02\/1Tribuna-antiimperialista-571x768.jpg 571w\" sizes=\"auto, (max-width: 601px) 100vw, 601px\" \/><\/span><\/p>\n<p align=\"justify\"><span style=\"font-family: Arial,sans-serif;\">Al preguntarle sobre el impacto de estas tribunas en el p\u00fablico asistente manifest\u00f3: \u201c\u2026hay que tratar de estimular en el pueblo joven el amor patrio y nuestra identidad cultural, porque all\u00ed va arraigado todo eso, desde nuestra identidad cultural, la defensa de la patria, nuestra soberan\u00eda e independencia, que hace 200 a\u00f1os se plante\u00f3 la misma guerra. Ha pasado tanto tiempo y aun tenemos que defender nuestra patria para que se mantenga libre e independiente\u201d.<\/span><\/p>\n<p align=\"justify\"><img loading=\"lazy\" decoding=\"async\" class=\"aligncenter wp-image-25180 size-full\" src=\"http:\/\/www.inces.gob.ve\/wp-content\/uploads\/2019\/02\/2Tribuna-antiimperialista.jpg\" alt=\"\" width=\"850\" height=\"638\" srcset=\"https:\/\/inces.gob.ve\/wp-content\/uploads\/2019\/02\/2Tribuna-antiimperialista.jpg 850w, https:\/\/inces.gob.ve\/wp-content\/uploads\/2019\/02\/2Tribuna-antiimperialista-300x225.jpg 300w, https:\/\/inces.gob.ve\/wp-content\/uploads\/2019\/02\/2Tribuna-antiimperialista-768x576.jpg 768w, https:\/\/inces.gob.ve\/wp-content\/uploads\/2019\/02\/2Tribuna-antiimperialista-136x102.jpg 136w\" sizes=\"auto, (max-width: 850px) 100vw, 850px\" \/><\/p>\n<p align=\"justify\"><span style=\"font-family: Arial,sans-serif;\">En el mismo orden de ideas, el profesor Cumare, quien tambi\u00e9n es reconocido como el Cronista de Vargas, hizo un an\u00e1lisis comparativo sobre el Discurso de Angostura, en funci\u00f3n de lo que estaba ocurriendo en Venezuela en 1819, destacando los elementos que subyac\u00edan en esa \u00e9poca que generaron que Bol\u00edvar convocar\u00e1 ese congreso, el cual gener\u00f3 la formaci\u00f3n de elementos constitutivos de un Estado distinto y que llev\u00f3 dos a\u00f1os despu\u00e9s a la independencia definitiva de Venezuela. <\/span><\/p>\n<p align=\"justify\">\u201c<span style=\"font-family: Arial,sans-serif;\">Creemos que en la medida en que uno pone sobre la mesa elementos de an\u00e1lisis distintos a los cuales se han movido hasta ahora, de esa misma manera se puede ir orientando a la juventud, sobre todo a lo que tiene que ver con la ense\u00f1anza, a la historia de Venezuela distinta, verdadera, combativa, antiimperialista, insurgente. En esa misma medida generamos un impacto en la juventud y generamos conciencia\u201d, acot\u00f3 Cumare.<img loading=\"lazy\" decoding=\"async\" class=\"aligncenter wp-image-25179 size-full\" src=\"http:\/\/www.inces.gob.ve\/wp-content\/uploads\/2019\/02\/3Tribuna-antiimperialista.jpg\" alt=\"\" width=\"850\" height=\"638\" srcset=\"https:\/\/inces.gob.ve\/wp-content\/uploads\/2019\/02\/3Tribuna-antiimperialista.jpg 850w, https:\/\/inces.gob.ve\/wp-content\/uploads\/2019\/02\/3Tribuna-antiimperialista-300x225.jpg 300w, https:\/\/inces.gob.ve\/wp-content\/uploads\/2019\/02\/3Tribuna-antiimperialista-768x576.jpg 768w, https:\/\/inces.gob.ve\/wp-content\/uploads\/2019\/02\/3Tribuna-antiimperialista-136x102.jpg 136w\" sizes=\"auto, (max-width: 850px) 100vw, 850px\" \/><\/span><\/p>\n<p align=\"justify\">LT.<\/p>\n","protected":false},"excerpt":{"rendered":"<p>** La actividad, convocada por la gerencia regional, cont\u00f3 con dos extraordinarios ponentes quienes disertaron acerca de \u201ccomo conociendo el pasado se puede entender el presente\u201d<\/p>\n","protected":false},"author":15,"featured_media":25178,"comment_status":"closed","ping_status":"closed","sticky":false,"template":"","format":"standard","meta":{"footnotes":""},"categories":[2],"tags":[],"class_list":["post-25176","post","type-post","status-publish","format-standard","has-post-thumbnail","hentry","category-blog"],"_links":{"self":[{"href":"https:\/\/inces.gob.ve\/index.php\/wp-json\/wp\/v2\/posts\/25176","targetHints":{"allow":["GET"]}}],"collection":[{"href":"https:\/\/inces.gob.ve\/index.php\/wp-json\/wp\/v2\/posts"}],"about":[{"href":"https:\/\/inces.gob.ve\/index.php\/wp-json\/wp\/v2\/types\/post"}],"author":[{"embeddable":true,"href":"https:\/\/inces.gob.ve\/index.php\/wp-json\/wp\/v2\/users\/15"}],"replies":[{"embeddable":true,"href":"https:\/\/inces.gob.ve\/index.php\/wp-json\/wp\/v2\/comments?post=25176"}],"version-history":[{"count":3,"href":"https:\/\/inces.gob.ve\/index.php\/wp-json\/wp\/v2\/posts\/25176\/revisions"}],"predecessor-version":[{"id":25184,"href":"https:\/\/inces.gob.ve\/index.php\/wp-json\/wp\/v2\/posts\/25176\/revisions\/25184"}],"wp:featuredmedia":[{"embeddable":true,"href":"https:\/\/inces.gob.ve\/index.php\/wp-json\/wp\/v2\/media\/25178"}],"wp:attachment":[{"href":"https:\/\/inces.gob.ve\/index.php\/wp-json\/wp\/v2\/media?parent=25176"}],"wp:term":[{"taxonomy":"category","embeddable":true,"href":"https:\/\/inces.gob.ve\/index.php\/wp-json\/wp\/v2\/categories?post=25176"},{"taxonomy":"post_tag","embeddable":true,"href":"https:\/\/inces.gob.ve\/index.php\/wp-json\/wp\/v2\/tags?post=25176"}],"curies":[{"name":"wp","href":"https:\/\/api.w.org\/{rel}","templated":true}]}}