{"id":25236,"date":"2019-02-25T14:28:12","date_gmt":"2019-02-25T20:28:12","guid":{"rendered":"http:\/\/www.inces.gob.ve\/?p=25236"},"modified":"2020-05-28T20:29:31","modified_gmt":"2020-05-29T00:29:31","slug":"gerencia-de-encadenamiento-productivo-inicio-en-el-zulia-visita-a-los-cfs","status":"publish","type":"post","link":"https:\/\/inces.gob.ve\/index.php\/2019\/02\/25\/gerencia-de-encadenamiento-productivo-inicio-en-el-zulia-visita-a-los-cfs\/","title":{"rendered":"Gerencia de Encadenamiento Productivo inici\u00f3 en el Zulia visita a los CFS"},"content":{"rendered":"<p class=\"western\" style=\"text-align: justify;\" align=\"justify\"><i><b>** El primero en ser visitado fue el CFS Metalminero <\/b><\/i><\/p>\n<p class=\"western\" style=\"text-align: justify;\" align=\"justify\"><!--more--><\/p>\n<p class=\"western\" style=\"text-align: justify;\" align=\"justify\"><b>YUDITH CASTRO | Zulia<\/b><\/p>\n<p class=\"western\" style=\"text-align: justify;\" align=\"justify\">La Gerencia de Producci\u00f3n y Encadenamiento Productivo del Inces inici\u00f3 en el Zulia un ciclo de visitas por los 11 centros de formaci\u00f3n socialista (CFS) que posee la instituci\u00f3n en seis municipios de la regi\u00f3n.<\/p>\n<p class=\"western\" style=\"text-align: justify;\" align=\"justify\">As\u00ed lo manifest\u00f3 el coordinador de la Gerencia de Encadenamiento de la regi\u00f3n zuliana, Wuilfr\u00e1n Duque, quien adem\u00e1s destac\u00f3 que \u201ceste a\u00f1o iniciamos con visitas a los CFS. El primero fue el Metalminero, ubicado en el municipio San Francisco, al cual he asistido en dos oportunidades. El objetivo es lograr la activaci\u00f3n de ingresos propios porque fue el \u00fanico centro formativo que no obtuvo ingresos durante el 2018,\u201d afirm\u00f3 Duque.<\/p>\n<p class=\"western\" style=\"text-align: justify;\" align=\"justify\">Durante las visitas \u2013indic\u00f3- se efectuaron reuniones con el personal administrativo, docente y pol\u00edtico del centro la cual permiti\u00f3 realizar intercambio de saberes y unificar criterios para la producci\u00f3n \u201ccon la finalidad de dar cumplimiento a la orientaci\u00f3n del presidente del Inces, Wuikelman \u00c1ngel quien ha recibido un lineamiento claro de parte del presidente Nicol\u00e1s Maduro y es que el Inces debe sumarse al plan productivo del pa\u00eds\u201d.<\/p>\n<p class=\"western\" style=\"text-align: justify;\" align=\"justify\">Con estos encuentro se forj\u00f3 la disposici\u00f3n en los trabajadores para sumarse a la generaci\u00f3n de proyectos productivos. En un primer momento -se\u00f1al\u00f3- se plante\u00f3 el diagn\u00f3stico para saber con qu\u00e9 recursos y talento humano se cuenta para dise\u00f1ar el plan productivo del CFS y arroj\u00f3 como resultados cinco l\u00edneas de producci\u00f3n.<\/p>\n<p class=\"western\" style=\"text-align: justify;\" align=\"justify\">La primera l\u00ednea de producci\u00f3n es la reparaci\u00f3n de electrodom\u00e9sticos, la segunda reparaci\u00f3n de aires acondicionados, neveras y herrer\u00eda. \u201cCon estas dos l\u00edneas aspiramos apertura las tres restantes: Elaboraci\u00f3n de hornos para panader\u00eda con sistema dual, elaboraci\u00f3n de bolsos y carteras y producci\u00f3n vegetal,\u201d acot\u00f3.<\/p>\n<p class=\"western\" style=\"text-align: justify;\" align=\"justify\">Horno de panader\u00eda<\/p>\n<p class=\"western\" style=\"text-align: justify;\" align=\"justify\">Con relaci\u00f3n al horno de panader\u00eda que se est\u00e1 fabricando en este CFS, afirm\u00f3 que tiene un avance del 70%. \u201cEs de forma cil\u00edndrica, tiene un sistema dual, es decir, que podr\u00e1 funcionar con gas y electricidad. Esto es algo innovador porque los hornos comunes no presentan estas dos opciones.\u201d<\/p>\n<p class=\"western\" style=\"text-align: justify;\" align=\"justify\">Adem\u00e1s posee una c\u00e1mara especial que permitir\u00e1 mantener el calor. Si falla la electricidad y el gas se podr\u00e1 utilizar le\u00f1a. \u201cEst\u00e1 adaptado a las necesidades de guerra a las cuales estamos sometidos actualmente, por ello, se requiere un estudio t\u00e9cnico y de investigaci\u00f3n sobre el trabajo que este maestro est\u00e1 desarrollando porque es imperioso hacerle un reconocimiento formal,\u201d puntualiz\u00f3.<\/p>\n<p class=\"western\" style=\"text-align: justify;\" align=\"justify\">Recalc\u00f3 que a\u00fan no hay orientaciones sobre el financiamiento de los proyectos, por lo que es pertinente activar los proyectos de prestaci\u00f3n de servicios en todos los CFS con el objetivo de generar ingresos que permita poner en marcha el resto.<\/p>\n<p class=\"western\" style=\"text-align: justify;\" align=\"justify\">En marzo, esta gerencia iniciar\u00e1 las visitas en los centros Polivalente y Panamericano con el mismo prop\u00f3sito: reactivar el plan productivo y as\u00ed sucesivamente , a excepci\u00f3n de tres CFS que si generaron ingresos propios en el 2018: Artes Gr\u00e1ficas, Maracaibo I y Cabimas.<\/p>\n<p class=\"western\" style=\"text-align: justify;\" align=\"justify\">Durante las visitas los trabajadores de los CFS participar\u00e1n en talleres vinculados a la elaboraci\u00f3n y formulaci\u00f3n de proyectos productivos, estructura de costos y administraci\u00f3n, afirm\u00f3 Duque.<\/p>\n<p class=\"western\" style=\"text-align: justify;\" align=\"justify\">LT.<\/p>\n","protected":false},"excerpt":{"rendered":"<p>** El primero en ser visitado fue el CFS Metalminero<\/p>\n","protected":false},"author":15,"featured_media":25237,"comment_status":"closed","ping_status":"closed","sticky":false,"template":"","format":"standard","meta":{"footnotes":""},"categories":[2],"tags":[],"class_list":["post-25236","post","type-post","status-publish","format-standard","has-post-thumbnail","hentry","category-blog"],"_links":{"self":[{"href":"https:\/\/inces.gob.ve\/index.php\/wp-json\/wp\/v2\/posts\/25236","targetHints":{"allow":["GET"]}}],"collection":[{"href":"https:\/\/inces.gob.ve\/index.php\/wp-json\/wp\/v2\/posts"}],"about":[{"href":"https:\/\/inces.gob.ve\/index.php\/wp-json\/wp\/v2\/types\/post"}],"author":[{"embeddable":true,"href":"https:\/\/inces.gob.ve\/index.php\/wp-json\/wp\/v2\/users\/15"}],"replies":[{"embeddable":true,"href":"https:\/\/inces.gob.ve\/index.php\/wp-json\/wp\/v2\/comments?post=25236"}],"version-history":[{"count":2,"href":"https:\/\/inces.gob.ve\/index.php\/wp-json\/wp\/v2\/posts\/25236\/revisions"}],"predecessor-version":[{"id":25272,"href":"https:\/\/inces.gob.ve\/index.php\/wp-json\/wp\/v2\/posts\/25236\/revisions\/25272"}],"wp:featuredmedia":[{"embeddable":true,"href":"https:\/\/inces.gob.ve\/index.php\/wp-json\/wp\/v2\/media\/25237"}],"wp:attachment":[{"href":"https:\/\/inces.gob.ve\/index.php\/wp-json\/wp\/v2\/media?parent=25236"}],"wp:term":[{"taxonomy":"category","embeddable":true,"href":"https:\/\/inces.gob.ve\/index.php\/wp-json\/wp\/v2\/categories?post=25236"},{"taxonomy":"post_tag","embeddable":true,"href":"https:\/\/inces.gob.ve\/index.php\/wp-json\/wp\/v2\/tags?post=25236"}],"curies":[{"name":"wp","href":"https:\/\/api.w.org\/{rel}","templated":true}]}}