{"id":25244,"date":"2019-02-25T14:52:58","date_gmt":"2019-02-25T20:52:58","guid":{"rendered":"http:\/\/www.inces.gob.ve\/?p=25244"},"modified":"2020-05-28T20:29:31","modified_gmt":"2020-05-29T00:29:31","slug":"participantes-de-bachillerato-productivo-se-forman-en-saberes-para-producir-dentro-su-comunidad","status":"publish","type":"post","link":"https:\/\/inces.gob.ve\/index.php\/2019\/02\/25\/participantes-de-bachillerato-productivo-se-forman-en-saberes-para-producir-dentro-su-comunidad\/","title":{"rendered":"Participantes de bachillerato productivo se forman en saberes para producir dentro su comunidad"},"content":{"rendered":"<p style=\"text-align: justify;\" align=\"justify\"><span style=\"font-family: arial,helvetica,sans-serif;\"><i><b>** Su formaci\u00f3n la aplican en el fortalecimiento de un Comedor Comunitario que apoya en la alimentaci\u00f3n de los ni\u00f1os y ni\u00f1as del entorno<\/b><\/i><\/span><\/p>\n<p style=\"text-align: justify;\" align=\"justify\"><span style=\"font-family: arial,helvetica,sans-serif;\"><!--more--><\/span><\/p>\n<p style=\"text-align: justify;\" align=\"justify\"><span style=\"font-family: arial,helvetica,sans-serif;\"><b>DAYANA ALBARR\u00c1N | Aragua <\/b><\/span><\/p>\n<p style=\"text-align: justify;\" align=\"justify\"><span style=\"font-family: arial,helvetica,sans-serif;\">Bajo la modalidad de Bachiller Productivo, 65 participantes entre 26 y 67 a\u00f1os de edad, de la unidad educativa (UE) Inces Aragua, socializan sus saberes en la unidad educativa \u201cEdmundo Arencibia\u201d, ubicada en la comunidad Los Cocos, en la ciudad de Maracay, estado Aragua.<\/span><\/p>\n<p style=\"text-align: justify;\" align=\"justify\"><span style=\"font-family: arial,helvetica,sans-serif;\">All\u00ed las y los participantes provenientes de la alcald\u00eda del municipio Girardot, Milicia Bolivariana y centros de salud como Corposalud y Centro de Diagn\u00f3stico Integral (CDI) Los Cocos mostraron sus dotes en el \u00e1rea gastron\u00f3mica. Saberes que ser\u00e1n de beneficio para la comunidad y sus habitantes. <\/span><\/p>\n<p style=\"text-align: justify;\" align=\"justify\"><span style=\"font-family: arial,helvetica,sans-serif;\">Al respecto, Sim\u00f3n Navarro, responsable de UE Inces Aragua, inform\u00f3 que \u201clas \u00e1reas donde las y los participantes profundizaron su formaci\u00f3n, fue en el de cocina: elaboraci\u00f3n de dulces criollos y comidas alternativas. Esto con el prop\u00f3sito de apoyar a sus comunidad en su desarrollo productivo\u201d.<\/span><\/p>\n<p style=\"text-align: justify;\" align=\"justify\"><span style=\"font-family: arial,helvetica,sans-serif;\"><img loading=\"lazy\" decoding=\"async\" class=\"aligncenter wp-image-25246 size-full\" src=\"http:\/\/www.inces.gob.ve\/wp-content\/uploads\/2019\/02\/1saberes-para-producir-.jpg\" alt=\"\" width=\"850\" height=\"478\" srcset=\"https:\/\/inces.gob.ve\/wp-content\/uploads\/2019\/02\/1saberes-para-producir-.jpg 850w, https:\/\/inces.gob.ve\/wp-content\/uploads\/2019\/02\/1saberes-para-producir--300x169.jpg 300w, https:\/\/inces.gob.ve\/wp-content\/uploads\/2019\/02\/1saberes-para-producir--768x432.jpg 768w\" sizes=\"auto, (max-width: 850px) 100vw, 850px\" \/><\/span><\/p>\n<p style=\"text-align: justify;\" align=\"justify\"><span style=\"font-family: arial,helvetica,sans-serif;\">Ya se iniciaron talleres comunitarios de dulcer\u00eda criolla y comidas alternativas, dictados por los mismos participantes de esta 4ta oleada de Bachilleres Productivos a los habitantes de Los Cocos. \u201cEste grupo de participantes ha mostrado un gran inter\u00e9s, no solo por graduarse como Bachiller, si no tambi\u00e9n por aprender este arte de la cocina ya que desde el principio, est\u00e1n pensado en formarse y producir para su comunidad. Llevar este conocimiento m\u00e1s all\u00e1 de estas cuatro paredes, y poder engranar proyectos socioproductivos que se forjen desde los alimentos\u201d, dijo Gisela D\u00edaz, facilitadora de la U.E. Inces Aragua.<\/span><\/p>\n<p style=\"text-align: justify;\" align=\"justify\"><span style=\"font-family: arial,helvetica,sans-serif;\">Patios Productivos para el fortalecimiento del Comedor Comunitario Los Cocos<\/span><\/p>\n<p style=\"text-align: justify;\" align=\"justify\"><span style=\"font-family: arial,helvetica,sans-serif;\">La creaci\u00f3n de huertos familiares es otro de los alcances de esta formaci\u00f3n productiva. \u201cYa muchos de los participantes est\u00e1n cosechando lo que han sembrado. Ceboll\u00edn, aj\u00ed, piment\u00f3n, son algunos de los muchos otros rubros que encontramos en estos patios productivos. Los cuales son para beneficio de la comunidad\u201d, expres\u00f3 Damaris Ben\u00edtez, tambi\u00e9n facilitadora de la unidad.<\/span><\/p>\n<p style=\"text-align: justify;\" align=\"justify\"><span style=\"font-family: arial,helvetica,sans-serif;\">Estos rubros son destinados para la alimentaci\u00f3n de ni\u00f1os y ni\u00f1as de la comunidad que m\u00e1s lo requieran, a trav\u00e9s de un comedor comunitario en el que apoyan sus mismos habitantes, entre los cuales se encuentran los Bachilleres Productivos de la UE Inces Aragua, y quienes desde ya planifican formar al resto de las y los comuneros que as\u00ed lo deseen, para que se integren a esta noble labor que llega a beneficiar a m\u00e1s de 100 infantes de la localidad.<\/span><\/p>\n<p style=\"text-align: justify;\" align=\"justify\"><span style=\"font-family: arial,helvetica,sans-serif;\">LT.<\/span><\/p>\n","protected":false},"excerpt":{"rendered":"<p>** Su formaci\u00f3n la aplican en el fortalecimiento de un Comedor Comunitario que apoya en la alimentaci\u00f3n de los ni\u00f1os y ni\u00f1as del entorno<\/p>\n","protected":false},"author":15,"featured_media":25245,"comment_status":"closed","ping_status":"closed","sticky":false,"template":"","format":"standard","meta":{"footnotes":""},"categories":[2],"tags":[],"class_list":["post-25244","post","type-post","status-publish","format-standard","has-post-thumbnail","hentry","category-blog"],"_links":{"self":[{"href":"https:\/\/inces.gob.ve\/index.php\/wp-json\/wp\/v2\/posts\/25244","targetHints":{"allow":["GET"]}}],"collection":[{"href":"https:\/\/inces.gob.ve\/index.php\/wp-json\/wp\/v2\/posts"}],"about":[{"href":"https:\/\/inces.gob.ve\/index.php\/wp-json\/wp\/v2\/types\/post"}],"author":[{"embeddable":true,"href":"https:\/\/inces.gob.ve\/index.php\/wp-json\/wp\/v2\/users\/15"}],"replies":[{"embeddable":true,"href":"https:\/\/inces.gob.ve\/index.php\/wp-json\/wp\/v2\/comments?post=25244"}],"version-history":[{"count":2,"href":"https:\/\/inces.gob.ve\/index.php\/wp-json\/wp\/v2\/posts\/25244\/revisions"}],"predecessor-version":[{"id":25248,"href":"https:\/\/inces.gob.ve\/index.php\/wp-json\/wp\/v2\/posts\/25244\/revisions\/25248"}],"wp:featuredmedia":[{"embeddable":true,"href":"https:\/\/inces.gob.ve\/index.php\/wp-json\/wp\/v2\/media\/25245"}],"wp:attachment":[{"href":"https:\/\/inces.gob.ve\/index.php\/wp-json\/wp\/v2\/media?parent=25244"}],"wp:term":[{"taxonomy":"category","embeddable":true,"href":"https:\/\/inces.gob.ve\/index.php\/wp-json\/wp\/v2\/categories?post=25244"},{"taxonomy":"post_tag","embeddable":true,"href":"https:\/\/inces.gob.ve\/index.php\/wp-json\/wp\/v2\/tags?post=25244"}],"curies":[{"name":"wp","href":"https:\/\/api.w.org\/{rel}","templated":true}]}}