{"id":25249,"date":"2019-02-25T15:00:30","date_gmt":"2019-02-25T21:00:30","guid":{"rendered":"http:\/\/www.inces.gob.ve\/?p=25249"},"modified":"2020-05-28T20:29:31","modified_gmt":"2020-05-29T00:29:31","slug":"juventud-del-inces-caracas-prepara-certamen-para-elegir-a-las-madrinas-y-padrinos-del-carnaval","status":"publish","type":"post","link":"https:\/\/inces.gob.ve\/index.php\/2019\/02\/25\/juventud-del-inces-caracas-prepara-certamen-para-elegir-a-las-madrinas-y-padrinos-del-carnaval\/","title":{"rendered":"Juventud del Inces Caracas prepara certamen para elegir a las madrinas y padrinos del carnaval"},"content":{"rendered":"<p style=\"text-align: justify;\"><span style=\"font-size: 12pt;\"><em><span style=\"font-family: arial,helvetica,sans-serif;\"><b>** El equipo de la juventud productiva del Inces Caracas se reuni\u00f3 esta semana con el objeto de preparar el certamen interinstitutos para la elecci\u00f3n de la madrina y del padrino de los carnavales 2019, en un acto que pretende ser in\u00e9dito en su categor\u00eda<\/b><\/span><\/em><\/span><\/p>\n<p style=\"text-align: justify;\"><span style=\"font-family: arial,helvetica,sans-serif; font-size: 12pt;\"><!--more--><\/span><\/p>\n<p style=\"text-align: justify;\"><span style=\"font-family: arial,helvetica,sans-serif; font-size: 12pt;\"><b>JOS\u00c9 EUGENIO MENDOZA | Caracas<\/b><\/span><\/p>\n<p style=\"text-align: justify;\">\n<p style=\"text-align: justify;\"><span style=\"font-family: arial,helvetica,sans-serif; font-size: 12pt;\">El equipo de direcci\u00f3n de la juventud productiva del Inces Caracas, en conjunto con voceros y voceras de diversos institutos de aprendices, inician preparativos para la elecci\u00f3n de la madrina y del padrino del Carnaval Inces 2019, en lo que ser\u00e1 un acto sin precedentes en la sede regional.<\/span><\/p>\n<p style=\"text-align: justify;\">\n<p style=\"text-align: justify;\"><span style=\"font-family: arial,helvetica,sans-serif; font-size: 12pt;\">Gustavo Rojas, coordinador de la juventud productiva del Inces Caracas, expres\u00f3: \u00abEstamos preparando un acto \u00fanico en su clase. Queremos que este evento destaque no solo los atributos f\u00edsicos de nuestras madrinas y padrinos, sino que hagamos el mayor \u00e9nfasis en las aptitudes, actitudes, principios y valores de esta juventud. Elevar los valores de una juventud trabajadora, solidaria, estudiosa y carism\u00e1tica, es nuestro mayor objetivo\u00bb.<\/span><\/p>\n<p style=\"text-align: justify;\">\n<p style=\"text-align: justify;\"><span style=\"font-family: arial,helvetica,sans-serif; font-size: 12pt;\"><img loading=\"lazy\" decoding=\"async\" class=\"aligncenter wp-image-25252 size-full\" src=\"http:\/\/www.inces.gob.ve\/wp-content\/uploads\/2019\/02\/1madrinas-y-padrinos-del-carnaval.jpg\" alt=\"\" width=\"850\" height=\"828\" srcset=\"https:\/\/inces.gob.ve\/wp-content\/uploads\/2019\/02\/1madrinas-y-padrinos-del-carnaval.jpg 850w, https:\/\/inces.gob.ve\/wp-content\/uploads\/2019\/02\/1madrinas-y-padrinos-del-carnaval-300x292.jpg 300w, https:\/\/inces.gob.ve\/wp-content\/uploads\/2019\/02\/1madrinas-y-padrinos-del-carnaval-768x748.jpg 768w\" sizes=\"auto, (max-width: 850px) 100vw, 850px\" \/><\/span><\/p>\n<p style=\"text-align: justify;\">\n<p style=\"text-align: justify;\"><span style=\"font-family: arial,helvetica,sans-serif; font-size: 12pt;\">Rojas destac\u00f3 que se est\u00e1n evaluando diversas locaciones para la realizaci\u00f3n de este evento, a efectuarse el pr\u00f3ximo 27 de febrero. No descarta la posibilidad de realizarlo en el Teatro Nacional. Asimismo, est\u00e1 confirmada la participaci\u00f3n del primer actor Adolfo Cubas, entre otras personalidades, como parte del jurado.<\/span><\/p>\n<p style=\"text-align: justify;\">\n<p style=\"text-align: justify;\"><span style=\"font-family: arial,helvetica,sans-serif; font-size: 12pt;\"><img loading=\"lazy\" decoding=\"async\" class=\"aligncenter wp-image-25251 size-full\" src=\"http:\/\/www.inces.gob.ve\/wp-content\/uploads\/2019\/02\/2madrinas-y-padrinos-del-carnaval.jpg\" alt=\"\" width=\"850\" height=\"575\" srcset=\"https:\/\/inces.gob.ve\/wp-content\/uploads\/2019\/02\/2madrinas-y-padrinos-del-carnaval.jpg 850w, https:\/\/inces.gob.ve\/wp-content\/uploads\/2019\/02\/2madrinas-y-padrinos-del-carnaval-300x203.jpg 300w, https:\/\/inces.gob.ve\/wp-content\/uploads\/2019\/02\/2madrinas-y-padrinos-del-carnaval-768x520.jpg 768w, https:\/\/inces.gob.ve\/wp-content\/uploads\/2019\/02\/2madrinas-y-padrinos-del-carnaval-305x207.jpg 305w, https:\/\/inces.gob.ve\/wp-content\/uploads\/2019\/02\/2madrinas-y-padrinos-del-carnaval-622x420.jpg 622w\" sizes=\"auto, (max-width: 850px) 100vw, 850px\" \/><\/span><\/p>\n<p style=\"text-align: justify;\">\n<p style=\"text-align: justify;\"><span style=\"font-family: arial,helvetica,sans-serif; font-size: 12pt;\"><em>LT.<\/em><\/span><\/p>\n","protected":false},"excerpt":{"rendered":"<p>** El equipo de la juventud productiva del Inces Caracas se reuni\u00f3 esta semana con el objeto de preparar el certamen interinstitutos para la elecci\u00f3n de la madrina y del padrino de los carnavales 2019, en un acto que pretende ser in\u00e9dito en su categor\u00eda<\/p>\n","protected":false},"author":15,"featured_media":25250,"comment_status":"closed","ping_status":"closed","sticky":false,"template":"","format":"standard","meta":{"footnotes":""},"categories":[2],"tags":[],"class_list":["post-25249","post","type-post","status-publish","format-standard","has-post-thumbnail","hentry","category-blog"],"_links":{"self":[{"href":"https:\/\/inces.gob.ve\/index.php\/wp-json\/wp\/v2\/posts\/25249","targetHints":{"allow":["GET"]}}],"collection":[{"href":"https:\/\/inces.gob.ve\/index.php\/wp-json\/wp\/v2\/posts"}],"about":[{"href":"https:\/\/inces.gob.ve\/index.php\/wp-json\/wp\/v2\/types\/post"}],"author":[{"embeddable":true,"href":"https:\/\/inces.gob.ve\/index.php\/wp-json\/wp\/v2\/users\/15"}],"replies":[{"embeddable":true,"href":"https:\/\/inces.gob.ve\/index.php\/wp-json\/wp\/v2\/comments?post=25249"}],"version-history":[{"count":5,"href":"https:\/\/inces.gob.ve\/index.php\/wp-json\/wp\/v2\/posts\/25249\/revisions"}],"predecessor-version":[{"id":25285,"href":"https:\/\/inces.gob.ve\/index.php\/wp-json\/wp\/v2\/posts\/25249\/revisions\/25285"}],"wp:featuredmedia":[{"embeddable":true,"href":"https:\/\/inces.gob.ve\/index.php\/wp-json\/wp\/v2\/media\/25250"}],"wp:attachment":[{"href":"https:\/\/inces.gob.ve\/index.php\/wp-json\/wp\/v2\/media?parent=25249"}],"wp:term":[{"taxonomy":"category","embeddable":true,"href":"https:\/\/inces.gob.ve\/index.php\/wp-json\/wp\/v2\/categories?post=25249"},{"taxonomy":"post_tag","embeddable":true,"href":"https:\/\/inces.gob.ve\/index.php\/wp-json\/wp\/v2\/tags?post=25249"}],"curies":[{"name":"wp","href":"https:\/\/api.w.org\/{rel}","templated":true}]}}