{"id":25305,"date":"2019-02-26T09:03:31","date_gmt":"2019-02-26T15:03:31","guid":{"rendered":"http:\/\/www.inces.gob.ve\/?p=25305"},"modified":"2020-05-28T20:33:24","modified_gmt":"2020-05-29T00:33:24","slug":"gracias-a-mi-abuela-conoci-al-inces","status":"publish","type":"post","link":"https:\/\/inces.gob.ve\/index.php\/2019\/02\/26\/gracias-a-mi-abuela-conoci-al-inces\/","title":{"rendered":"\u201cGracias a mi abuela conoc\u00ed al Inces\u201d"},"content":{"rendered":"<p class=\"western\" style=\"text-align: justify;\" align=\"justify\"><span style=\"font-family: arial,helvetica,sans-serif;\"><b>**<i> Antonella Gonz\u00e1lez, de 16 a\u00f1os, est\u00e1 cursando el cuarto per\u00edodo del Bachillerato Productivo, gracias al programa de Educaci\u00f3n B\u00e1sica Modalidad J\u00f3venes Adultos y Adultas del Inces<\/i><\/b><\/span><\/p>\n<p align=\"justify\">\n<p class=\"western\" style=\"text-align: justify;\" align=\"justify\"><span style=\"font-family: arial,helvetica,sans-serif;\"> <!--more--><\/span><\/p>\n<p align=\"justify\">\n<p class=\"western\" style=\"text-align: justify;\" align=\"justify\"><span style=\"font-family: arial,helvetica,sans-serif;\"><b>YUDITH CASTRO | Zulia<\/b><\/span><\/p>\n<p align=\"justify\">\n<p class=\"western\" style=\"text-align: justify;\" align=\"justify\"><span style=\"font-family: arial,helvetica,sans-serif;\"><a name=\"__DdeLink__769_1477960950\"><\/a> Antonella Gonz\u00e1lez, de 16 a\u00f1os, est\u00e1 cursando el cuarto per\u00edodo del Bachillerato Productivo, gracias al programa de Educaci\u00f3n B\u00e1sica Modalidad J\u00f3venes Adultos y Adultas del Inces. Ella se dirige todos los d\u00edas s\u00e1bado a escuchar sus clases en el centro de formaci\u00f3n socialista Maracaibo, conocido en la regi\u00f3n zuliana como Inces marr\u00f3n. <\/span><\/p>\n<p class=\"western\" style=\"text-align: justify;\" align=\"justify\"><span style=\"font-family: arial,helvetica,sans-serif;\">Nunca empez\u00f3 la secundaria por temor. \u201cAl culminar la primaria, dije que no quer\u00eda estudiar m\u00e1s. Mi hermano estudiaba en el liceo, \u00e9l se peleaba, hab\u00eda muchos conflictos y ese ejemplo me atemoriz\u00f3\u201d.<\/span><\/p>\n<p class=\"western\" style=\"text-align: justify;\" align=\"justify\"><span style=\"font-family: arial,helvetica,sans-serif;\">Al cumplir los 14 a\u00f1os -indic\u00f3- \u201cmi abuela visit\u00f3 el Inces y me inscribi\u00f3, pero me dijeron que iniciar\u00eda la formaci\u00f3n cuando cumpliera los 15 a\u00f1os de edad y as\u00ed fue. Gracias a mi abuela conoc\u00ed al Inces y la experiencia fue diferente. Aqu\u00ed los docentes son excelentes, no hay problemas, me siento segura.\u201d<\/span><\/p>\n<p class=\"western\" style=\"text-align: justify;\" align=\"justify\"><span style=\"font-family: arial,helvetica,sans-serif;\">Simult\u00e1neamente, Antonella est\u00e1 realizando el curso de Litograf\u00eda en el Inces porque el programa de bachillerato le orienta que se forme en un \u00e1rea productiva con la finalidad de que una vez culminado sus estudios tenga un oficio que le permita trabajar. <\/span><\/p>\n<p class=\"western\" style=\"text-align: justify;\" align=\"justify\"><span style=\"font-family: arial,helvetica,sans-serif;\">Confes\u00f3 Antonella que desea estudiar en la universidad y formarse como abogada penalista. \u201cQuiero hacer justicia para aquellos que lo necesitan y de cierto modo esto contribuye con el crecimiento del pa\u00eds, porque solo nosotros estudiando y trabajando lo podremos hacer.\u201d <\/span><\/p>\n<p class=\"western\" style=\"text-align: justify;\" align=\"justify\"><span style=\"font-family: arial,helvetica,sans-serif;\">Esta adolescente, de car\u00e1cter firme, expres\u00f3 que todo lo que ha aprendido como persona se lo debe a su abuela y a su t\u00eda, pilares fundamentales en su desarrollo; experiencia que demuestra que cuando hay ausencia de los padres, el resto de la familia tambi\u00e9n es corresponsable de formar y cuidar a ese nuevo miembro, que puede o no convertirse en un ser productivo y con valores, pero ese depender\u00e1 de la familia y de las pol\u00edticas p\u00fablicas y gubernamentales. <\/span><\/p>\n<p class=\"western\" style=\"text-align: justify;\" align=\"justify\"><span style=\"font-family: arial,helvetica,sans-serif;\">Si quieres ser parte del programa de Bachillerato Productivo del Inces inscr\u00edbete, la fecha de cierre es la tercera semana de marzo. Solo debes consignar fotocopia de c\u00e9dula de identidad, original y copia de partida de nacimiento, tener 15 a\u00f1os o m\u00e1s, notas certificadas hasta el a\u00f1o que curs\u00f3 y si tiene sexto grado aprobado la constancia de promoci\u00f3n. <\/span><\/p>\n<p class=\"western\" style=\"text-align: justify;\" align=\"justify\"><span style=\"font-family: arial,helvetica,sans-serif;\">El Zulia cuenta con 9 espacios para el bachillerato: En el municipio Maracaibo en los CFS: Los Haticos, Panamericano, Bella Vista II (Inces marr\u00f3n) y la escuela Cuatricentenaria, (ubicada en la circunvalaci\u00f3n 3), en el municipio San Francisco: CFS San Francisco, en el km 9 y medio de Perij\u00e1 en la escuela Creaci\u00f3n Yukpa, en el municipio Sucre y en la escuela Wayumana ubicada en la Sierra Perij\u00e1. <\/span><\/p>\n<p class=\"western\" style=\"text-align: justify;\" align=\"justify\"><span style=\"font-family: arial,helvetica,sans-serif;\">LT.<\/span><\/p>\n","protected":false},"excerpt":{"rendered":"<p>** Antonella Gonz\u00e1lez, de 16 a\u00f1os, est\u00e1 cursando el cuarto per\u00edodo del Bachillerato Productivo, gracias al programa de Educaci\u00f3n B\u00e1sica Modalidad J\u00f3venes Adultos y Adultas del Inces<\/p>\n","protected":false},"author":15,"featured_media":25306,"comment_status":"closed","ping_status":"closed","sticky":false,"template":"","format":"standard","meta":{"footnotes":""},"categories":[2],"tags":[],"class_list":["post-25305","post","type-post","status-publish","format-standard","has-post-thumbnail","hentry","category-blog"],"_links":{"self":[{"href":"https:\/\/inces.gob.ve\/index.php\/wp-json\/wp\/v2\/posts\/25305","targetHints":{"allow":["GET"]}}],"collection":[{"href":"https:\/\/inces.gob.ve\/index.php\/wp-json\/wp\/v2\/posts"}],"about":[{"href":"https:\/\/inces.gob.ve\/index.php\/wp-json\/wp\/v2\/types\/post"}],"author":[{"embeddable":true,"href":"https:\/\/inces.gob.ve\/index.php\/wp-json\/wp\/v2\/users\/15"}],"replies":[{"embeddable":true,"href":"https:\/\/inces.gob.ve\/index.php\/wp-json\/wp\/v2\/comments?post=25305"}],"version-history":[{"count":3,"href":"https:\/\/inces.gob.ve\/index.php\/wp-json\/wp\/v2\/posts\/25305\/revisions"}],"predecessor-version":[{"id":25309,"href":"https:\/\/inces.gob.ve\/index.php\/wp-json\/wp\/v2\/posts\/25305\/revisions\/25309"}],"wp:featuredmedia":[{"embeddable":true,"href":"https:\/\/inces.gob.ve\/index.php\/wp-json\/wp\/v2\/media\/25306"}],"wp:attachment":[{"href":"https:\/\/inces.gob.ve\/index.php\/wp-json\/wp\/v2\/media?parent=25305"}],"wp:term":[{"taxonomy":"category","embeddable":true,"href":"https:\/\/inces.gob.ve\/index.php\/wp-json\/wp\/v2\/categories?post=25305"},{"taxonomy":"post_tag","embeddable":true,"href":"https:\/\/inces.gob.ve\/index.php\/wp-json\/wp\/v2\/tags?post=25305"}],"curies":[{"name":"wp","href":"https:\/\/api.w.org\/{rel}","templated":true}]}}