{"id":25359,"date":"2019-02-27T09:36:58","date_gmt":"2019-02-27T15:36:58","guid":{"rendered":"http:\/\/www.inces.gob.ve\/?p=25359"},"modified":"2020-05-28T20:29:31","modified_gmt":"2020-05-29T00:29:31","slug":"bolivar-capacita-nuevos-panaderos-artesanales","status":"publish","type":"post","link":"https:\/\/inces.gob.ve\/index.php\/2019\/02\/27\/bolivar-capacita-nuevos-panaderos-artesanales\/","title":{"rendered":"Bol\u00edvar capacita nuevos panaderos artesanales"},"content":{"rendered":"<p class=\"western\" style=\"text-align: justify;\" align=\"justify\"><span style=\"font-family: arial,helvetica,sans-serif; font-size: medium;\"><b>** Los participantes aspiran formar parte de las nuevas brigadas productivas <\/b><\/span><\/p>\n<p class=\"western\" style=\"text-align: justify;\" align=\"justify\">\n<span style=\"font-family: arial,helvetica,sans-serif;\"> <!--more--><\/span><\/p>\n<p class=\"western\" style=\"text-align: justify;\" align=\"justify\"><span style=\"font-family: arial,helvetica,sans-serif; font-size: medium;\"><b>ALEXSSIA THOMAS | Bol\u00edvar <\/b><\/span><\/p>\n<p class=\"western\" style=\"text-align: justify;\" align=\"justify\">\n<p class=\"western\" style=\"text-align: justify;\" align=\"justify\"><span style=\"font-family: arial,helvetica,sans-serif; font-size: medium;\">Esta semana se dio inicio al cursos con mayor demanda del Programa Turismo: Panificaci\u00f3n Dom\u00e9stica, en los centros de formaci\u00f3n socialista Manuel Carlos Piar y Tomas de Heres.<\/span><\/p>\n<p class=\"western\" style=\"text-align: justify;\" align=\"justify\">\n<p class=\"western\" style=\"text-align: justify;\" align=\"justify\"><span style=\"font-family: arial,helvetica,sans-serif; font-size: medium;\">M\u00e1s de 100 personas asisten a los diferentes centros con el deseo de convertirse en panaderos productivos bajo los conocimientos de la maestra t\u00e9cnica productiva (MTP) Yasmira Garc\u00eda.<\/span><\/p>\n<p class=\"western\" style=\"text-align: justify;\" align=\"justify\"><span style=\"font-family: arial,helvetica,sans-serif;\"><img loading=\"lazy\" decoding=\"async\" class=\"aligncenter wp-image-25361 size-full\" src=\"http:\/\/www.inces.gob.ve\/wp-content\/uploads\/2019\/02\/1-panaderos-artesanales-.jpg\" alt=\"\" width=\"850\" height=\"478\" srcset=\"https:\/\/inces.gob.ve\/wp-content\/uploads\/2019\/02\/1-panaderos-artesanales-.jpg 850w, https:\/\/inces.gob.ve\/wp-content\/uploads\/2019\/02\/1-panaderos-artesanales--300x169.jpg 300w, https:\/\/inces.gob.ve\/wp-content\/uploads\/2019\/02\/1-panaderos-artesanales--768x432.jpg 768w\" sizes=\"auto, (max-width: 850px) 100vw, 850px\" \/><\/span><br \/>\n<span style=\"font-family: arial,helvetica,sans-serif; font-size: medium;\"> Cabe destacar que los integrantes que completen dicha formaci\u00f3n obtendr\u00e1n un certificado para comenzar a producir panes en sus comunidades, empleando las herramientas y t\u00e9cnicas que obtendr\u00e1n durante el transcurso de sus respectivas clases.<\/span><\/p>\n<p class=\"western\" style=\"text-align: justify;\" align=\"justify\">\n<p class=\"western\" style=\"text-align: justify;\" align=\"justify\"><span style=\"font-family: arial,helvetica,sans-serif; font-size: medium;\">Yasmira Garc\u00eda expres\u00f3 \u201cla expectativa para estos grupos es formarlos apropiadamente para que tengan la capacidad de emprender sus propios negocios, haciendo uso de la formaci\u00f3n que se les ofreces aqu\u00ed en el Inces\u201d.<\/span><\/p>\n<p class=\"western\" style=\"text-align: justify;\" align=\"justify\">\n<p class=\"western\" style=\"text-align: justify;\" align=\"justify\"><span style=\"font-family: arial,helvetica,sans-serif; font-size: medium;\">La coordinadora de Asistencia Integral al Participante (AIP), Solvany Sosa, indic\u00f3 que 214 personas fueron caracterizadas para iniciar esta formaci\u00f3n en el segundo y tercer trimestre del a\u00f1o.<\/span><\/p>\n<p class=\"western\" style=\"text-align: justify;\" align=\"justify\">\n<p class=\"western\" style=\"text-align: justify;\" align=\"justify\"><span style=\"font-family: arial,helvetica,sans-serif; font-size: medium;\">Por su parte, la participante Sarah\u00ed Barrios manifest\u00f3: \u201cEstoy contenta de pertenecer a este grupo de aprendices en el \u00e1rea de panader\u00eda, aspiro aprender y desarrollar mis habilidades en la elaboraci\u00f3n de m\u00e1s de 35 panes, lo cual me permitir\u00e1 iniciarme como panadera artesanal\u201d.<\/span><\/p>\n<p class=\"western\" style=\"text-align: justify;\" align=\"justify\">\n<span style=\"font-family: arial,helvetica,sans-serif;\"> Lt.<\/span><\/p>\n","protected":false},"excerpt":{"rendered":"<p>** Los participantes aspiran formar parte de las nuevas brigadas productivas<\/p>\n","protected":false},"author":15,"featured_media":25360,"comment_status":"closed","ping_status":"closed","sticky":false,"template":"","format":"standard","meta":{"footnotes":""},"categories":[2],"tags":[],"class_list":["post-25359","post","type-post","status-publish","format-standard","has-post-thumbnail","hentry","category-blog"],"_links":{"self":[{"href":"https:\/\/inces.gob.ve\/index.php\/wp-json\/wp\/v2\/posts\/25359","targetHints":{"allow":["GET"]}}],"collection":[{"href":"https:\/\/inces.gob.ve\/index.php\/wp-json\/wp\/v2\/posts"}],"about":[{"href":"https:\/\/inces.gob.ve\/index.php\/wp-json\/wp\/v2\/types\/post"}],"author":[{"embeddable":true,"href":"https:\/\/inces.gob.ve\/index.php\/wp-json\/wp\/v2\/users\/15"}],"replies":[{"embeddable":true,"href":"https:\/\/inces.gob.ve\/index.php\/wp-json\/wp\/v2\/comments?post=25359"}],"version-history":[{"count":1,"href":"https:\/\/inces.gob.ve\/index.php\/wp-json\/wp\/v2\/posts\/25359\/revisions"}],"predecessor-version":[{"id":25362,"href":"https:\/\/inces.gob.ve\/index.php\/wp-json\/wp\/v2\/posts\/25359\/revisions\/25362"}],"wp:featuredmedia":[{"embeddable":true,"href":"https:\/\/inces.gob.ve\/index.php\/wp-json\/wp\/v2\/media\/25360"}],"wp:attachment":[{"href":"https:\/\/inces.gob.ve\/index.php\/wp-json\/wp\/v2\/media?parent=25359"}],"wp:term":[{"taxonomy":"category","embeddable":true,"href":"https:\/\/inces.gob.ve\/index.php\/wp-json\/wp\/v2\/categories?post=25359"},{"taxonomy":"post_tag","embeddable":true,"href":"https:\/\/inces.gob.ve\/index.php\/wp-json\/wp\/v2\/tags?post=25359"}],"curies":[{"name":"wp","href":"https:\/\/api.w.org\/{rel}","templated":true}]}}