{"id":25366,"date":"2019-02-28T09:12:06","date_gmt":"2019-02-28T15:12:06","guid":{"rendered":"http:\/\/www.inces.gob.ve\/?p=25366"},"modified":"2020-05-28T20:29:31","modified_gmt":"2020-05-29T00:29:31","slug":"el-inces-bolivar-abrio-las-inscripciones-de-bachillerato-productivo","status":"publish","type":"post","link":"https:\/\/inces.gob.ve\/index.php\/2019\/02\/28\/el-inces-bolivar-abrio-las-inscripciones-de-bachillerato-productivo\/","title":{"rendered":"El Inces  Bol\u00edvar abri\u00f3 las inscripciones de bachillerato productivo"},"content":{"rendered":"<p class=\"western\" style=\"text-align: justify;\" align=\"justify\"><span style=\"font-family: arial,helvetica,sans-serif;\"><span style=\"font-size: medium;\"><b>** <i>El bachillerato con perfil productivo es emitido por el Ministerio de Poder Popular para la Educaci\u00f3n y el certificado del oficio productivo por el Instituto Nacional de Capacitaci\u00f3n y Educaci\u00f3n Socialista (Inces)<\/i><\/b><\/span><!--more--><\/span><\/p>\n<p class=\"western\" style=\"text-align: justify;\" align=\"justify\"><span style=\"font-family: arial,helvetica,sans-serif; font-size: medium;\"><b>JOS\u00c9 SUAREZ | Bol\u00edvar <\/b><\/span><\/p>\n<p class=\"western\" style=\"text-align: justify;\" align=\"justify\"><span style=\"font-family: arial,helvetica,sans-serif; font-size: medium;\">El Programa Educaci\u00f3n Media General del Inces Regional Bol\u00edvar dio inici\u00f3 a las inscripciones 2019 del bachillerato con perfil productivo, en la modalidad de Educaci\u00f3n de J\u00f3venes, Adultas y Adultos. <\/span><\/p>\n<p class=\"western\" style=\"text-align: justify;\" align=\"justify\"><span style=\"font-family: arial,helvetica,sans-serif; font-size: medium;\">La directora del Programa Educaci\u00f3n Media General, Rosaysma Carri\u00f3n, declar\u00f3 que est\u00e1n abiertas la inscripciones desde el 28 de enero hasta el 15 de marzo, \u201cpara este a\u00f1o nuestra meta es formar 82.000 participantes\u201d; as\u00ed mismo, contabiliz\u00f3 que existen 650 pre-inscritos distribuidos en los centros de formaci\u00f3n socialista \u201cManuel Carlos Piar\u201d, Jos\u00e9 Leonardo Chirinos, Cacique Yocoima y Tomas de Heres.<\/span><\/p>\n<p class=\"western\" style=\"text-align: justify;\" align=\"justify\"><span style=\"font-family: arial,helvetica,sans-serif;\"><img loading=\"lazy\" decoding=\"async\" class=\"aligncenter wp-image-25368 size-full\" src=\"http:\/\/www.inces.gob.ve\/wp-content\/uploads\/2019\/02\/1inscripciones-de-bachillerato-.jpg\" alt=\"\" width=\"850\" height=\"533\" srcset=\"https:\/\/inces.gob.ve\/wp-content\/uploads\/2019\/02\/1inscripciones-de-bachillerato-.jpg 850w, https:\/\/inces.gob.ve\/wp-content\/uploads\/2019\/02\/1inscripciones-de-bachillerato--300x188.jpg 300w, https:\/\/inces.gob.ve\/wp-content\/uploads\/2019\/02\/1inscripciones-de-bachillerato--768x482.jpg 768w\" sizes=\"auto, (max-width: 850px) 100vw, 850px\" \/><\/span><br \/>\n<span style=\"font-family: arial,helvetica,sans-serif;\"> \u201c<span style=\"font-size: medium;\">Estamos acopl\u00e1ndonos al proceso de inscripci\u00f3n en las entidades de trabajo. Se est\u00e1 tomando como premisa el sistema RONCA (empresas recuperadas, ocupadas, nacionalizadas, creadas y aliadas), garantizando los turnos y horarios requerido por los participantes\u201d. Agrego Carri\u00f3n<\/span><\/span><\/p>\n<p class=\"western\" style=\"text-align: justify;\" align=\"justify\"><span style=\"font-family: arial,helvetica,sans-serif; font-size: medium;\">Las clases del bachillerato inician el 6 de marzo, donde los estudiantes aprender\u00e1n los componentes b\u00e1sicos; de Lengua, Cultura y Comunicaci\u00f3n, Matem\u00e1tica, Ciencias Naturales, Memoeria, Territorio y Ciudadan\u00eda. De igual modo la integraci\u00f3n en la comunidades con actividades culturales y acci\u00f3n comunal de lograr captar a j\u00f3venes, adultas y adultos hacia la vinculaci\u00f3n laboral. <\/span><\/p>\n<p class=\"western\" style=\"text-align: justify;\" align=\"justify\"><span style=\"font-family: arial,helvetica,sans-serif; font-size: medium;\">Las personas interesadas en proseguir sus estudios deben tener una edad m\u00ednima de 15 a\u00f1os y estar desvinculado del sistema regular desde hace un a\u00f1o; como requisitos para formalizar la inscripci\u00f3n deben presentar partida de nacimiento (original y copia); dos fotograf\u00edas tipo carnet, constancia de aprobaci\u00f3n de 6to grado y el certificado de calificaciones.<\/span><\/p>\n<p class=\"western\" style=\"text-align: justify;\" align=\"justify\"><span style=\"font-family: arial,helvetica,sans-serif; font-size: medium;\">La sub-directora del Programa Educaci\u00f3n Media General del Inces regional Bol\u00edvar, Osmaira Pi\u00f1atel, invit\u00f3 a la colectividad bolivarenses a culminar sus estudios acad\u00e9micos, y obtener el t\u00edtulo de bachiller en un periodo de tres (3) a\u00f1os junto a la acreditaci\u00f3n de los oficios.<\/span><\/p>\n<p class=\"western\" style=\"text-align: justify;\" align=\"justify\"><span style=\"font-family: arial,helvetica,sans-serif;\"> LT.<\/span><\/p>\n<p class=\"western\" style=\"text-align: justify;\" align=\"justify\"><span style=\"font-family: arial,helvetica,sans-serif; font-size: medium;\">.<\/span><\/p>\n","protected":false},"excerpt":{"rendered":"<p>** El bachillerato con perfil productivo es emitido por el Ministerio de Poder Popular para la Educaci\u00f3n y el certificado del oficio productivo por el Instituto Nacional de Capacitaci\u00f3n y Educaci\u00f3n Socialista (Inces)<\/p>\n","protected":false},"author":15,"featured_media":25367,"comment_status":"closed","ping_status":"closed","sticky":false,"template":"","format":"standard","meta":{"footnotes":""},"categories":[2],"tags":[],"class_list":["post-25366","post","type-post","status-publish","format-standard","has-post-thumbnail","hentry","category-blog"],"_links":{"self":[{"href":"https:\/\/inces.gob.ve\/index.php\/wp-json\/wp\/v2\/posts\/25366","targetHints":{"allow":["GET"]}}],"collection":[{"href":"https:\/\/inces.gob.ve\/index.php\/wp-json\/wp\/v2\/posts"}],"about":[{"href":"https:\/\/inces.gob.ve\/index.php\/wp-json\/wp\/v2\/types\/post"}],"author":[{"embeddable":true,"href":"https:\/\/inces.gob.ve\/index.php\/wp-json\/wp\/v2\/users\/15"}],"replies":[{"embeddable":true,"href":"https:\/\/inces.gob.ve\/index.php\/wp-json\/wp\/v2\/comments?post=25366"}],"version-history":[{"count":2,"href":"https:\/\/inces.gob.ve\/index.php\/wp-json\/wp\/v2\/posts\/25366\/revisions"}],"predecessor-version":[{"id":25388,"href":"https:\/\/inces.gob.ve\/index.php\/wp-json\/wp\/v2\/posts\/25366\/revisions\/25388"}],"wp:featuredmedia":[{"embeddable":true,"href":"https:\/\/inces.gob.ve\/index.php\/wp-json\/wp\/v2\/media\/25367"}],"wp:attachment":[{"href":"https:\/\/inces.gob.ve\/index.php\/wp-json\/wp\/v2\/media?parent=25366"}],"wp:term":[{"taxonomy":"category","embeddable":true,"href":"https:\/\/inces.gob.ve\/index.php\/wp-json\/wp\/v2\/categories?post=25366"},{"taxonomy":"post_tag","embeddable":true,"href":"https:\/\/inces.gob.ve\/index.php\/wp-json\/wp\/v2\/tags?post=25366"}],"curies":[{"name":"wp","href":"https:\/\/api.w.org\/{rel}","templated":true}]}}