{"id":25401,"date":"2019-03-06T07:26:48","date_gmt":"2019-03-06T13:26:48","guid":{"rendered":"http:\/\/www.inces.gob.ve\/?p=25401"},"modified":"2020-05-28T20:29:30","modified_gmt":"2020-05-29T00:29:30","slug":"aprendices-participan-en-charla-sexualidad-esencia-del-ser-humano","status":"publish","type":"post","link":"https:\/\/inces.gob.ve\/index.php\/2019\/03\/06\/aprendices-participan-en-charla-sexualidad-esencia-del-ser-humano\/","title":{"rendered":"Aprendices participan en charla \u201cSexualidad, esencia del ser humano\u201d"},"content":{"rendered":"<p style=\"text-align: justify;\" align=\"justify\"><span style=\"font-family: arial,helvetica,sans-serif;\"><i><b>** El prop\u00f3sito de la actividad se bas\u00f3 en crear conciencia en los j\u00f3venes sobre el uso de m\u00e9todos anticonceptivos y la prevenci\u00f3n de enfermedades de transmisi\u00f3n sexual <\/b><\/i><\/span><\/p>\n<p style=\"text-align: justify;\" align=\"justify\"><span style=\"font-family: arial,helvetica,sans-serif;\"><!--more--><\/span><\/p>\n<p style=\"text-align: justify;\" align=\"justify\"><span style=\"font-family: arial,helvetica,sans-serif;\"><b>MAR\u00cdA ALEJANDRA ARIAS | Yaracuy <\/b><\/span><\/p>\n<p style=\"text-align: justify;\" align=\"justify\"><span style=\"font-family: arial,helvetica,sans-serif;\">Como parte de las actividades organizadas en el mes de la juventud, el Inces Yaracuy desarroll\u00f3 una charla sobre Sexualidad, la cual fue dirigida por Vidal Torrealba, m\u00e9dico cirujano quien comparti\u00f3 informaci\u00f3n sobre la importancia del tema en la vida del ser humano, sobre todo en una poblaci\u00f3n vulnerable como la juventud la cual est\u00e1, comprobado cient\u00edficamente, m\u00e1s propensa a enfrentar desaf\u00edos dif\u00edciles en este aspecto.<\/span><\/p>\n<p style=\"text-align: justify;\" align=\"justify\"><span style=\"font-family: arial,helvetica,sans-serif;\">El galeno explic\u00f3 que a pesar de existir una sociedad que maneja informaci\u00f3n de todo tipo, no es menos cierto que aun hay tab\u00faes con el tema de la sexualidad. Suele ser un aspecto inc\u00f3modo para muchos; sin embargo, se mezclan sentimientos y emociones, cultura, actitudes personales y hasta dudas. Todo ello influido por factores biol\u00f3gicos, psicol\u00f3gicos, sociales, econ\u00f3micos, culturales, \u00e9ticos, legales entre otros. <\/span><\/p>\n<p style=\"text-align: justify;\" align=\"justify\"><span style=\"font-family: arial,helvetica,sans-serif;\"><img loading=\"lazy\" decoding=\"async\" class=\"aligncenter wp-image-25402 size-full\" src=\"http:\/\/www.inces.gob.ve\/wp-content\/uploads\/2019\/03\/2-prevenci\u00f3n-de-enfermedades-de-transmisi\u00f3n-.jpg\" alt=\"\" width=\"800\" height=\"412\" srcset=\"https:\/\/inces.gob.ve\/wp-content\/uploads\/2019\/03\/2-prevenci\u00f3n-de-enfermedades-de-transmisi\u00f3n-.jpg 800w, https:\/\/inces.gob.ve\/wp-content\/uploads\/2019\/03\/2-prevenci\u00f3n-de-enfermedades-de-transmisi\u00f3n--300x155.jpg 300w, https:\/\/inces.gob.ve\/wp-content\/uploads\/2019\/03\/2-prevenci\u00f3n-de-enfermedades-de-transmisi\u00f3n--768x396.jpg 768w\" sizes=\"auto, (max-width: 800px) 100vw, 800px\" \/><\/span><br \/>\n<span style=\"font-family: arial,helvetica,sans-serif;\"> Asimismo, destac\u00f3 que las funciones de la sexualidad son comunicativa \u2013 afectiva (expresa emociones, sentimientos, afectos). Tambi\u00e9n es er\u00f3tica (es la m\u00e1s cercana a la esencia del ser humano, aunque culturalmente mal interpretada). Es creativa y l\u00fadica, es decir, permite al individuo expresarse de forma libre y creativa y reproductiva (es la m\u00e1s usada para justificar la conducta sexual. Obliga a tomar decisiones de responsabilidad de tener o no descendencia).<\/span><\/p>\n<p style=\"text-align: justify;\" align=\"justify\"><span style=\"font-family: arial,helvetica,sans-serif;\">Torrealba finalmente explic\u00f3 la importancia de conocer lo relacionada a las infecciones de transmisi\u00f3n sexual y sus consecuencias que radican en la infertilidad, embarazo ect\u00f3pico, dolor p\u00e9lvico, c\u00e1ncer cervicouterino y otras. Adem\u00e1s habl\u00f3 de lo vital del uso de preservativos y bajo el lema \u201csin gorro no hay fiesta\u201d, hizo un llamado a la conciencia de los j\u00f3venes a ser precavidos al momento de tomar la decisi\u00f3n de tener relaciones sexuales para evitar contagios. <\/span><\/p>\n<p style=\"text-align: justify;\" align=\"justify\"><span style=\"font-family: arial,helvetica,sans-serif;\">LT.<\/span><\/p>\n","protected":false},"excerpt":{"rendered":"<p>** El prop\u00f3sito de la actividad se bas\u00f3 en crear conciencia en los j\u00f3venes sobre el uso de m\u00e9todos anticonceptivos y la prevenci\u00f3n de enfermedades de transmisi\u00f3n sexual<\/p>\n","protected":false},"author":15,"featured_media":25403,"comment_status":"closed","ping_status":"closed","sticky":false,"template":"","format":"standard","meta":{"footnotes":""},"categories":[2],"tags":[],"class_list":["post-25401","post","type-post","status-publish","format-standard","has-post-thumbnail","hentry","category-blog"],"_links":{"self":[{"href":"https:\/\/inces.gob.ve\/index.php\/wp-json\/wp\/v2\/posts\/25401","targetHints":{"allow":["GET"]}}],"collection":[{"href":"https:\/\/inces.gob.ve\/index.php\/wp-json\/wp\/v2\/posts"}],"about":[{"href":"https:\/\/inces.gob.ve\/index.php\/wp-json\/wp\/v2\/types\/post"}],"author":[{"embeddable":true,"href":"https:\/\/inces.gob.ve\/index.php\/wp-json\/wp\/v2\/users\/15"}],"replies":[{"embeddable":true,"href":"https:\/\/inces.gob.ve\/index.php\/wp-json\/wp\/v2\/comments?post=25401"}],"version-history":[{"count":2,"href":"https:\/\/inces.gob.ve\/index.php\/wp-json\/wp\/v2\/posts\/25401\/revisions"}],"predecessor-version":[{"id":25405,"href":"https:\/\/inces.gob.ve\/index.php\/wp-json\/wp\/v2\/posts\/25401\/revisions\/25405"}],"wp:featuredmedia":[{"embeddable":true,"href":"https:\/\/inces.gob.ve\/index.php\/wp-json\/wp\/v2\/media\/25403"}],"wp:attachment":[{"href":"https:\/\/inces.gob.ve\/index.php\/wp-json\/wp\/v2\/media?parent=25401"}],"wp:term":[{"taxonomy":"category","embeddable":true,"href":"https:\/\/inces.gob.ve\/index.php\/wp-json\/wp\/v2\/categories?post=25401"},{"taxonomy":"post_tag","embeddable":true,"href":"https:\/\/inces.gob.ve\/index.php\/wp-json\/wp\/v2\/tags?post=25401"}],"curies":[{"name":"wp","href":"https:\/\/api.w.org\/{rel}","templated":true}]}}