{"id":25411,"date":"2019-03-06T09:02:23","date_gmt":"2019-03-06T15:02:23","guid":{"rendered":"http:\/\/www.inces.gob.ve\/?p=25411"},"modified":"2020-05-28T20:29:30","modified_gmt":"2020-05-29T00:29:30","slug":"psuv-reconoce-a-inces-sucre-esfuerzo-en-recoleccion-de-firmas-por-la-paz","status":"publish","type":"post","link":"https:\/\/inces.gob.ve\/index.php\/2019\/03\/06\/psuv-reconoce-a-inces-sucre-esfuerzo-en-recoleccion-de-firmas-por-la-paz\/","title":{"rendered":"Psuv reconoce a Inces Sucre esfuerzo en recolecci\u00f3n de firmas por la Paz"},"content":{"rendered":"<p align=\"justify\"><span style=\"font-family: Arial,sans-serif;\"><i><b>** En la entidad la instituci\u00f3n est\u00e1 firme y apoya al presidente Nicol\u00e1s Maduro en su empe\u00f1o por hacer de Venezuela un pa\u00eds de paz<\/b><\/i><\/span><\/p>\n<p align=\"justify\">\n<p align=\"justify\"><!--more--><\/p>\n<p align=\"justify\"><span style=\"font-family: Arial,sans-serif;\"><b>MILAGROS GUERRERO | Sucre<\/b><\/span><\/p>\n<p align=\"justify\">\n<p align=\"justify\"><span style=\"font-family: Arial,sans-serif;\">En Inces Sucre el compromiso por la paz de Venezuela es firme y la muestra est\u00e1 en el reconocimiento que hizo el Psuv, a trav\u00e9s, de la direcci\u00f3n regional del partido a las instituciones del gobierno en el proceso de recolecci\u00f3n de las firmas, con las cuales, los sucrenses refrendan un No rotundo a la guerra y el S\u00ed absoluto por la Paz en el territorio nacional.<\/span><\/p>\n<p align=\"justify\"><span style=\"font-family: Arial,sans-serif;\">As\u00ed se pudo conocer tras una reuni\u00f3n convocada por el ejecutivo regional, a la cual, fueron citados los directores de todas las instituciones nacionales, regionales y municipales, donde Inces Sucre tuvo el reconocimiento de la Secretaria General de Gobierno y del Psuv, respectivamente, como una instituci\u00f3n clave en estos momentos y desde la cual se est\u00e1 combatiendo a trav\u00e9s de la formaci\u00f3n productiva, la apat\u00eda, la mala informaci\u00f3n y el ataque de la oligarqu\u00eda pitiyanqui nacional dirigido hacia la juventud.<\/span><\/p>\n<p align=\"justify\">\u201c<span style=\"font-family: Arial,sans-serif;\"><b>Hands Off Venezuela\u201d<\/b><\/span><\/p>\n<p align=\"justify\"><span style=\"font-family: Arial,sans-serif;\">En la reuni\u00f3n se les record\u00f3 que la meta en la entidad sucrense es de 350 mil 388 r\u00fabricas y el plazo de entrega ser\u00e1 hasta el domingo 3 de febrero. Raz\u00f3n por la cual, fueron conminados a dar el mayor esfuerzo por alcanzar la cantidad de afirmaciones en favor de la paz para la patria venezolana.<\/span><\/p>\n<p align=\"justify\"><span style=\"font-family: Arial,sans-serif;\">Por Inces asistieron a la cita la gerente regional Audin Navarro y la jefe de la Divisi\u00f3n de Formaci\u00f3n Profesional Ozaida M\u00e1rquez, quienes ratificaron su compromiso con la patria, la instituci\u00f3n y la revoluci\u00f3n, en alcanzar la m\u00e1xima cantidad de firmas por la paz puertas adentro de la instituci\u00f3n.<\/span><\/p>\n<p align=\"justify\"><span style=\"font-family: Arial,sans-serif;\">En la entidad, al momento de redactar esta nota, 156 mil 688 sucrenses hab\u00edan contabilizado su firma en los libros de la campa\u00f1a \u201cHands Off Venezuela\u201d. De manera muy oportuna, como se recordar\u00e1, Inces Sucre se present\u00f3 con sus funcionarios a firmar p\u00fablicamente en la plaza Bol\u00edvar de Cuman\u00e1 su voluntad y deseo de NO a la injerencia yanqui en Venezuela, NO a la guerra contra la patria de Bol\u00edvar y Ch\u00e1vez; y el S\u00ed definitivo a la Paz.<\/span><\/p>\n","protected":false},"excerpt":{"rendered":"<p>** En la entidad la instituci\u00f3n est\u00e1 firme y apoya al presidente Nicol\u00e1s Maduro en su empe\u00f1o por hacer de Venezuela un pa\u00eds de paz<\/p>\n","protected":false},"author":15,"featured_media":25412,"comment_status":"closed","ping_status":"closed","sticky":false,"template":"","format":"standard","meta":{"footnotes":""},"categories":[2],"tags":[],"class_list":["post-25411","post","type-post","status-publish","format-standard","has-post-thumbnail","hentry","category-blog"],"_links":{"self":[{"href":"https:\/\/inces.gob.ve\/index.php\/wp-json\/wp\/v2\/posts\/25411","targetHints":{"allow":["GET"]}}],"collection":[{"href":"https:\/\/inces.gob.ve\/index.php\/wp-json\/wp\/v2\/posts"}],"about":[{"href":"https:\/\/inces.gob.ve\/index.php\/wp-json\/wp\/v2\/types\/post"}],"author":[{"embeddable":true,"href":"https:\/\/inces.gob.ve\/index.php\/wp-json\/wp\/v2\/users\/15"}],"replies":[{"embeddable":true,"href":"https:\/\/inces.gob.ve\/index.php\/wp-json\/wp\/v2\/comments?post=25411"}],"version-history":[{"count":3,"href":"https:\/\/inces.gob.ve\/index.php\/wp-json\/wp\/v2\/posts\/25411\/revisions"}],"predecessor-version":[{"id":25415,"href":"https:\/\/inces.gob.ve\/index.php\/wp-json\/wp\/v2\/posts\/25411\/revisions\/25415"}],"wp:featuredmedia":[{"embeddable":true,"href":"https:\/\/inces.gob.ve\/index.php\/wp-json\/wp\/v2\/media\/25412"}],"wp:attachment":[{"href":"https:\/\/inces.gob.ve\/index.php\/wp-json\/wp\/v2\/media?parent=25411"}],"wp:term":[{"taxonomy":"category","embeddable":true,"href":"https:\/\/inces.gob.ve\/index.php\/wp-json\/wp\/v2\/categories?post=25411"},{"taxonomy":"post_tag","embeddable":true,"href":"https:\/\/inces.gob.ve\/index.php\/wp-json\/wp\/v2\/tags?post=25411"}],"curies":[{"name":"wp","href":"https:\/\/api.w.org\/{rel}","templated":true}]}}