{"id":25538,"date":"2019-03-14T09:34:18","date_gmt":"2019-03-14T15:34:18","guid":{"rendered":"http:\/\/www.inces.gob.ve\/?p=25538"},"modified":"2020-05-28T20:29:29","modified_gmt":"2020-05-29T00:29:29","slug":"inces-anzoategui-rechazo-el-atentado-realizado-al-sistema-electrico-venezolano","status":"publish","type":"post","link":"https:\/\/inces.gob.ve\/index.php\/2019\/03\/14\/inces-anzoategui-rechazo-el-atentado-realizado-al-sistema-electrico-venezolano\/","title":{"rendered":"Inces Anzo\u00e1tegui rechaz\u00f3 el atentado realizado al sistema el\u00e9ctrico venezolano"},"content":{"rendered":"<p class=\"western\" align=\"justify\">\u201c<i><b>Nuestro <\/b><\/i><i><b>principal objetivo es defender <\/b><\/i><i><b>a<\/b><\/i><i><b>l pa\u00eds y apoyar rotundamente a nuestro presidente constitucional Nicol\u00e1s Maduro\u201d<\/b><\/i><!--more--><\/p>\n<p class=\"western\" align=\"justify\">\n<p class=\"western\" align=\"justify\"><b>GLADYS MONGUA | Anzo\u00e1tegui <\/b><\/p>\n<p class=\"western\" align=\"justify\">Trabajadores y trabajadoras del Inces Anzo\u00e1tegui realizaron un pronunciamiento en las instalaciones del centro de formaci\u00f3n socialista (CFS) Eulalia Buroz, rechazando el atentado en contra del sistema el\u00e9ctrico del pa\u00eds, el cual afect\u00f3 a todo el pueblo venezolano.<\/p>\n<p class=\"western\" align=\"justify\">\n<p class=\"western\" align=\"justify\">Empleados de la instituci\u00f3n aseguraron que continuar\u00e1n defendiendo la patria y el legado del comandante eterno Hugo Ch\u00e1vez, con trabajo en equipo, con el apoyo de todas las formaciones, divisiones presentes en el Inces y con las directrices establecidas por el presidente constitucional Nicol\u00e1s Maduro .<\/p>\n<p class=\"western\" align=\"justify\">\n<p class=\"western\" align=\"justify\">Adem\u00e1s, indicaron que la derecha fascista no tiene la menor idea del da\u00f1o que ha ocasionado al pueblo venezolano, un pueblo que aun as\u00ed se mantiene fuerte y con rodilla en tierra dispuesto a defender su territorio.<\/p>\n<p class=\"western\" align=\"justify\">\n<p class=\"western\" align=\"justify\">El coordinador del centro de formaci\u00f3n socialista Sim\u00f3n Bol\u00edvar, Jos\u00e9 Villegas, se\u00f1al\u00f3 que agradece profundamente a todo el personal de Corpoelec por dar todo su esfuerzo y restablecer la energ\u00eda lo m\u00e1s pronto posible.<\/p>\n<p class=\"western\" align=\"justify\">\n<p class=\"western\" align=\"justify\">\u201cDesde el Inces Anzo\u00e1tegui expandimos nuestras m\u00e1s sinceras felicitaciones y agradecimiento a nuestros compatriotas de Corpoelec por luchar contra los fascistas y vencer el atentado maligno que realizaron los imperialistas contra un pueblo que solo busca la paz dejando a un lado la maldad\u201d.<\/p>\n<p class=\"western\" align=\"justify\">\n<p class=\"western\" align=\"justify\">A su vez, el coordinador del CFS Eulalia Buroz, Fanklin Goite, resalt\u00f3, que no se puede dejar de trabajar, por lo que en las instalaciones de este centro se llev\u00f3 a cabo una jornada de limpieza con el fin de estar preparados para el inicio de las jornadas laborales.<\/p>\n<p class=\"western\" align=\"justify\">\n<img loading=\"lazy\" decoding=\"async\" class=\"aligncenter wp-image-25541 size-large\" src=\"http:\/\/www.inces.gob.ve\/wp-content\/uploads\/2019\/03\/20190313_092815-1024x576.jpg\" alt=\"\" width=\"640\" height=\"360\" srcset=\"https:\/\/inces.gob.ve\/wp-content\/uploads\/2019\/03\/20190313_092815-1024x576.jpg 1024w, https:\/\/inces.gob.ve\/wp-content\/uploads\/2019\/03\/20190313_092815-300x169.jpg 300w, https:\/\/inces.gob.ve\/wp-content\/uploads\/2019\/03\/20190313_092815-768x432.jpg 768w\" sizes=\"auto, (max-width: 640px) 100vw, 640px\" \/><\/p>\n<p class=\"western\" align=\"justify\">\u201cComo revolucionarios estamos preparados para seguir en la lucha, por eso decidimos limpiar nuestra \u00e1rea de trabajo demostr\u00e1ndole a los de la derecha que no podr\u00e1n con nuestro proceso\u201d.<\/p>\n<p align=\"justify\">\n<p class=\"western\" align=\"justify\">\u00a0<img loading=\"lazy\" decoding=\"async\" class=\"aligncenter wp-image-25540 size-large\" src=\"http:\/\/www.inces.gob.ve\/wp-content\/uploads\/2019\/03\/20190313_094411-e1552577646335-1024x576.jpg\" alt=\"\" width=\"640\" height=\"360\" srcset=\"https:\/\/inces.gob.ve\/wp-content\/uploads\/2019\/03\/20190313_094411-e1552577646335-1024x576.jpg 1024w, https:\/\/inces.gob.ve\/wp-content\/uploads\/2019\/03\/20190313_094411-e1552577646335-300x169.jpg 300w, https:\/\/inces.gob.ve\/wp-content\/uploads\/2019\/03\/20190313_094411-e1552577646335-768x432.jpg 768w\" sizes=\"auto, (max-width: 640px) 100vw, 640px\" \/>\n<\/p>\n<p class=\"western\" align=\"justify\">Para finalizar, Goite indic\u00f3 que desde el Inces Anzo\u00e1tegui se encuentran listos para recibir a los estudiantes, participantes y aprendices y as\u00ed continuar impartiendo formaci\u00f3n.<\/p>\n","protected":false},"excerpt":{"rendered":"<p>\u201cNuestro principal objetivo es defender al pa\u00eds y apoyar rotundamente a nuestro presidente constitucional Nicol\u00e1s Maduro\u201d<\/p>\n","protected":false},"author":4,"featured_media":25539,"comment_status":"closed","ping_status":"open","sticky":false,"template":"","format":"standard","meta":{"footnotes":""},"categories":[2],"tags":[],"class_list":["post-25538","post","type-post","status-publish","format-standard","has-post-thumbnail","hentry","category-blog"],"_links":{"self":[{"href":"https:\/\/inces.gob.ve\/index.php\/wp-json\/wp\/v2\/posts\/25538","targetHints":{"allow":["GET"]}}],"collection":[{"href":"https:\/\/inces.gob.ve\/index.php\/wp-json\/wp\/v2\/posts"}],"about":[{"href":"https:\/\/inces.gob.ve\/index.php\/wp-json\/wp\/v2\/types\/post"}],"author":[{"embeddable":true,"href":"https:\/\/inces.gob.ve\/index.php\/wp-json\/wp\/v2\/users\/4"}],"replies":[{"embeddable":true,"href":"https:\/\/inces.gob.ve\/index.php\/wp-json\/wp\/v2\/comments?post=25538"}],"version-history":[{"count":1,"href":"https:\/\/inces.gob.ve\/index.php\/wp-json\/wp\/v2\/posts\/25538\/revisions"}],"predecessor-version":[{"id":25542,"href":"https:\/\/inces.gob.ve\/index.php\/wp-json\/wp\/v2\/posts\/25538\/revisions\/25542"}],"wp:featuredmedia":[{"embeddable":true,"href":"https:\/\/inces.gob.ve\/index.php\/wp-json\/wp\/v2\/media\/25539"}],"wp:attachment":[{"href":"https:\/\/inces.gob.ve\/index.php\/wp-json\/wp\/v2\/media?parent=25538"}],"wp:term":[{"taxonomy":"category","embeddable":true,"href":"https:\/\/inces.gob.ve\/index.php\/wp-json\/wp\/v2\/categories?post=25538"},{"taxonomy":"post_tag","embeddable":true,"href":"https:\/\/inces.gob.ve\/index.php\/wp-json\/wp\/v2\/tags?post=25538"}],"curies":[{"name":"wp","href":"https:\/\/api.w.org\/{rel}","templated":true}]}}