{"id":25601,"date":"2019-03-18T08:40:11","date_gmt":"2019-03-18T14:40:11","guid":{"rendered":"http:\/\/www.inces.gob.ve\/?p=25601"},"modified":"2020-05-28T20:29:07","modified_gmt":"2020-05-29T00:29:07","slug":"inces-anzoategui-recibe-a-los-nuevos-aspirantes-al-programa-nacional-de-aprendizaje","status":"publish","type":"post","link":"https:\/\/inces.gob.ve\/index.php\/2019\/03\/18\/inces-anzoategui-recibe-a-los-nuevos-aspirantes-al-programa-nacional-de-aprendizaje\/","title":{"rendered":"Inces Anzo\u00e1tegui recibe a los nuevos aspirantes al Programa Nacional de Aprendizaje"},"content":{"rendered":"<p class=\"western\" style=\"text-align: justify;\" align=\"justify\"><span style=\"font-family: arial,helvetica,sans-serif;\"><i><b>** El prop\u00f3sito, como programa, es formar a j\u00f3venes con visi\u00f3n creativa que resalten el trabajo productivo<\/b><\/i><\/span><\/p>\n<p class=\"western\" style=\"text-align: justify;\" align=\"justify\">\n<span style=\"font-family: arial,helvetica,sans-serif;\"> <!--more--><\/span><\/p>\n<p class=\"western\" style=\"text-align: justify;\" align=\"justify\"><span style=\"font-family: arial,helvetica,sans-serif;\"><b>GLADYS MONGUA | Anzo\u00e1tegui<\/b><\/span><\/p>\n<p style=\"text-align: justify;\" align=\"justify\">\n<p class=\"western\" style=\"text-align: justify;\" align=\"justify\"><span style=\"font-family: arial,helvetica,sans-serif;\">Veinticuatro j\u00f3venes asistieron a una charla dirigida por el Programa Nacional de Aprendizaje, donde pudieron aclarar sus dudas sobre esta modalidad de formaci\u00f3n que tiene como objetivo formar a j\u00f3venes que puedan desenvolverse en el campo laboral, adem\u00e1s, de tener conocimiento pol\u00edtico.<\/span><\/p>\n<p class=\"western\" style=\"text-align: justify;\" align=\"justify\">\n<p class=\"western\" style=\"text-align: justify;\" align=\"justify\"><span style=\"font-family: arial,helvetica,sans-serif;\">La coordinadora del Programa Nacional de Aprendizaje, Elianny Gonz\u00e1lez, se\u00f1al\u00f3 que estos aspirantes ser\u00e1n postulados a las distintas empresas para luego iniciar la fase te\u00f3rica y al culminar la misma, dar\u00e1n inicio a la pr\u00e1ctica.<\/span><\/p>\n<p class=\"western\" style=\"text-align: justify;\" align=\"justify\">\n<p class=\"western\" style=\"text-align: justify;\" align=\"justify\"><span style=\"font-family: arial,helvetica,sans-serif;\">\u201cAl recibir la llamada de la empresa, los muchachos deber\u00e1n consignar los documentos necesarios para comenzar la etapa te\u00f3rica que tiene una duraci\u00f3n aproximada de un a\u00f1o, al igual que la pr\u00e1ctica, dependiendo de la compa\u00f1\u00eda\u201d, explic\u00f3 Gonz\u00e1lez.<\/span><\/p>\n<p class=\"western\" style=\"text-align: justify;\" align=\"justify\"><span style=\"font-family: arial,helvetica,sans-serif;\"><img loading=\"lazy\" decoding=\"async\" class=\"aligncenter wp-image-25602 size-full\" src=\"http:\/\/www.inces.gob.ve\/wp-content\/uploads\/2019\/03\/2-Programa-Nacional-de-Aprendizaje-.jpg\" alt=\"\" width=\"850\" height=\"638\" srcset=\"https:\/\/inces.gob.ve\/wp-content\/uploads\/2019\/03\/2-Programa-Nacional-de-Aprendizaje-.jpg 850w, https:\/\/inces.gob.ve\/wp-content\/uploads\/2019\/03\/2-Programa-Nacional-de-Aprendizaje--300x225.jpg 300w, https:\/\/inces.gob.ve\/wp-content\/uploads\/2019\/03\/2-Programa-Nacional-de-Aprendizaje--768x576.jpg 768w, https:\/\/inces.gob.ve\/wp-content\/uploads\/2019\/03\/2-Programa-Nacional-de-Aprendizaje--136x102.jpg 136w\" sizes=\"auto, (max-width: 850px) 100vw, 850px\" \/><\/span><\/p>\n<p class=\"western\" style=\"text-align: justify;\" align=\"justify\"><span style=\"font-family: arial,helvetica,sans-serif;\">Durante este actividad, los j\u00f3venes indicaron estar inscritos en la Misi\u00f3n Chamba Juvenil, como tambi\u00e9n poseer su carnet de la patria. <\/span><\/p>\n<p class=\"western\" style=\"text-align: justify;\" align=\"justify\">\n<p class=\"western\" style=\"text-align: justify;\" align=\"justify\"><span style=\"font-family: arial,helvetica,sans-serif;\">Al iniciar este programa, los chamos arrancar\u00e1n un proceso de aprendizaje bonito y necesario que les servir\u00e1 para comunicarse con otras personas y tener las palabras t\u00e9cnicas que los identificar\u00e1n como aprendices Inces, adem\u00e1s, de recibir el 75 % del sueldo durante la fase te\u00f3rica, remunerado por la empresa.<\/span><\/p>\n<p class=\"western\" style=\"text-align: justify;\" align=\"justify\"><span style=\"font-family: arial,helvetica,sans-serif;\">Ernesto Guevara, de 17 a\u00f1os de edad, indic\u00f3 que se siente feliz de ser un aspirante aprendiz, ya que el Inces, en conjunto con el presidente de la rep\u00fablica, ha ayudado a muchos j\u00f3venes.<\/span><\/p>\n<p class=\"western\" style=\"text-align: justify;\" align=\"justify\">\n<p class=\"western\" style=\"text-align: justify;\" align=\"justify\"><span style=\"font-family: arial,helvetica,sans-serif;\">\u201cTengo la confianza que, como aprendiz, podr\u00e9 lograr mi sue\u00f1o de trabajar en una empresa importante y poder estar capacitado para dirigir una propia en un futuro\u201d, expres\u00f3 Guevara.<\/span><\/p>\n<p class=\"western\" style=\"text-align: justify;\" align=\"justify\">\n<p class=\"western\" style=\"text-align: justify;\" align=\"justify\"><span style=\"font-family: arial,helvetica,sans-serif;\">A su vez, el vocero de comunicaci\u00f3n estadal del Movimiento Nacional Somos Aprendices, Everson Fuentes, le dio como consejo a los muchachos defender los logros realizados por la revoluci\u00f3n,\u201d debido a que gracias a estos hoy en d\u00eda somos tomados en cuenta\u201d.<\/span><\/p>\n<p class=\"western\" style=\"text-align: justify;\" align=\"justify\">\n<p class=\"western\" style=\"text-align: justify;\" align=\"justify\"><span style=\"font-family: arial,helvetica,sans-serif;\">\u201cAnteriormente ingresar a esta instituci\u00f3n era un privilegio que solo recib\u00edan las personas con poder, hoy en d\u00eda es una oportunidad que podemos aprovechar todos los j\u00f3venes que tenemos la idea de crecer y aprender como seres humanos\u201d, puntualiz\u00f3 el vocero comunicacional.<\/span><\/p>\n<p style=\"text-align: justify;\" align=\"justify\"><span style=\"font-family: arial,helvetica,sans-serif;\">LT.<\/span><\/p>\n","protected":false},"excerpt":{"rendered":"<p>** El prop\u00f3sito, como programa, es formar a j\u00f3venes con visi\u00f3n creativa que resalten el trabajo productivo<\/p>\n","protected":false},"author":15,"featured_media":25603,"comment_status":"closed","ping_status":"closed","sticky":false,"template":"","format":"standard","meta":{"footnotes":""},"categories":[2],"tags":[],"class_list":["post-25601","post","type-post","status-publish","format-standard","has-post-thumbnail","hentry","category-blog"],"_links":{"self":[{"href":"https:\/\/inces.gob.ve\/index.php\/wp-json\/wp\/v2\/posts\/25601","targetHints":{"allow":["GET"]}}],"collection":[{"href":"https:\/\/inces.gob.ve\/index.php\/wp-json\/wp\/v2\/posts"}],"about":[{"href":"https:\/\/inces.gob.ve\/index.php\/wp-json\/wp\/v2\/types\/post"}],"author":[{"embeddable":true,"href":"https:\/\/inces.gob.ve\/index.php\/wp-json\/wp\/v2\/users\/15"}],"replies":[{"embeddable":true,"href":"https:\/\/inces.gob.ve\/index.php\/wp-json\/wp\/v2\/comments?post=25601"}],"version-history":[{"count":1,"href":"https:\/\/inces.gob.ve\/index.php\/wp-json\/wp\/v2\/posts\/25601\/revisions"}],"predecessor-version":[{"id":25604,"href":"https:\/\/inces.gob.ve\/index.php\/wp-json\/wp\/v2\/posts\/25601\/revisions\/25604"}],"wp:featuredmedia":[{"embeddable":true,"href":"https:\/\/inces.gob.ve\/index.php\/wp-json\/wp\/v2\/media\/25603"}],"wp:attachment":[{"href":"https:\/\/inces.gob.ve\/index.php\/wp-json\/wp\/v2\/media?parent=25601"}],"wp:term":[{"taxonomy":"category","embeddable":true,"href":"https:\/\/inces.gob.ve\/index.php\/wp-json\/wp\/v2\/categories?post=25601"},{"taxonomy":"post_tag","embeddable":true,"href":"https:\/\/inces.gob.ve\/index.php\/wp-json\/wp\/v2\/tags?post=25601"}],"curies":[{"name":"wp","href":"https:\/\/api.w.org\/{rel}","templated":true}]}}