{"id":25605,"date":"2019-03-18T08:57:30","date_gmt":"2019-03-18T14:57:30","guid":{"rendered":"http:\/\/www.inces.gob.ve\/?p=25605"},"modified":"2020-05-28T20:29:07","modified_gmt":"2020-05-29T00:29:07","slug":"brai-alternativa-para-la-organizacion-popular","status":"publish","type":"post","link":"https:\/\/inces.gob.ve\/index.php\/2019\/03\/18\/brai-alternativa-para-la-organizacion-popular\/","title":{"rendered":"BRAI: alternativa para la organizaci\u00f3n popular"},"content":{"rendered":"<p align=\"justify\"><span style=\"font-family: arial,helvetica,sans-serif;\"><i><b>** Impulsadas por el Inces Trujillo<\/b><\/i><\/span><\/p>\n<p align=\"justify\">\n<span style=\"font-family: arial,helvetica,sans-serif;\"> <!--more--><\/span><\/p>\n<p align=\"justify\"><span style=\"font-family: arial,helvetica,sans-serif;\"><b>MAR\u00cdA CABRERA \u2013 Trujillo<\/b><\/span><\/p>\n<p align=\"justify\">\n<p align=\"justify\"><span style=\"font-family: arial,helvetica,sans-serif;\">El ataque cibern\u00e9tico y telem\u00e1tico al sistema el\u00e9ctrico del Guri permiti\u00f3 a las instituciones y organizaciones populares reconocer algunas debilidades que se tienen ante situaciones como la recientemente padecida por los venezolanos: la ausencia total del servicio el\u00e9ctrico.<\/span><\/p>\n<p align=\"justify\"><span style=\"font-family: arial,helvetica,sans-serif;\">La imposibilidad primaria de no tener conocimiento de lo que ocurr\u00eda oblig\u00f3 a la poblaci\u00f3n a esperar los informes oficiales por parte del gobierno del presidente Nicol\u00e1s Maduro. Para algunos, escuchar las explicaciones dadas por los medios oficiales, fue quiz\u00e1 el elemento que evit\u00f3 que alteraciones del orden p\u00fablico y la consumaci\u00f3n de un golpe de Estado que pudo estar respaldo por el poder popular, de acuerdo a los planes de la derecha internacional que, en complicidad con la nacional, nuevamente dejaron de lado el sentir y padecer de un pueblo que no quiere guerra, ni enfrentamientos.<\/span><\/p>\n<p align=\"justify\"><span style=\"font-family: arial,helvetica,sans-serif;\"><img loading=\"lazy\" decoding=\"async\" class=\"aligncenter wp-image-25606 size-full\" src=\"http:\/\/www.inces.gob.ve\/wp-content\/uploads\/2019\/03\/3alternativa-para-la-organizaci\u00f3n-popular.jpg\" alt=\"\" width=\"850\" height=\"638\" srcset=\"https:\/\/inces.gob.ve\/wp-content\/uploads\/2019\/03\/3alternativa-para-la-organizaci\u00f3n-popular.jpg 850w, https:\/\/inces.gob.ve\/wp-content\/uploads\/2019\/03\/3alternativa-para-la-organizaci\u00f3n-popular-300x225.jpg 300w, https:\/\/inces.gob.ve\/wp-content\/uploads\/2019\/03\/3alternativa-para-la-organizaci\u00f3n-popular-768x576.jpg 768w, https:\/\/inces.gob.ve\/wp-content\/uploads\/2019\/03\/3alternativa-para-la-organizaci\u00f3n-popular-136x102.jpg 136w\" sizes=\"auto, (max-width: 850px) 100vw, 850px\" \/><\/span><\/p>\n<p align=\"justify\"><span style=\"font-family: arial,helvetica,sans-serif;\">De esta manera sencilla concluye el an\u00e1lisis de la reuni\u00f3n sostenida entre los coordinadores de programa, maestros t\u00e9cnicos productivos del Motor Industria y los centros de formaci\u00f3n socialista (CFS) del Inces Trujillo con la Gerencia Regional quien les inform\u00f3 de algunas directrices nacidas precisamente de estos \u00faltimos acontecimientos.<\/span><\/p>\n<p align=\"justify\">\n<p align=\"justify\"><span style=\"font-family: arial,helvetica,sans-serif;\">Uno de ellos tiene que ver con la conformaci\u00f3n de las Brigadas Revolucionarias de Acci\u00f3n Inmediata (BRI), grupos integrados por personal especialista del Inces Trujillo en materia de electricidad, mec\u00e1nica en general, bombas de agua y reparaci\u00f3n de electrodom\u00e9sticos, quienes tendr\u00e1n la tarea de proporcionar las condiciones m\u00ednimas de funcionamiento de los espacios de los CFS y luego ofrecer ayuda a los ambulatorios y hospitales como aporte del organismo al sano desenvolvimiento de la operatividad de otras instituciones del Estado.<\/span><\/p>\n<p align=\"justify\">\n<p align=\"justify\"><span style=\"font-family: arial,helvetica,sans-serif;\">Explic\u00f3 Ang\u00e9lica Mor\u00f3n, gerente regional, que esta acci\u00f3n simple el Inces Trujillo la viene ofreciendo desde hace tiempo a varios instituciones que ante alguna eventualidad han requerido su apoyo, pero es en esta coyuntura de contingencia nacional cuando se pens\u00f3 en el apremio de impulsar un grupo y darle la formalidad requerida ante las debilidades de la organizaci\u00f3n popular carente de herramienta para solventar sus limitaciones m\u00e1s apremiantes.<\/span><\/p>\n<p align=\"justify\"><span style=\"font-family: arial,helvetica,sans-serif;\">\u201cAqu\u00ed no vale la cantidad, sino la calidad con la que se pueda solventar un problema; ya lo acabamos de ver cuando nuestras comunidades, que carec\u00edan de un brazo operativo o contaban con miembros que ten\u00edan responsabilidades limitadas, en la mayor\u00eda de los casos, por desconocimiento de qu\u00e9 hacer ante una situaci\u00f3n puntual de guerra no convencional como la aque atraviesa el pa\u00eds\u201d.<\/span><\/p>\n<p align=\"justify\"><span style=\"font-family: arial,helvetica,sans-serif;\"><img loading=\"lazy\" decoding=\"async\" class=\"aligncenter wp-image-25607 size-full\" src=\"http:\/\/www.inces.gob.ve\/wp-content\/uploads\/2019\/03\/2alternativa-para-la-organizaci\u00f3n-popular.jpg\" alt=\"\" width=\"850\" height=\"469\" srcset=\"https:\/\/inces.gob.ve\/wp-content\/uploads\/2019\/03\/2alternativa-para-la-organizaci\u00f3n-popular.jpg 850w, https:\/\/inces.gob.ve\/wp-content\/uploads\/2019\/03\/2alternativa-para-la-organizaci\u00f3n-popular-300x166.jpg 300w, https:\/\/inces.gob.ve\/wp-content\/uploads\/2019\/03\/2alternativa-para-la-organizaci\u00f3n-popular-768x424.jpg 768w\" sizes=\"auto, (max-width: 850px) 100vw, 850px\" \/><\/span><\/p>\n<p align=\"justify\"><span style=\"font-family: arial,helvetica,sans-serif;\">\u201cPor ello hemos pensado en ofrecer nuestros modestos conocimientos al servicio de la comunidad, escuelas, hospitales, CDI, entre otros; considerando que desde esta acci\u00f3n podemos generar mayores y mejores forma de respuesta comunitaria puntual, como la registrada, porque conocemos de la materia y tenemos la capacidad para, en momentos de crisis, reaccionar\u201d, dice Ang\u00e9lica Mor\u00f3n.<\/span><\/p>\n<p align=\"justify\"><span style=\"font-family: arial,helvetica,sans-serif;\">Esta ayuda se puede efectuar a trav\u00e9s de cursos que se ofrezcan, afinando e impactando en aquellas formaciones en proceso que se est\u00e1n generando para que los aprendices vean la diferencia y apliquen los conocimientos adquiridos en cada una de los ciclos de ense\u00f1anza que enmarca el periodo de aprendizaje que cumplen en esta instituci\u00f3n.<\/span><\/p>\n<p align=\"justify\">\n<p align=\"justify\">\n","protected":false},"excerpt":{"rendered":"<p>** Impulsadas por el Inces Trujillo<\/p>\n","protected":false},"author":15,"featured_media":25607,"comment_status":"closed","ping_status":"closed","sticky":false,"template":"","format":"standard","meta":{"footnotes":""},"categories":[2],"tags":[],"class_list":["post-25605","post","type-post","status-publish","format-standard","has-post-thumbnail","hentry","category-blog"],"_links":{"self":[{"href":"https:\/\/inces.gob.ve\/index.php\/wp-json\/wp\/v2\/posts\/25605","targetHints":{"allow":["GET"]}}],"collection":[{"href":"https:\/\/inces.gob.ve\/index.php\/wp-json\/wp\/v2\/posts"}],"about":[{"href":"https:\/\/inces.gob.ve\/index.php\/wp-json\/wp\/v2\/types\/post"}],"author":[{"embeddable":true,"href":"https:\/\/inces.gob.ve\/index.php\/wp-json\/wp\/v2\/users\/15"}],"replies":[{"embeddable":true,"href":"https:\/\/inces.gob.ve\/index.php\/wp-json\/wp\/v2\/comments?post=25605"}],"version-history":[{"count":1,"href":"https:\/\/inces.gob.ve\/index.php\/wp-json\/wp\/v2\/posts\/25605\/revisions"}],"predecessor-version":[{"id":25609,"href":"https:\/\/inces.gob.ve\/index.php\/wp-json\/wp\/v2\/posts\/25605\/revisions\/25609"}],"wp:featuredmedia":[{"embeddable":true,"href":"https:\/\/inces.gob.ve\/index.php\/wp-json\/wp\/v2\/media\/25607"}],"wp:attachment":[{"href":"https:\/\/inces.gob.ve\/index.php\/wp-json\/wp\/v2\/media?parent=25605"}],"wp:term":[{"taxonomy":"category","embeddable":true,"href":"https:\/\/inces.gob.ve\/index.php\/wp-json\/wp\/v2\/categories?post=25605"},{"taxonomy":"post_tag","embeddable":true,"href":"https:\/\/inces.gob.ve\/index.php\/wp-json\/wp\/v2\/tags?post=25605"}],"curies":[{"name":"wp","href":"https:\/\/api.w.org\/{rel}","templated":true}]}}