{"id":25647,"date":"2019-03-20T08:03:53","date_gmt":"2019-03-20T14:03:53","guid":{"rendered":"http:\/\/www.inces.gob.ve\/?p=25647"},"modified":"2020-05-28T20:29:07","modified_gmt":"2020-05-29T00:29:07","slug":"aspirantes-al-pna-recibieron-charla","status":"publish","type":"post","link":"https:\/\/inces.gob.ve\/index.php\/2019\/03\/20\/aspirantes-al-pna-recibieron-charla\/","title":{"rendered":"Aspirantes al PNA recibieron charla"},"content":{"rendered":"<p style=\"text-align: justify;\" align=\"justify\"><span style=\"font-family: arial,helvetica,sans-serif;\"><i><b>** Ser\u00e1n preparados en varios oficios<\/b><\/i><\/span><\/p>\n<p style=\"text-align: justify;\" align=\"justify\"><span style=\"font-family: arial,helvetica,sans-serif;\"><!--more--><\/span>\n<\/p>\n<p style=\"text-align: justify;\" align=\"justify\"><span style=\"font-family: arial,helvetica,sans-serif;\"><b>MAR\u00cdA CABRERA | Trujillo<\/b><\/span><\/p>\n<p style=\"text-align: justify;\" align=\"justify\">\n<p style=\"text-align: justify;\" align=\"justify\"><span style=\"font-family: arial,helvetica,sans-serif;\">El Programa Nacional de Aprendizaje (PNA) dio la bienvenida a los aprendices nuevo ingreso del Inces Trujillo, provenientes de la Gran Misi\u00f3n Chamba Juvenil, tal como se hab\u00eda anunciado recientemente.<\/span><\/p>\n<p style=\"text-align: justify;\" align=\"justify\">\n<p style=\"text-align: justify;\" align=\"justify\"><span style=\"font-family: arial,helvetica,sans-serif;\">Estos principiantes, en etapa estudiantil, condici\u00f3n necesaria para ingresar al PNA, ser\u00e1n adiestrados durante su proceso formativo en varios oficios, lo cual les permitir\u00e1 conocer otras opciones de ocupaci\u00f3n adem\u00e1s de las que ofrece el Inces para el mercado de las empresas p\u00fablicas y privadas.<\/span><\/p>\n<p style=\"text-align: justify;\" align=\"justify\"><span style=\"font-family: arial,helvetica,sans-serif;\"> <img loading=\"lazy\" decoding=\"async\" class=\"aligncenter wp-image-25650 size-full\" src=\"http:\/\/www.inces.gob.ve\/wp-content\/uploads\/2019\/03\/2Aspirantes-al-PNA-.jpg\" alt=\"\" width=\"850\" height=\"638\" srcset=\"https:\/\/inces.gob.ve\/wp-content\/uploads\/2019\/03\/2Aspirantes-al-PNA-.jpg 850w, https:\/\/inces.gob.ve\/wp-content\/uploads\/2019\/03\/2Aspirantes-al-PNA--300x225.jpg 300w, https:\/\/inces.gob.ve\/wp-content\/uploads\/2019\/03\/2Aspirantes-al-PNA--768x576.jpg 768w, https:\/\/inces.gob.ve\/wp-content\/uploads\/2019\/03\/2Aspirantes-al-PNA--136x102.jpg 136w\" sizes=\"auto, (max-width: 850px) 100vw, 850px\" \/><\/span><br \/>\n<span style=\"font-family: arial,helvetica,sans-serif;\"> Ang\u00e9lica Mor\u00f3n, gerente regional, fue la encargada de atender a la poblaci\u00f3n asistente al auditorio \u201cLuis Beltr\u00e1n Prieto Figueroa\u201d del Inces Trujillo, en la que se explic\u00f3 a los padres y representantes de estos j\u00f3venes las ventajas y las condiciones de ser aspirante al PNA, una vez que muestra su deseo de ingresar al Inces por intermedio de este programa.<\/span><\/p>\n<p style=\"text-align: justify;\" align=\"justify\">\n<p style=\"text-align: justify;\" align=\"justify\"><span style=\"font-family: arial,helvetica,sans-serif;\">En la charla, de casi una hora de duraci\u00f3n, los asistentes conocieron que la oportunidad se debi\u00f3 a que hay plazas vacantes en algunas de las empresas privadas que hacen vida comercial en la ciudad de Valera y dado que estas tienen un compromiso fiscal con el Estado, una forma de reducirlo o pagarlo es brindando la oportunidad de estudio para la preparaci\u00f3n de los j\u00f3venes por medio del Inces.<\/span><\/p>\n<p style=\"text-align: justify;\" align=\"justify\">\n<p style=\"text-align: justify;\" align=\"justify\"><span style=\"font-family: arial,helvetica,sans-serif;\">\u201cEl Inces capacita a los interesados en ingresar al PNA, de all\u00ed que la condici\u00f3n exclusiva es que cursen estudios y una vez seleccionados, mediante la prueba psicol\u00f3gica, deben mostrar, entre otras cosas, las actitud necesaria para cumplir con los requisitos de ingreso al Inces\u201d, dijo Mor\u00f3n.<\/span><\/p>\n<p style=\"text-align: justify;\" align=\"justify\"><span style=\"font-family: arial,helvetica,sans-serif;\"><img loading=\"lazy\" decoding=\"async\" class=\"aligncenter wp-image-25648 size-full\" src=\"http:\/\/www.inces.gob.ve\/wp-content\/uploads\/2019\/03\/D1-Aspirantes-al-PNA-.jpg\" alt=\"\" width=\"850\" height=\"638\" srcset=\"https:\/\/inces.gob.ve\/wp-content\/uploads\/2019\/03\/D1-Aspirantes-al-PNA-.jpg 850w, https:\/\/inces.gob.ve\/wp-content\/uploads\/2019\/03\/D1-Aspirantes-al-PNA--300x225.jpg 300w, https:\/\/inces.gob.ve\/wp-content\/uploads\/2019\/03\/D1-Aspirantes-al-PNA--768x576.jpg 768w, https:\/\/inces.gob.ve\/wp-content\/uploads\/2019\/03\/D1-Aspirantes-al-PNA--136x102.jpg 136w\" sizes=\"auto, (max-width: 850px) 100vw, 850px\" \/><\/span><br \/>\n<span style=\"font-family: arial,helvetica,sans-serif;\"> Evelyn Segovia, coordinadora del PNA Trujillo, presente en la convocatoria, explic\u00f3 que estos aspirantes ser\u00e1n los que ingresar\u00e1n a partir de abril con una amplia gama de opciones de formaci\u00f3n que completar\u00e1n el curso de capacitaci\u00f3n para el cual piensan acreditarse; de all\u00ed que las expectativas con este grupo son muchas por cuanto servir\u00e1 para medir la profundidad y el \u00e9xito del programa\u201d.<\/span><\/p>\n<p style=\"text-align: justify;\" align=\"justify\"><span style=\"font-family: arial,helvetica,sans-serif;\">LT.<\/span><\/p>\n","protected":false},"excerpt":{"rendered":"<p>** Ser\u00e1n preparados en varios oficios<\/p>\n","protected":false},"author":15,"featured_media":25649,"comment_status":"closed","ping_status":"closed","sticky":false,"template":"","format":"standard","meta":{"footnotes":""},"categories":[2],"tags":[],"class_list":["post-25647","post","type-post","status-publish","format-standard","has-post-thumbnail","hentry","category-blog"],"_links":{"self":[{"href":"https:\/\/inces.gob.ve\/index.php\/wp-json\/wp\/v2\/posts\/25647","targetHints":{"allow":["GET"]}}],"collection":[{"href":"https:\/\/inces.gob.ve\/index.php\/wp-json\/wp\/v2\/posts"}],"about":[{"href":"https:\/\/inces.gob.ve\/index.php\/wp-json\/wp\/v2\/types\/post"}],"author":[{"embeddable":true,"href":"https:\/\/inces.gob.ve\/index.php\/wp-json\/wp\/v2\/users\/15"}],"replies":[{"embeddable":true,"href":"https:\/\/inces.gob.ve\/index.php\/wp-json\/wp\/v2\/comments?post=25647"}],"version-history":[{"count":1,"href":"https:\/\/inces.gob.ve\/index.php\/wp-json\/wp\/v2\/posts\/25647\/revisions"}],"predecessor-version":[{"id":25651,"href":"https:\/\/inces.gob.ve\/index.php\/wp-json\/wp\/v2\/posts\/25647\/revisions\/25651"}],"wp:featuredmedia":[{"embeddable":true,"href":"https:\/\/inces.gob.ve\/index.php\/wp-json\/wp\/v2\/media\/25649"}],"wp:attachment":[{"href":"https:\/\/inces.gob.ve\/index.php\/wp-json\/wp\/v2\/media?parent=25647"}],"wp:term":[{"taxonomy":"category","embeddable":true,"href":"https:\/\/inces.gob.ve\/index.php\/wp-json\/wp\/v2\/categories?post=25647"},{"taxonomy":"post_tag","embeddable":true,"href":"https:\/\/inces.gob.ve\/index.php\/wp-json\/wp\/v2\/tags?post=25647"}],"curies":[{"name":"wp","href":"https:\/\/api.w.org\/{rel}","templated":true}]}}