{"id":25652,"date":"2019-03-20T08:18:15","date_gmt":"2019-03-20T14:18:15","guid":{"rendered":"http:\/\/www.inces.gob.ve\/?p=25652"},"modified":"2020-05-28T20:29:06","modified_gmt":"2020-05-29T00:29:06","slug":"inces-tachira-crea-lazos-interinstitucionales-con-el-conas","status":"publish","type":"post","link":"https:\/\/inces.gob.ve\/index.php\/2019\/03\/20\/inces-tachira-crea-lazos-interinstitucionales-con-el-conas\/","title":{"rendered":"Inces T\u00e1chira crea lazos interinstitucionales con el CONAS"},"content":{"rendered":"<p class=\"western\" style=\"text-align: justify;\" align=\"justify\"><span style=\"font-family: arial,helvetica,sans-serif; font-size: medium;\"><i><b>** A trav\u00e9s de la atenci\u00f3n a 12 participantes del grupo operacional<\/b><\/i><\/span><\/p>\n<p class=\"western\" style=\"text-align: justify;\" align=\"justify\"><span style=\"font-family: arial,helvetica,sans-serif;\"> <!--more--><\/span><\/p>\n<p class=\"western\" style=\"text-align: justify;\" align=\"justify\"><span style=\"font-family: arial,helvetica,sans-serif; font-size: medium;\"><b>T\u00c1CHIRA<\/b><\/span><\/p>\n<p class=\"western\" style=\"text-align: justify;\" align=\"justify\"><span style=\"font-family: arial,helvetica,sans-serif; font-size: medium;\">En articulaci\u00f3n con el Comando Nacional Antiextorci\u00f3n y Secuestro (CONAS) T\u00e1chira, la gerencia regional del Inces de esa entidad andina y el centro de formaci\u00f3n socialista (CFS) \u201cProf. Emiro Duque S\u00e1nchez\u201d, dieron inicio a la formaci\u00f3n de Word y Excel avanzado atendiendo a 12 participantes del grupo estrat\u00e9gico.<\/span><\/p>\n<p class=\"western\" style=\"text-align: justify;\" align=\"justify\"><span style=\"font-family: arial,helvetica,sans-serif; font-size: medium;\">Geovanni Gonz\u00e1lez, gerente de la instituci\u00f3n, resalt\u00f3 los lazos interinstitucionales que est\u00e1 forjando el Inces T\u00e1chira para atender a todos los que integran entes p\u00fablicos y privados \u201ces un trabajo que hemos ido realizando por 60 a\u00f1os, en donde el objetivo es formar a todos los tachirenses en diferentes \u00e1reas productivas y que por medio de sus conocimientos logren la auto-sustentabilidad\u201d.<\/span><\/p>\n<p class=\"western\" style=\"text-align: justify;\" align=\"justify\"><span style=\"font-family: arial,helvetica,sans-serif;\"><img loading=\"lazy\" decoding=\"async\" class=\"aligncenter wp-image-25655 size-full\" src=\"http:\/\/www.inces.gob.ve\/wp-content\/uploads\/2019\/03\/1Antiextorci\u00f3n-y-Secuestro.jpeg\" alt=\"\" width=\"850\" height=\"478\" srcset=\"https:\/\/inces.gob.ve\/wp-content\/uploads\/2019\/03\/1Antiextorci\u00f3n-y-Secuestro.jpeg 850w, https:\/\/inces.gob.ve\/wp-content\/uploads\/2019\/03\/1Antiextorci\u00f3n-y-Secuestro-300x169.jpeg 300w, https:\/\/inces.gob.ve\/wp-content\/uploads\/2019\/03\/1Antiextorci\u00f3n-y-Secuestro-768x432.jpeg 768w\" sizes=\"auto, (max-width: 850px) 100vw, 850px\" \/><\/span><\/p>\n<p class=\"western\" style=\"text-align: justify;\" align=\"justify\"><span style=\"font-family: arial,helvetica,sans-serif; font-size: medium;\">De igual manera, Gonz\u00e1lez recalc\u00f3 lo importante que es la certificaci\u00f3n que otorga el Inces, reconociendo los conocimientos emp\u00edricos de los venezolanos \u201cnuestra casa de estudio es la universidad del pueblo; aqu\u00ed reconocemos cualquier saber que tenga nuestra gente, avalando el conocimiento mediante una certificaci\u00f3n que permita la acreditaci\u00f3n de las entidades p\u00fablicas\u201d.<\/span><\/p>\n<p class=\"western\" style=\"text-align: justify;\" align=\"justify\"><span style=\"font-family: arial,helvetica,sans-serif; font-size: medium;\">Asimismo, manifest\u00f3 que aprovechando los lazos interinstitucionales que se generen y bas\u00e1ndose en los conocimientos emp\u00edricos de los participantes, se puede lograr la certificaci\u00f3n de todos sus saberes para la construcci\u00f3n y formaci\u00f3n de una sociedad productiva.<\/span><\/p>\n<p class=\"western\" style=\"text-align: justify;\" align=\"justify\"><span style=\"font-family: arial,helvetica,sans-serif;\"><img loading=\"lazy\" decoding=\"async\" class=\"aligncenter wp-image-25653 size-full\" src=\"http:\/\/www.inces.gob.ve\/wp-content\/uploads\/2019\/03\/3Antiextorci\u00f3n-y-Secuestro.jpeg\" alt=\"\" width=\"850\" height=\"638\" srcset=\"https:\/\/inces.gob.ve\/wp-content\/uploads\/2019\/03\/3Antiextorci\u00f3n-y-Secuestro.jpeg 850w, https:\/\/inces.gob.ve\/wp-content\/uploads\/2019\/03\/3Antiextorci\u00f3n-y-Secuestro-300x225.jpeg 300w, https:\/\/inces.gob.ve\/wp-content\/uploads\/2019\/03\/3Antiextorci\u00f3n-y-Secuestro-768x576.jpeg 768w, https:\/\/inces.gob.ve\/wp-content\/uploads\/2019\/03\/3Antiextorci\u00f3n-y-Secuestro-136x102.jpeg 136w\" sizes=\"auto, (max-width: 850px) 100vw, 850px\" \/><\/span><br \/>\n<span style=\"font-family: arial,helvetica,sans-serif; font-size: medium;\"> Para finalizar, el gerente regional invit\u00f3 a las entidades de trabajo p\u00fablicas y privadas a que se acerquen al Inces y conozcan su matriz formativa; a su vez generar lazos interinstitucionales para el fortalecimiento de una Venezuela Productiva.<\/span><\/p>\n<p style=\"text-align: justify;\" align=\"justify\"><span style=\"font-family: arial,helvetica,sans-serif;\">LT.<\/span><\/p>\n","protected":false},"excerpt":{"rendered":"<p>** A trav\u00e9s de la atenci\u00f3n a 12 participantes del grupo operacional<\/p>\n","protected":false},"author":15,"featured_media":25654,"comment_status":"closed","ping_status":"closed","sticky":false,"template":"","format":"standard","meta":{"footnotes":""},"categories":[2],"tags":[],"class_list":["post-25652","post","type-post","status-publish","format-standard","has-post-thumbnail","hentry","category-blog"],"_links":{"self":[{"href":"https:\/\/inces.gob.ve\/index.php\/wp-json\/wp\/v2\/posts\/25652","targetHints":{"allow":["GET"]}}],"collection":[{"href":"https:\/\/inces.gob.ve\/index.php\/wp-json\/wp\/v2\/posts"}],"about":[{"href":"https:\/\/inces.gob.ve\/index.php\/wp-json\/wp\/v2\/types\/post"}],"author":[{"embeddable":true,"href":"https:\/\/inces.gob.ve\/index.php\/wp-json\/wp\/v2\/users\/15"}],"replies":[{"embeddable":true,"href":"https:\/\/inces.gob.ve\/index.php\/wp-json\/wp\/v2\/comments?post=25652"}],"version-history":[{"count":2,"href":"https:\/\/inces.gob.ve\/index.php\/wp-json\/wp\/v2\/posts\/25652\/revisions"}],"predecessor-version":[{"id":25657,"href":"https:\/\/inces.gob.ve\/index.php\/wp-json\/wp\/v2\/posts\/25652\/revisions\/25657"}],"wp:featuredmedia":[{"embeddable":true,"href":"https:\/\/inces.gob.ve\/index.php\/wp-json\/wp\/v2\/media\/25654"}],"wp:attachment":[{"href":"https:\/\/inces.gob.ve\/index.php\/wp-json\/wp\/v2\/media?parent=25652"}],"wp:term":[{"taxonomy":"category","embeddable":true,"href":"https:\/\/inces.gob.ve\/index.php\/wp-json\/wp\/v2\/categories?post=25652"},{"taxonomy":"post_tag","embeddable":true,"href":"https:\/\/inces.gob.ve\/index.php\/wp-json\/wp\/v2\/tags?post=25652"}],"curies":[{"name":"wp","href":"https:\/\/api.w.org\/{rel}","templated":true}]}}