{"id":25719,"date":"2019-03-22T08:05:28","date_gmt":"2019-03-22T14:05:28","guid":{"rendered":"http:\/\/www.inces.gob.ve\/?p=25719"},"modified":"2020-05-28T20:29:06","modified_gmt":"2020-05-29T00:29:06","slug":"jornada-de-salud-integral-beneficia-a-trabajadores-activos-pensionados-y-familiares-de-inces-vargas","status":"publish","type":"post","link":"https:\/\/inces.gob.ve\/index.php\/2019\/03\/22\/jornada-de-salud-integral-beneficia-a-trabajadores-activos-pensionados-y-familiares-de-inces-vargas\/","title":{"rendered":"Jornada de salud integral beneficia a trabajadores activos, pensionados y familiares de Inces Vargas"},"content":{"rendered":"<p class=\"western\" style=\"text-align: justify;\" align=\"justify\"><a name=\"__DdeLink__143_1339032130\"><\/a><span style=\"font-family: arial,helvetica,sans-serif; font-size: large;\"> <i><b>** M\u00e9dicos atender\u00e1n los d\u00edas viernes los casos especiales de salud del personal del <\/b><\/i><i><b>Sistema Integral de Transporte Superficial y del Inces Vargas<\/b><\/i><i><b> <\/b><\/i><\/span><\/p>\n<p class=\"western\" style=\"text-align: justify;\" align=\"justify\"><span style=\"font-family: arial,helvetica,sans-serif;\"><!--more--><\/span><\/p>\n<p class=\"western\" style=\"text-align: justify;\" align=\"justify\"><span style=\"font-family: arial,helvetica,sans-serif; font-size: large;\"><b>CARMEN CAMPOS &#8211; ZUVALQUI DUARTE | Vargas<\/b><\/span><\/p>\n<p class=\"western\" style=\"text-align: justify;\" align=\"justify\"><span style=\"font-family: arial,helvetica,sans-serif;\"><a name=\"_GoBack\"><\/a><span style=\"font-size: large;\">Se realiz\u00f3 en el Inces Vargas una segunda jornada de salud integral, organizada por el <i><b> <\/b><\/i>Sistema Integral de Transporte Superficial (Sitssa) y la gerencia del Inces Vargas, con el objetivo de ofrecer a los trabajadores de ambas instituciones el servicio integral de salud, extensivo tambi\u00e9n a sus familiares.<\/span><\/span><\/p>\n<p class=\"western\" style=\"text-align: justify;\" align=\"justify\"><span style=\"font-family: arial,helvetica,sans-serif; font-size: large;\">La actividad cont\u00f3 con los servicios de laboratorio, defectolog\u00eda, medicina general, m\u00e9todos de barreras y preservativos femeninos, ecosonogramas, ginecolog\u00eda, odontolog\u00eda y oftalmolog\u00eda, a los cuales asistieron un total de ciento setenta y siete (177) personas a quienes se les brind\u00f3 una atenci\u00f3n integral.<\/span><\/p>\n<p class=\"western\" style=\"text-align: justify;\" align=\"justify\"><span style=\"font-family: arial,helvetica,sans-serif; font-size: large;\"><img loading=\"lazy\" decoding=\"async\" class=\"aligncenter wp-image-25721 size-full\" src=\"http:\/\/www.inces.gob.ve\/wp-content\/uploads\/2019\/03\/5Jornada-de-salud-integral.jpg\" alt=\"\" width=\"850\" height=\"478\" srcset=\"https:\/\/inces.gob.ve\/wp-content\/uploads\/2019\/03\/5Jornada-de-salud-integral.jpg 850w, https:\/\/inces.gob.ve\/wp-content\/uploads\/2019\/03\/5Jornada-de-salud-integral-300x169.jpg 300w, https:\/\/inces.gob.ve\/wp-content\/uploads\/2019\/03\/5Jornada-de-salud-integral-768x432.jpg 768w\" sizes=\"auto, (max-width: 850px) 100vw, 850px\" \/><\/span><\/p>\n<p class=\"western\" style=\"text-align: justify;\" align=\"justify\"><span style=\"font-family: arial,helvetica,sans-serif; font-size: large;\">As\u00edmismo se hizo entrega de los r\u00e9cipes e indicaciones para que retiraran las medicinas correspondientes en FarmaPatria, espec\u00edficamente la ubicada en el sector Guaracarumbo, parroquia Urimare, entrega que fue posible gracias al convenio establecido entre la farmacia y la empresa Sitssa.<\/span><\/p>\n<p class=\"western\" style=\"text-align: justify;\" align=\"justify\"><span style=\"font-family: arial,helvetica,sans-serif; font-size: large;\"><img loading=\"lazy\" decoding=\"async\" class=\"aligncenter wp-image-25720 size-full\" src=\"http:\/\/www.inces.gob.ve\/wp-content\/uploads\/2019\/03\/7-Jornada-de-salud-integral.jpg\" alt=\"\" width=\"850\" height=\"638\" srcset=\"https:\/\/inces.gob.ve\/wp-content\/uploads\/2019\/03\/7-Jornada-de-salud-integral.jpg 850w, https:\/\/inces.gob.ve\/wp-content\/uploads\/2019\/03\/7-Jornada-de-salud-integral-300x225.jpg 300w, https:\/\/inces.gob.ve\/wp-content\/uploads\/2019\/03\/7-Jornada-de-salud-integral-768x576.jpg 768w, https:\/\/inces.gob.ve\/wp-content\/uploads\/2019\/03\/7-Jornada-de-salud-integral-136x102.jpg 136w\" sizes=\"auto, (max-width: 850px) 100vw, 850px\" \/><\/span><\/p>\n<p class=\"western\" style=\"text-align: justify;\" align=\"justify\"><span style=\"font-family: arial,helvetica,sans-serif; font-size: large;\">De igual manera se les otorg\u00f3 la f\u00f3rmula optom\u00e9trica para retirar los lentes en la \u00d3ptica de Caraballeda, para quienes luego del examen respectivo resultar\u00e1 necesario el uso de anteojos para mejorar su visi\u00f3n.<\/span><\/p>\n<p class=\"western\" style=\"text-align: justify;\" align=\"justify\"><span style=\"font-family: arial,helvetica,sans-serif;\"><img loading=\"lazy\" decoding=\"async\" class=\"aligncenter wp-image-25723 size-full\" src=\"http:\/\/www.inces.gob.ve\/wp-content\/uploads\/2019\/03\/3-Jornada-de-salud-integral.jpg\" alt=\"\" width=\"850\" height=\"698\" srcset=\"https:\/\/inces.gob.ve\/wp-content\/uploads\/2019\/03\/3-Jornada-de-salud-integral.jpg 850w, https:\/\/inces.gob.ve\/wp-content\/uploads\/2019\/03\/3-Jornada-de-salud-integral-300x246.jpg 300w, https:\/\/inces.gob.ve\/wp-content\/uploads\/2019\/03\/3-Jornada-de-salud-integral-768x631.jpg 768w\" sizes=\"auto, (max-width: 850px) 100vw, 850px\" \/><\/span><\/p>\n<p class=\"western\" style=\"text-align: justify;\" align=\"justify\"><span style=\"font-family: arial,helvetica,sans-serif; font-size: large;\">El personal m\u00e9dico que cubri\u00f3 esta jornada de salud labora en el Centro de Diagn\u00f3stico Integral de Camur\u00ed Chico, su directora la doctora Bersimar S\u00e1nchez expuso: \u201cEstas actividades las realizamos para llevar un poquito de salud a esos trabajadores que no puedan asistir a un centro asistencia, en respuesta a las solicitudes de estas instituciones\u201d. <\/span><\/p>\n<p class=\"western\" style=\"text-align: justify;\" align=\"justify\"><span style=\"font-family: arial,helvetica,sans-serif; font-size: large;\">Hern\u00e1n Garboza, gerente regional del Inces Vargas, coment\u00f3 \u201cEl objetivo de esta jornada es garantizar el derecho a la salud y sobre todo a crear la cultura del chequeo preventivo, que es muy importante. Se pueden evitar muchas enfermedades mortales con su detecci\u00f3n a tiempo. Prevenir es mejor que lamentar\u201d. <\/span><\/p>\n<p class=\"western\" style=\"text-align: justify;\" align=\"justify\"><span style=\"font-family: arial,helvetica,sans-serif; font-size: large;\">Tambi\u00e9n expres\u00f3 su satisfacci\u00f3n por los enlaces y acuerdos que se han logrado entre el Sitssa, m\u00e9dicos y el Inces, no solo de atenci\u00f3n m\u00e9dica sino tambi\u00e9n formativas y de intercambio de servicios.<\/span><\/p>\n<p class=\"western\" style=\"text-align: justify;\" align=\"justify\"><span style=\"font-family: arial,helvetica,sans-serif; font-size: large;\"><img loading=\"lazy\" decoding=\"async\" class=\"aligncenter wp-image-25725 size-full\" src=\"http:\/\/www.inces.gob.ve\/wp-content\/uploads\/2019\/03\/1-Jornada-de-salud-integral.jpg\" alt=\"\" width=\"821\" height=\"606\" srcset=\"https:\/\/inces.gob.ve\/wp-content\/uploads\/2019\/03\/1-Jornada-de-salud-integral.jpg 821w, https:\/\/inces.gob.ve\/wp-content\/uploads\/2019\/03\/1-Jornada-de-salud-integral-300x221.jpg 300w, https:\/\/inces.gob.ve\/wp-content\/uploads\/2019\/03\/1-Jornada-de-salud-integral-768x567.jpg 768w\" sizes=\"auto, (max-width: 821px) 100vw, 821px\" \/><\/span><\/p>\n<p class=\"western\" style=\"text-align: justify;\" align=\"justify\"><span style=\"font-family: arial,helvetica,sans-serif; font-size: large;\">De igual manera, Johanna Nieves, vicepresidenta del Sindicato Bolipasajero del Sitssa, afirm\u00f3 que estas jornadas integrales conforman un proyecto para desarrollarlas una vez al mes, dependiendo de la agenda del personal m\u00e9dico\u201d. Tambi\u00e9n coment\u00f3 que estas actividades se logran gracias a la articulaci\u00f3n de la alcald\u00eda del municipio Libertador. Por otro lado, Nieves inform\u00f3 que Vargas es el estado piloto donde se est\u00e1n llevando a cabo estas actividades que luego se expandir\u00e1 al resto del pa\u00eds. <\/span><\/p>\n<p class=\"western\" style=\"text-align: justify;\" align=\"justify\"><span style=\"font-family: arial,helvetica,sans-serif; font-size: large;\">La jornada cont\u00f3 con la presencia de Franklin Gonz\u00e1lez, jefe de operaciones del Sitssa, el cual verific\u00f3 en el lugar los servicios ofrecidos al personal de ambas instituciones y sostuvo un encuentro con el gerente regional Hern\u00e1n Garboza para plantear propuestas formativas y de certificaci\u00f3n de saberes en el \u00e1rea administrativa e industrial en los talleres del sistema.<\/span><\/p>\n<p class=\"western\" style=\"text-align: justify;\" align=\"justify\"><span style=\"font-family: arial,helvetica,sans-serif;\"><img loading=\"lazy\" decoding=\"async\" class=\"aligncenter wp-image-25724 size-full\" src=\"http:\/\/www.inces.gob.ve\/wp-content\/uploads\/2019\/03\/2-Jornada-de-salud-integral.jpg\" alt=\"\" width=\"850\" height=\"708\" srcset=\"https:\/\/inces.gob.ve\/wp-content\/uploads\/2019\/03\/2-Jornada-de-salud-integral.jpg 850w, https:\/\/inces.gob.ve\/wp-content\/uploads\/2019\/03\/2-Jornada-de-salud-integral-300x250.jpg 300w, https:\/\/inces.gob.ve\/wp-content\/uploads\/2019\/03\/2-Jornada-de-salud-integral-768x640.jpg 768w\" sizes=\"auto, (max-width: 850px) 100vw, 850px\" \/><\/span><\/p>\n<p class=\"western\" style=\"text-align: justify;\" align=\"justify\"><span style=\"font-family: arial,helvetica,sans-serif; font-size: large;\">Se enriqueci\u00f3 la actividad con el desarrollo de charlas m\u00e9dicas dirigidas a la prevenci\u00f3n de enfermedades y la explicaci\u00f3n sobre el uso adecuado de los m\u00e9todos anticonceptivos, los cuales atraparon la atenci\u00f3n de los asistentes que luego fueron beneficiados con muestras gratuitas de condones femeninos.<\/span><\/p>\n","protected":false},"excerpt":{"rendered":"<p>** M\u00e9dicos atender\u00e1n los d\u00edas viernes los casos especiales de salud del personal del Sistema Integral de Transporte Superficial y del Inces Vargas<\/p>\n","protected":false},"author":15,"featured_media":25722,"comment_status":"closed","ping_status":"closed","sticky":false,"template":"","format":"standard","meta":{"footnotes":""},"categories":[2],"tags":[],"class_list":["post-25719","post","type-post","status-publish","format-standard","has-post-thumbnail","hentry","category-blog"],"_links":{"self":[{"href":"https:\/\/inces.gob.ve\/index.php\/wp-json\/wp\/v2\/posts\/25719","targetHints":{"allow":["GET"]}}],"collection":[{"href":"https:\/\/inces.gob.ve\/index.php\/wp-json\/wp\/v2\/posts"}],"about":[{"href":"https:\/\/inces.gob.ve\/index.php\/wp-json\/wp\/v2\/types\/post"}],"author":[{"embeddable":true,"href":"https:\/\/inces.gob.ve\/index.php\/wp-json\/wp\/v2\/users\/15"}],"replies":[{"embeddable":true,"href":"https:\/\/inces.gob.ve\/index.php\/wp-json\/wp\/v2\/comments?post=25719"}],"version-history":[{"count":2,"href":"https:\/\/inces.gob.ve\/index.php\/wp-json\/wp\/v2\/posts\/25719\/revisions"}],"predecessor-version":[{"id":25727,"href":"https:\/\/inces.gob.ve\/index.php\/wp-json\/wp\/v2\/posts\/25719\/revisions\/25727"}],"wp:featuredmedia":[{"embeddable":true,"href":"https:\/\/inces.gob.ve\/index.php\/wp-json\/wp\/v2\/media\/25722"}],"wp:attachment":[{"href":"https:\/\/inces.gob.ve\/index.php\/wp-json\/wp\/v2\/media?parent=25719"}],"wp:term":[{"taxonomy":"category","embeddable":true,"href":"https:\/\/inces.gob.ve\/index.php\/wp-json\/wp\/v2\/categories?post=25719"},{"taxonomy":"post_tag","embeddable":true,"href":"https:\/\/inces.gob.ve\/index.php\/wp-json\/wp\/v2\/tags?post=25719"}],"curies":[{"name":"wp","href":"https:\/\/api.w.org\/{rel}","templated":true}]}}