{"id":25767,"date":"2019-03-22T13:31:19","date_gmt":"2019-03-22T19:31:19","guid":{"rendered":"http:\/\/www.inces.gob.ve\/?p=25767"},"modified":"2020-05-28T20:29:06","modified_gmt":"2020-05-29T00:29:06","slug":"cfs-villa-de-cura-certifica-saberes-para-el-emprendimiento-productivo-de-las-mujeres-araguenas","status":"publish","type":"post","link":"https:\/\/inces.gob.ve\/index.php\/2019\/03\/22\/cfs-villa-de-cura-certifica-saberes-para-el-emprendimiento-productivo-de-las-mujeres-araguenas\/","title":{"rendered":"CFS Villa de Cura certifica saberes para el emprendimiento productivo de las mujeres arag\u00fce\u00f1as"},"content":{"rendered":"<p class=\"western\" style=\"text-align: justify;\" align=\"justify\"><span style=\"font-family: arial,helvetica,sans-serif; font-size: large;\"><i><b>** M\u00e1s de 30 mujeres de la patria fueron acreditadas por sus conocimientos ancestrales, saberes que practican para beneficio propio y comunal<\/b><\/i><\/span><\/p>\n<p class=\"western\" style=\"text-align: justify;\" align=\"justify\"><span style=\"font-family: arial,helvetica,sans-serif;\"><!--more--><\/span><\/p>\n<p class=\"western\" style=\"text-align: justify;\" align=\"justify\"><span style=\"font-family: arial,helvetica,sans-serif; font-size: large;\"><b>DAYANA ALBARR\u00c1N | Aragua<\/b><\/span><\/p>\n<p class=\"western\" style=\"text-align: justify;\" align=\"justify\"><span style=\"font-family: arial,helvetica,sans-serif; font-size: large;\">En las parroquias Villa de Cura y Santa Cruz, ubicadas en la poblaci\u00f3n arag\u00fce\u00f1a, m\u00e1s de 30 mujeres emprendedoras fueron certificadas, a trav\u00e9s del centro de formaci\u00f3n socialista (CFS) Villa de Cura, en saberes ancestrales como cocina b\u00e1sica, tejido, costura y pintura.<\/span><\/p>\n<p class=\"western\" style=\"text-align: justify;\" align=\"justify\"><span style=\"font-family: arial,helvetica,sans-serif; font-size: large;\">La actividad, realizada en el Liceo \u201cMelicia Nieves de Tejada\u201d, ubicado en Villa de Cura, municipio Zamora, certific\u00f3 a 13 emprendedoras en los oficios tejido, costura y pintura. Simult\u00e1neamente, en la Unidad Educativa Nacional Bolivariana \u201cRafael Brice\u00f1o\u201d Ortega, ubicada en Santa Cruz, municipio Jos\u00e9 \u00c1ngel Lamas, 18 trabajadoras de la Corporaci\u00f3n Nacional de Alimentaci\u00f3n Escolar (Cnae), adscrita al Ministerio del Poder Popular para la Educaci\u00f3n, se certificaron en cocina b\u00e1sica.<\/span><\/p>\n<p class=\"western\" style=\"text-align: justify;\" align=\"justify\"><span style=\"font-family: arial,helvetica,sans-serif; font-size: large;\"><img loading=\"lazy\" decoding=\"async\" class=\"aligncenter wp-image-25768 size-full\" src=\"http:\/\/www.inces.gob.ve\/wp-content\/uploads\/2019\/03\/6saberes-para-el-emprendimiento.jpg\" alt=\"\" width=\"850\" height=\"478\" srcset=\"https:\/\/inces.gob.ve\/wp-content\/uploads\/2019\/03\/6saberes-para-el-emprendimiento.jpg 850w, https:\/\/inces.gob.ve\/wp-content\/uploads\/2019\/03\/6saberes-para-el-emprendimiento-300x169.jpg 300w, https:\/\/inces.gob.ve\/wp-content\/uploads\/2019\/03\/6saberes-para-el-emprendimiento-768x432.jpg 768w\" sizes=\"auto, (max-width: 850px) 100vw, 850px\" \/><\/span><\/p>\n<p class=\"western\" style=\"text-align: justify;\" align=\"justify\"><span style=\"font-family: arial,helvetica,sans-serif;\">\u201c<span style=\"font-size: large;\">Fue una experiencia muy significativa, ya que en estas mujeres luchadoras vemos las ganas y disposici\u00f3n de no solamente trabajar para su beneficio, sino tambi\u00e9n para el beneficio de su comunidad. En este caso particular, las mujeres del Cnae trabajan para nuestros ni\u00f1os y ni\u00f1as de la patria de la Unidad Educativa Rafael Brice\u00f1o, quienes, gracias a ellas, a diario reciben el beneficio de la alimentaci\u00f3n gratuita que les otorga el Gobierno Bolivariano\u201d. As\u00ed lo manifest\u00f3 Maranyely Forcet, maestra t\u00e9cnica productiva (Mtp) en el \u00e1rea de cocina, qui\u00e9n, junto al resto del personal del CFS, llevaron a cabo esta destacada y productiva jornada.<\/span><\/span><\/p>\n<p class=\"western\" style=\"text-align: justify;\" align=\"justify\"><span style=\"font-family: arial,helvetica,sans-serif;\">\u201c<span style=\"font-size: large;\">Seguimos aqu\u00ed junto al personal docente y administrativo del CFS Villa de Cura, atendiendo todas las necesidades de certificaci\u00f3n y formaci\u00f3n que requiere la poblaci\u00f3n de Santa Cruz\u201d, concluy\u00f3 Forcet.<\/span><\/span><\/p>\n<p class=\"western\" style=\"text-align: justify;\" align=\"justify\"><span style=\"font-family: arial,helvetica,sans-serif;\"><img loading=\"lazy\" decoding=\"async\" class=\"aligncenter wp-image-25769 size-full\" src=\"http:\/\/www.inces.gob.ve\/wp-content\/uploads\/2019\/03\/4saberes-para-el-emprendimiento.jpg\" alt=\"\" width=\"800\" height=\"854\" srcset=\"https:\/\/inces.gob.ve\/wp-content\/uploads\/2019\/03\/4saberes-para-el-emprendimiento.jpg 800w, https:\/\/inces.gob.ve\/wp-content\/uploads\/2019\/03\/4saberes-para-el-emprendimiento-281x300.jpg 281w, https:\/\/inces.gob.ve\/wp-content\/uploads\/2019\/03\/4saberes-para-el-emprendimiento-768x820.jpg 768w, https:\/\/inces.gob.ve\/wp-content\/uploads\/2019\/03\/4saberes-para-el-emprendimiento-719x768.jpg 719w\" sizes=\"auto, (max-width: 800px) 100vw, 800px\" \/><\/span><br \/>\n<span style=\"font-family: arial,helvetica,sans-serif; font-size: large;\"> <b>Mujeres zamoranas emprenden nuevo proyecto socioproductivo<\/b><\/span><\/p>\n<p class=\"western\" style=\"text-align: justify;\" align=\"justify\"><span style=\"font-family: arial,helvetica,sans-serif; font-size: large;\">El CFS Villa de Cura, en conjunto con el equipo de Formaci\u00f3n Profesional y la Gerencia Regional del Inces Aragua, trabajan arduamente para el logro del objetivo planteado en la jornada de certificaci\u00f3n de saberes en tejido, costura y pintura, el cual es apoyar a las mujeres emprendedoras de la parroquia Villa de Cura, en el inicio de un nuevo proyecto socioproductivo en estas \u00e1reas.<\/span><\/p>\n<p class=\"western\" style=\"text-align: justify;\" align=\"justify\"><span style=\"font-family: arial,helvetica,sans-serif; font-size: large;\">Al respecto, la MTP Yasmil Montevideo, experta en los saberes certificados, coment\u00f3 que \u201cfueron 13 mujeres practicantes de estos oficios quienes nos solicitaron el apoyo para certificarse en tejido, costura y pintura. Ya ellas vienen trabajando particularmente desde hace a\u00f1os este arte. Pero ahora quieren conformarse en unidad de producci\u00f3n y solicitaron el apoyo del Cfs Villa de Cura para llevar a cabo el proceso de certificaci\u00f3n ocupacional\u201d.<\/span><\/p>\n<p class=\"western\" style=\"text-align: justify;\" align=\"justify\"><span style=\"font-family: arial,helvetica,sans-serif;\"><img loading=\"lazy\" decoding=\"async\" class=\"aligncenter wp-image-25770 size-full\" src=\"http:\/\/www.inces.gob.ve\/wp-content\/uploads\/2019\/03\/2saberes-para-el-emprendimiento.jpg\" alt=\"\" width=\"850\" height=\"939\" srcset=\"https:\/\/inces.gob.ve\/wp-content\/uploads\/2019\/03\/2saberes-para-el-emprendimiento.jpg 850w, https:\/\/inces.gob.ve\/wp-content\/uploads\/2019\/03\/2saberes-para-el-emprendimiento-272x300.jpg 272w, https:\/\/inces.gob.ve\/wp-content\/uploads\/2019\/03\/2saberes-para-el-emprendimiento-768x848.jpg 768w, https:\/\/inces.gob.ve\/wp-content\/uploads\/2019\/03\/2saberes-para-el-emprendimiento-695x768.jpg 695w\" sizes=\"auto, (max-width: 850px) 100vw, 850px\" \/><\/span><br \/>\n<span style=\"font-family: arial,helvetica,sans-serif;\"> \u201c<span style=\"font-size: large;\">De aqu\u00ed en adelante lo que viene es emprendimiento y desarrollo comunal, recalc\u00f3 Montevideo. Debemos continuar despertando la creatividad en planes estrat\u00e9gicos alternativos de producci\u00f3n\u201d, finaliz\u00f3.<\/span><\/span><\/p>\n<p class=\"western\" style=\"text-align: justify;\" align=\"justify\"><span style=\"font-family: arial,helvetica,sans-serif; font-size: large;\">El reciclaje y el reuso es una de las principales t\u00e9cnicas que utilizan las mujeres zamoranas, siendo la principal motivaci\u00f3n de estas la b\u00fasqueda e innovaci\u00f3n de nuevas formas de hacer las cosas. La autogesti\u00f3n y la utilizaci\u00f3n de medios alternativos es la primera tarea para el logro de los objetivos.<\/span><\/p>\n","protected":false},"excerpt":{"rendered":"<p>** M\u00e1s de 30 mujeres de la patria fueron acreditadas por sus conocimientos ancestrales, saberes que practican para beneficio propio y comunal<\/p>\n","protected":false},"author":15,"featured_media":25771,"comment_status":"closed","ping_status":"closed","sticky":false,"template":"","format":"standard","meta":{"footnotes":""},"categories":[2],"tags":[],"class_list":["post-25767","post","type-post","status-publish","format-standard","has-post-thumbnail","hentry","category-blog"],"_links":{"self":[{"href":"https:\/\/inces.gob.ve\/index.php\/wp-json\/wp\/v2\/posts\/25767","targetHints":{"allow":["GET"]}}],"collection":[{"href":"https:\/\/inces.gob.ve\/index.php\/wp-json\/wp\/v2\/posts"}],"about":[{"href":"https:\/\/inces.gob.ve\/index.php\/wp-json\/wp\/v2\/types\/post"}],"author":[{"embeddable":true,"href":"https:\/\/inces.gob.ve\/index.php\/wp-json\/wp\/v2\/users\/15"}],"replies":[{"embeddable":true,"href":"https:\/\/inces.gob.ve\/index.php\/wp-json\/wp\/v2\/comments?post=25767"}],"version-history":[{"count":2,"href":"https:\/\/inces.gob.ve\/index.php\/wp-json\/wp\/v2\/posts\/25767\/revisions"}],"predecessor-version":[{"id":25773,"href":"https:\/\/inces.gob.ve\/index.php\/wp-json\/wp\/v2\/posts\/25767\/revisions\/25773"}],"wp:featuredmedia":[{"embeddable":true,"href":"https:\/\/inces.gob.ve\/index.php\/wp-json\/wp\/v2\/media\/25771"}],"wp:attachment":[{"href":"https:\/\/inces.gob.ve\/index.php\/wp-json\/wp\/v2\/media?parent=25767"}],"wp:term":[{"taxonomy":"category","embeddable":true,"href":"https:\/\/inces.gob.ve\/index.php\/wp-json\/wp\/v2\/categories?post=25767"},{"taxonomy":"post_tag","embeddable":true,"href":"https:\/\/inces.gob.ve\/index.php\/wp-json\/wp\/v2\/tags?post=25767"}],"curies":[{"name":"wp","href":"https:\/\/api.w.org\/{rel}","templated":true}]}}