{"id":25797,"date":"2019-03-29T06:45:06","date_gmt":"2019-03-29T12:45:06","guid":{"rendered":"http:\/\/www.inces.gob.ve\/?p=25797"},"modified":"2020-05-28T20:29:05","modified_gmt":"2020-05-29T00:29:05","slug":"pioneros-emprendedores-se-forman-en-el-inces-tachira","status":"publish","type":"post","link":"https:\/\/inces.gob.ve\/index.php\/2019\/03\/29\/pioneros-emprendedores-se-forman-en-el-inces-tachira\/","title":{"rendered":"Pioneros emprendedores se forman en el Inces T\u00e1chira"},"content":{"rendered":"<p class=\"western\" style=\"text-align: justify;\" align=\"LEFT\"><span style=\"font-size: 12pt;\"><i><b><span style=\"font-family: Arial,serif;\"><span lang=\"es-ES\">**<\/span><\/span><span style=\"font-family: Arial,serif;\"><span lang=\"es-ES\">Incentivando la producci\u00f3n nacional<\/span><\/span><\/b><\/i><!--more--><\/span><\/p>\n<p style=\"text-align: justify;\" align=\"JUSTIFY\">\n<p class=\"western\" style=\"text-align: justify;\" align=\"JUSTIFY\"><span style=\"font-size: 12pt;\"><span style=\"font-family: Arial,serif;\"><span lang=\"es-ES\"><b>PRENSA INCES<\/b><\/span><\/span><span style=\"font-family: Arial,serif;\"><span lang=\"es-ES\"><b> |<\/b><\/span><\/span><span style=\"font-family: Arial,serif;\"><span lang=\"es-ES\"><b> T\u00e1chira.- <\/b><\/span><\/span><span style=\"font-family: Arial,serif;\"><span lang=\"es-ES\"> E<\/span><\/span><span style=\"font-family: Arial,serif;\"><span lang=\"es-ES\">n e<\/span><\/span><span style=\"font-family: Arial,serif;\"><span lang=\"es-ES\">l Centro de Formaci\u00f3n Socialista (CFS) Prof<\/span><\/span><span style=\"font-family: Arial,serif;\"><span lang=\"es-ES\">esor<\/span><\/span><span style=\"font-family: Arial,serif;\"><span lang=\"es-ES\"> Emiro Duque Sanchez, la gerencia regional del Inces T\u00e1chira y <\/span><\/span><span style=\"font-family: Arial,serif;\"><span lang=\"es-ES\">j<\/span><\/span><span style=\"font-family: Arial,serif;\"><span lang=\"es-ES\">\u00f3venes del Programa Nacional de Aprendizaje (PNA) llevaron a cabo la gran exposici\u00f3n \u201cPioneros Emprendedores Inces\u201d, <\/span><\/span><span style=\"font-family: Arial,serif;\"><span lang=\"es-ES\">quienes presentaron tres proyectos productivos<\/span><\/span><span style=\"font-family: Arial,serif;\"><span lang=\"es-ES\">.<\/span><\/span><\/span><\/p>\n<p style=\"text-align: justify;\" align=\"JUSTIFY\">\n<p class=\"western\" style=\"text-align: justify;\" align=\"JUSTIFY\"><span style=\"font-size: 12pt;\"><span style=\"font-family: Arial,serif;\"><span lang=\"es-ES\">Geovanni Gonz\u00e1lez, gerente regional, resalt\u00f3 l<\/span><\/span><span style=\"font-family: Arial,serif;\"><span lang=\"es-ES\">a<\/span><\/span><span style=\"font-family: Arial,serif;\"><span lang=\"es-ES\"> importancia que ha tenido la formaci\u00f3n en los aprendices, en el cual se puede apreciar el logro y afinaci\u00f3n de los conocimientos que llevaron a la creaci\u00f3n de tres proyectos socio-productivos y autosustentable, \u201cestos j\u00f3venes que estamos formando son micro empresarios\u201d, <\/span><\/span><span style=\"font-family: Arial,serif;\"><span lang=\"es-ES\">dijo<\/span><\/span><span style=\"font-family: Arial,serif;\"><span lang=\"es-ES\">.<\/span><\/span><\/span><\/p>\n<p style=\"text-align: justify;\" align=\"JUSTIFY\">\n<p align=\"JUSTIFY\"><img loading=\"lazy\" decoding=\"async\" class=\"aligncenter wp-image-25800 size-full\" src=\"http:\/\/www.inces.gob.ve\/wp-content\/uploads\/2019\/03\/WhatsApp-Image-2019-03-25-at-8.41.13-AM.jpeg\" alt=\"\" width=\"1040\" height=\"780\" srcset=\"https:\/\/inces.gob.ve\/wp-content\/uploads\/2019\/03\/WhatsApp-Image-2019-03-25-at-8.41.13-AM.jpeg 1040w, https:\/\/inces.gob.ve\/wp-content\/uploads\/2019\/03\/WhatsApp-Image-2019-03-25-at-8.41.13-AM-300x225.jpeg 300w, https:\/\/inces.gob.ve\/wp-content\/uploads\/2019\/03\/WhatsApp-Image-2019-03-25-at-8.41.13-AM-768x576.jpeg 768w, https:\/\/inces.gob.ve\/wp-content\/uploads\/2019\/03\/WhatsApp-Image-2019-03-25-at-8.41.13-AM-1024x768.jpeg 1024w, https:\/\/inces.gob.ve\/wp-content\/uploads\/2019\/03\/WhatsApp-Image-2019-03-25-at-8.41.13-AM-136x102.jpeg 136w\" sizes=\"auto, (max-width: 1040px) 100vw, 1040px\" \/><\/p>\n<p align=\"JUSTIFY\">\n<p class=\"western\" style=\"text-align: justify;\" align=\"JUSTIFY\"><span style=\"font-size: 12pt;\"><span style=\"font-family: Arial,serif;\"><span lang=\"es-ES\">Asimismo, manifest\u00f3 su satisfacci\u00f3n con la formaci\u00f3n de estos tres proyectos, que le permite a nuestros aprendices impulsar la creaci\u00f3n de Unidades de Producci\u00f3n Social (UPS). \u201c Ustedes son la punta de lanza de nuestro Inces y el ejemplo a seguir de sus compa\u00f1eros\u201d, <\/span><\/span><span style=\"font-family: Arial,serif;\"><span lang=\"es-ES\">agreg\u00f3 el titular de la regional<\/span><\/span><span style=\"font-family: Arial,serif;\"><span lang=\"es-ES\">.<\/span><\/span><\/span><\/p>\n<p style=\"text-align: justify;\" align=\"JUSTIFY\">\n<p class=\"western\" style=\"text-align: justify;\" align=\"JUSTIFY\"><span style=\"font-family: Arial,serif; font-size: 12pt;\"><span lang=\"es-ES\"><b>Pioneros emprendedores Inces<\/b><\/span><\/span><\/p>\n<p class=\"western\" style=\"text-align: justify;\" align=\"JUSTIFY\"><span style=\"font-family: Arial,serif; font-size: 12pt;\"><span lang=\"es-ES\">Durante la exposici\u00f3n se pudieron visualizar productos de higiene personal, alimenticio y limpieza, con materiales <\/span><\/span><span style=\"font-family: Arial,serif; font-size: 12pt;\"><span lang=\"es-ES\">org\u00e1nicos y de f\u00e1cil acceso para la poblaci\u00f3n; un logro con sello venezolano y con producci\u00f3n activa Inces.<\/span><\/span><\/p>\n<p style=\"text-align: justify;\" align=\"JUSTIFY\">\n<p align=\"JUSTIFY\"><img loading=\"lazy\" decoding=\"async\" class=\"aligncenter wp-image-25799 size-full\" src=\"http:\/\/www.inces.gob.ve\/wp-content\/uploads\/2019\/03\/WhatsApp-Image-2019-03-25-at-8.41.12-AM3.jpeg\" alt=\"\" width=\"1040\" height=\"780\" srcset=\"https:\/\/inces.gob.ve\/wp-content\/uploads\/2019\/03\/WhatsApp-Image-2019-03-25-at-8.41.12-AM3.jpeg 1040w, https:\/\/inces.gob.ve\/wp-content\/uploads\/2019\/03\/WhatsApp-Image-2019-03-25-at-8.41.12-AM3-300x225.jpeg 300w, https:\/\/inces.gob.ve\/wp-content\/uploads\/2019\/03\/WhatsApp-Image-2019-03-25-at-8.41.12-AM3-768x576.jpeg 768w, https:\/\/inces.gob.ve\/wp-content\/uploads\/2019\/03\/WhatsApp-Image-2019-03-25-at-8.41.12-AM3-1024x768.jpeg 1024w, https:\/\/inces.gob.ve\/wp-content\/uploads\/2019\/03\/WhatsApp-Image-2019-03-25-at-8.41.12-AM3-136x102.jpeg 136w\" sizes=\"auto, (max-width: 1040px) 100vw, 1040px\" \/><\/p>\n<p align=\"JUSTIFY\">\n<p class=\"western\" style=\"text-align: justify;\" align=\"JUSTIFY\"><span style=\"font-family: Arial,serif; font-size: 12pt;\"><span lang=\"es-ES\">Gonz\u00e1lez resalt\u00f3 la importancia que posee el Inces para formar y capacitar a nuestra juventud venezolana \u201csomos una familia que nos interesa el bienestar de todos nuestros aprendices y participantes por eso desde la gerencia estamos dispuestas y prestos a acompa\u00f1ar y apoyar a todos los j\u00f3venes a desarrollar cualquier proyecto productivo\u201d.<\/span><\/span><\/p>\n<p style=\"text-align: justify;\" align=\"JUSTIFY\">\n<p class=\"western\" style=\"text-align: justify;\" align=\"JUSTIFY\"><span style=\"font-family: Arial,serif; font-size: 12pt;\"><span lang=\"es-ES\">Para finalizar, el coordinador regional, felicita a todos a los aprendices por su arduo trabajo y dedicaci\u00f3n para ejecutar dichos proyectos y colocar el nombre del Inces T\u00e1chira en alto con productos 100% venezolanos. <\/span><\/span><\/p>\n<p style=\"text-align: justify;\" align=\"JUSTIFY\">\n<p class=\"western\" style=\"text-align: justify;\" align=\"JUSTIFY\"><span style=\"font-size: 12pt;\"><i><span style=\"font-family: Arial,serif;\"><span lang=\"es-ES\">LA.<\/span><\/span><\/i><\/span><\/p>\n","protected":false},"excerpt":{"rendered":"<p>**Incentivando la producci\u00f3n nacional<\/p>\n","protected":false},"author":4,"featured_media":25798,"comment_status":"closed","ping_status":"open","sticky":false,"template":"","format":"standard","meta":{"footnotes":""},"categories":[2],"tags":[],"class_list":["post-25797","post","type-post","status-publish","format-standard","has-post-thumbnail","hentry","category-blog"],"_links":{"self":[{"href":"https:\/\/inces.gob.ve\/index.php\/wp-json\/wp\/v2\/posts\/25797","targetHints":{"allow":["GET"]}}],"collection":[{"href":"https:\/\/inces.gob.ve\/index.php\/wp-json\/wp\/v2\/posts"}],"about":[{"href":"https:\/\/inces.gob.ve\/index.php\/wp-json\/wp\/v2\/types\/post"}],"author":[{"embeddable":true,"href":"https:\/\/inces.gob.ve\/index.php\/wp-json\/wp\/v2\/users\/4"}],"replies":[{"embeddable":true,"href":"https:\/\/inces.gob.ve\/index.php\/wp-json\/wp\/v2\/comments?post=25797"}],"version-history":[{"count":1,"href":"https:\/\/inces.gob.ve\/index.php\/wp-json\/wp\/v2\/posts\/25797\/revisions"}],"predecessor-version":[{"id":25801,"href":"https:\/\/inces.gob.ve\/index.php\/wp-json\/wp\/v2\/posts\/25797\/revisions\/25801"}],"wp:featuredmedia":[{"embeddable":true,"href":"https:\/\/inces.gob.ve\/index.php\/wp-json\/wp\/v2\/media\/25798"}],"wp:attachment":[{"href":"https:\/\/inces.gob.ve\/index.php\/wp-json\/wp\/v2\/media?parent=25797"}],"wp:term":[{"taxonomy":"category","embeddable":true,"href":"https:\/\/inces.gob.ve\/index.php\/wp-json\/wp\/v2\/categories?post=25797"},{"taxonomy":"post_tag","embeddable":true,"href":"https:\/\/inces.gob.ve\/index.php\/wp-json\/wp\/v2\/tags?post=25797"}],"curies":[{"name":"wp","href":"https:\/\/api.w.org\/{rel}","templated":true}]}}