{"id":25923,"date":"2019-04-02T08:01:14","date_gmt":"2019-04-02T14:01:14","guid":{"rendered":"http:\/\/www.inces.gob.ve\/?p=25923"},"modified":"2020-05-28T20:29:05","modified_gmt":"2020-05-29T00:29:05","slug":"inces-guaireno-inicia-formacion-en-oficios-productivos-con-jovenes-chambistas","status":"publish","type":"post","link":"https:\/\/inces.gob.ve\/index.php\/2019\/04\/02\/inces-guaireno-inicia-formacion-en-oficios-productivos-con-jovenes-chambistas\/","title":{"rendered":"Inces guaire\u00f1o inicia formaci\u00f3n en oficios productivos con j\u00f3venes chambistas"},"content":{"rendered":"<p style=\"text-align: justify;\" align=\"justify\"><span style=\"font-family: arial,helvetica,sans-serif;\"><i><b>** La formaci\u00f3n, con metas muy ambiciosas, responde a la alianza con la alcald\u00eda del municipio Vargas para integrarlos en brigadas productivas<\/b><\/i><\/span><\/p>\n<p style=\"text-align: justify;\" align=\"justify\"><span style=\"font-family: arial,helvetica,sans-serif;\"> <!--more--><\/span><\/p>\n<p style=\"text-align: justify;\" align=\"justify\"><span style=\"font-family: arial,helvetica,sans-serif;\"><b>ZUVALQUI DUARTE | Vargas<\/b><\/span><\/p>\n<p style=\"text-align: justify;\" align=\"justify\"><span style=\"font-family: arial,helvetica,sans-serif;\">En la Escuela Taller La Guaira destacan m\u00e1s de 150 j\u00f3venes dispuestos a formarse en oficios productivos tales como: Electricidad, Carpinter\u00eda, Herrer\u00eda, Turismo, Administraci\u00f3n, Serigraf\u00eda y Formaci\u00f3n Familiar Ciudadana para integrarse al sistema laboral que impulsa la alcald\u00eda del municipio Vargas<\/span><\/p>\n<p style=\"text-align: justify;\" align=\"justify\"><span style=\"font-family: arial,helvetica,sans-serif;\">Estos j\u00f3venes forman parte de las metas regionales propuestas para la Gran Misi\u00f3n Chamba Juvenil. Vargas espera formarlos e integrarlos a las diversas modalidades que impulsen el modelo productivo econ\u00f3mico comunal y a la conformaci\u00f3n de Brigadas de Acci\u00f3n y Respuesta Inmediata<\/span><\/p>\n<p style=\"text-align: justify;\" align=\"justify\"><span style=\"font-family: arial,helvetica,sans-serif;\"><img loading=\"lazy\" decoding=\"async\" class=\"aligncenter wp-image-25927 size-full\" src=\"http:\/\/www.inces.gob.ve\/wp-content\/uploads\/2019\/04\/2formaci\u00f3n-en-oficios-productivos.jpg\" alt=\"\" width=\"850\" height=\"638\" srcset=\"https:\/\/inces.gob.ve\/wp-content\/uploads\/2019\/04\/2formaci\u00f3n-en-oficios-productivos.jpg 850w, https:\/\/inces.gob.ve\/wp-content\/uploads\/2019\/04\/2formaci\u00f3n-en-oficios-productivos-300x225.jpg 300w, https:\/\/inces.gob.ve\/wp-content\/uploads\/2019\/04\/2formaci\u00f3n-en-oficios-productivos-768x576.jpg 768w, https:\/\/inces.gob.ve\/wp-content\/uploads\/2019\/04\/2formaci\u00f3n-en-oficios-productivos-136x102.jpg 136w\" sizes=\"auto, (max-width: 850px) 100vw, 850px\" \/><\/span><\/p>\n<p style=\"text-align: justify;\" align=\"justify\"><span style=\"font-family: arial,helvetica,sans-serif;\">Es importante mencionar que la reci\u00e9n instalada Secretaria Nacional del Estado Mayor de la Gran Misi\u00f3n Chamba Juvenil defini\u00f3 diversas modalidades para el m\u00e1ximo alcance a la juventud en las regiones, ampliando el l\u00edmite de la edad para llegar a un mayor numero de participantes. Igualmente el Inces abordar\u00e1 en los liceos a los estudiantes de 4\u00b0 y 5\u00b0 a\u00f1o de bachillerato para integrarlos a este modelo formativo.<\/span><\/p>\n<p style=\"text-align: justify;\" align=\"justify\"><span style=\"font-family: arial,helvetica,sans-serif;\"><img loading=\"lazy\" decoding=\"async\" class=\"aligncenter wp-image-25928 size-full\" src=\"http:\/\/www.inces.gob.ve\/wp-content\/uploads\/2019\/04\/1formaci\u00f3n-en-oficios-productivos.jpg\" alt=\"\" width=\"850\" height=\"638\" srcset=\"https:\/\/inces.gob.ve\/wp-content\/uploads\/2019\/04\/1formaci\u00f3n-en-oficios-productivos.jpg 850w, https:\/\/inces.gob.ve\/wp-content\/uploads\/2019\/04\/1formaci\u00f3n-en-oficios-productivos-300x225.jpg 300w, https:\/\/inces.gob.ve\/wp-content\/uploads\/2019\/04\/1formaci\u00f3n-en-oficios-productivos-768x576.jpg 768w, https:\/\/inces.gob.ve\/wp-content\/uploads\/2019\/04\/1formaci\u00f3n-en-oficios-productivos-136x102.jpg 136w\" sizes=\"auto, (max-width: 850px) 100vw, 850px\" \/><\/span><\/p>\n<p style=\"text-align: justify;\" align=\"justify\"><span style=\"font-family: arial,helvetica,sans-serif;\">En el transcurso de 2019 se iniciar\u00e1n nuevos cursos y se espera formar a m\u00e1s de 600 j\u00f3venes en estos espacios que formar\u00e1n parte primordial de la Gran Misi\u00f3n Venezuela Bella para el embellecimiento del Casco Hist\u00f3rico de La Guaira y un n\u00famero determinado de plazas del municipio guaire\u00f1o.<\/span><\/p>\n<p style=\"text-align: justify;\" align=\"justify\"><span style=\"font-family: arial,helvetica,sans-serif;\"> <img loading=\"lazy\" decoding=\"async\" class=\"aligncenter wp-image-25925 size-full\" src=\"http:\/\/www.inces.gob.ve\/wp-content\/uploads\/2019\/04\/6formaci\u00f3n-en-oficios-productivos.jpg\" alt=\"\" width=\"850\" height=\"638\" srcset=\"https:\/\/inces.gob.ve\/wp-content\/uploads\/2019\/04\/6formaci\u00f3n-en-oficios-productivos.jpg 850w, https:\/\/inces.gob.ve\/wp-content\/uploads\/2019\/04\/6formaci\u00f3n-en-oficios-productivos-300x225.jpg 300w, https:\/\/inces.gob.ve\/wp-content\/uploads\/2019\/04\/6formaci\u00f3n-en-oficios-productivos-768x576.jpg 768w, https:\/\/inces.gob.ve\/wp-content\/uploads\/2019\/04\/6formaci\u00f3n-en-oficios-productivos-136x102.jpg 136w\" sizes=\"auto, (max-width: 850px) 100vw, 850px\" \/><\/span><\/p>\n<p style=\"text-align: justify;\" align=\"justify\"><span style=\"font-family: arial,helvetica,sans-serif;\">El motor Turismo es parte fundamental de la propuesta formativa, ya que se desea desarrollar los cursos de Gu\u00eda Tur\u00edstica, Dise\u00f1o de Recorrido Tur\u00edstico, Programaci\u00f3n de Viajes, Orientaci\u00f3n al Turismo, Ingl\u00e9s en varias etapas, Ceremonial, Protocolo y Etiqueta y Posada Tur\u00edstica para impulsar el valor del turismo en la regi\u00f3n.<\/span><\/p>\n<p style=\"text-align: justify;\" align=\"justify\"><span style=\"font-family: arial,helvetica,sans-serif;\"><img loading=\"lazy\" decoding=\"async\" class=\"aligncenter wp-image-25926 size-full\" src=\"http:\/\/www.inces.gob.ve\/wp-content\/uploads\/2019\/04\/4formaci\u00f3n-en-oficios-productivos.jpg\" alt=\"\" width=\"850\" height=\"638\" srcset=\"https:\/\/inces.gob.ve\/wp-content\/uploads\/2019\/04\/4formaci\u00f3n-en-oficios-productivos.jpg 850w, https:\/\/inces.gob.ve\/wp-content\/uploads\/2019\/04\/4formaci\u00f3n-en-oficios-productivos-300x225.jpg 300w, https:\/\/inces.gob.ve\/wp-content\/uploads\/2019\/04\/4formaci\u00f3n-en-oficios-productivos-768x576.jpg 768w, https:\/\/inces.gob.ve\/wp-content\/uploads\/2019\/04\/4formaci\u00f3n-en-oficios-productivos-136x102.jpg 136w\" sizes=\"auto, (max-width: 850px) 100vw, 850px\" \/><\/span><br \/>\n<span style=\"font-family: arial,helvetica,sans-serif;\"> La formaci\u00f3n contingenciada concentrar\u00e1 todos los esfuerzos en el cumplimiento del proceso formativo de Chamba Juvenil en todas sus modalidades, en respuesta al momento hist\u00f3rico de coyuntura pol\u00edtica que vive el pa\u00eds.<\/span><\/p>\n","protected":false},"excerpt":{"rendered":"<p>** La formaci\u00f3n, con metas muy ambiciosas, responde a la alianza con la alcald\u00eda del municipio Vargas para integrarlos en brigadas productivas<\/p>\n","protected":false},"author":15,"featured_media":25924,"comment_status":"closed","ping_status":"closed","sticky":false,"template":"","format":"standard","meta":{"footnotes":""},"categories":[2],"tags":[],"class_list":["post-25923","post","type-post","status-publish","format-standard","has-post-thumbnail","hentry","category-blog"],"_links":{"self":[{"href":"https:\/\/inces.gob.ve\/index.php\/wp-json\/wp\/v2\/posts\/25923","targetHints":{"allow":["GET"]}}],"collection":[{"href":"https:\/\/inces.gob.ve\/index.php\/wp-json\/wp\/v2\/posts"}],"about":[{"href":"https:\/\/inces.gob.ve\/index.php\/wp-json\/wp\/v2\/types\/post"}],"author":[{"embeddable":true,"href":"https:\/\/inces.gob.ve\/index.php\/wp-json\/wp\/v2\/users\/15"}],"replies":[{"embeddable":true,"href":"https:\/\/inces.gob.ve\/index.php\/wp-json\/wp\/v2\/comments?post=25923"}],"version-history":[{"count":2,"href":"https:\/\/inces.gob.ve\/index.php\/wp-json\/wp\/v2\/posts\/25923\/revisions"}],"predecessor-version":[{"id":25930,"href":"https:\/\/inces.gob.ve\/index.php\/wp-json\/wp\/v2\/posts\/25923\/revisions\/25930"}],"wp:featuredmedia":[{"embeddable":true,"href":"https:\/\/inces.gob.ve\/index.php\/wp-json\/wp\/v2\/media\/25924"}],"wp:attachment":[{"href":"https:\/\/inces.gob.ve\/index.php\/wp-json\/wp\/v2\/media?parent=25923"}],"wp:term":[{"taxonomy":"category","embeddable":true,"href":"https:\/\/inces.gob.ve\/index.php\/wp-json\/wp\/v2\/categories?post=25923"},{"taxonomy":"post_tag","embeddable":true,"href":"https:\/\/inces.gob.ve\/index.php\/wp-json\/wp\/v2\/tags?post=25923"}],"curies":[{"name":"wp","href":"https:\/\/api.w.org\/{rel}","templated":true}]}}