{"id":25936,"date":"2019-04-03T07:29:54","date_gmt":"2019-04-03T13:29:54","guid":{"rendered":"http:\/\/www.inces.gob.ve\/?p=25936"},"modified":"2020-05-28T20:29:04","modified_gmt":"2020-05-29T00:29:04","slug":"inces-sucre-se-mantiene-en-actividad-permanente-pese-a-contingencia-electrica","status":"publish","type":"post","link":"https:\/\/inces.gob.ve\/index.php\/2019\/04\/03\/inces-sucre-se-mantiene-en-actividad-permanente-pese-a-contingencia-electrica\/","title":{"rendered":"Inces Sucre se mantiene en actividad permanente pese a contingencia el\u00e9ctrica"},"content":{"rendered":"<p style=\"text-align: justify;\" align=\"justify\"><span style=\"font-family: arial,helvetica,sans-serif; font-size: large;\">**<b> Para dar continuidad al normal funcionamiento en el \u00e1rea formativa la instituci\u00f3n seguir\u00e1 funcionando en horario de 7:30 am a 01:00 pm<\/b><\/span><\/p>\n<p style=\"text-align: justify;\" align=\"justify\">\n<p style=\"text-align: justify;\" align=\"justify\"><span style=\"font-family: arial,helvetica,sans-serif; font-size: large;\"><b>MILAGROS GUERRERO | Sucre<\/b><\/span><\/p>\n<p style=\"text-align: justify;\" align=\"justify\">\n<p style=\"text-align: justify;\" align=\"justify\"><span style=\"font-family: arial,helvetica,sans-serif; font-size: large;\">Con dignidad y orgullo patrio todo el personal de Inces en la regi\u00f3n Sucre est\u00e1 dispuesto a cumplir con sus labores de trabajo, en el horario comprendido desde las 7:30 AM a 01:00 PM, pese a los apagones provocados por los ataques terroristas de los que ha sido objeto todo el sistema el\u00e9ctrico nacional interconectado; raz\u00f3n por la cual, reunidos en una asamblea general la directiva, el personal administrativo, obreros y t\u00e9cnicos aceptaron el compromiso.<\/span><\/p>\n<p style=\"text-align: justify;\" align=\"justify\">\n<p style=\"text-align: justify;\" align=\"justify\"><span style=\"font-family: arial,helvetica,sans-serif; font-size: large;\">De esta forma, explic\u00f3 la gerente regional Audin Navarro, se le da continuidad a las actividades propias de la instituci\u00f3n en el \u00e1rea formativa y administrativa, a\u00fan en las condiciones que adversan a la patria en estos momentos. En reuni\u00f3n con los trabajadores de la gran familia que es Inces Sucre, se asumi\u00f3 la decisi\u00f3n de laborar y continuar con el compromiso con la patria.<\/span><\/p>\n<p style=\"text-align: justify;\" align=\"justify\">\n<p style=\"text-align: justify;\" align=\"justify\"><span style=\"font-family: arial,helvetica,sans-serif; font-size: large;\">En ese sentido, Mariela Garc\u00eda, con m\u00e1s de 15 a\u00f1os laborando en la administraci\u00f3n, intervino ante sus compa\u00f1eros de trabajo para hacer hincapi\u00e9 en lo importante que es para ellos estar en permanente comunicaci\u00f3n, como trabajadores de una instituci\u00f3n que durante casi 60 a\u00f1os jam\u00e1s ha detenido sus actividades. <\/span><\/p>\n<p style=\"text-align: justify;\" align=\"justify\">\n<p style=\"text-align: justify;\" align=\"justify\"><span style=\"font-family: arial,helvetica,sans-serif;\">\u201c<span style=\"font-size: large;\">Yo me organizo desde muy temprano y as\u00ed no haya energ\u00eda el\u00e9ctrica durante toda la noche es mi compromiso venir y presentarme en la sede para resolver cualquier situaci\u00f3n o inconveniente. Y si hay electricidad pues m\u00e1s r\u00e1pido para venir a continuar con nuestra labor que es darle educaci\u00f3n de calidad y gratuita a todos los j\u00f3venes que se acercan al Inces\u201d, enfatiz\u00f3 Garc\u00eda.<\/span><\/span><\/p>\n<p style=\"text-align: justify;\" align=\"justify\">\n<p style=\"text-align: justify;\" align=\"justify\"><span style=\"font-family: arial,helvetica,sans-serif; font-size: large;\">Para finalizar, el equipo que conforma la Divisi\u00f3n de Formaci\u00f3n Profesional, asumieron el compromiso de continuar las actividades formativas en horarios ajustados a la contingencia el\u00e9ctrica, para que contin\u00faen las formaciones y cursos ordinarios programados para el primer y segundo trimestre del a\u00f1o en curso.<\/span><\/p>\n","protected":false},"excerpt":{"rendered":"<p>** Para dar continuidad al normal funcionamiento en el \u00e1rea formativa la instituci\u00f3n seguir\u00e1 funcionando en horario de 7:30 am a 01:00 pm MILAGROS GUERRERO | Sucre Con dignidad y orgullo patrio todo el personal de Inces en la regi\u00f3n Sucre est\u00e1 dispuesto a cumplir con sus labores de trabajo, en el horario comprendido desde [&hellip;]<\/p>\n","protected":false},"author":15,"featured_media":25937,"comment_status":"closed","ping_status":"closed","sticky":false,"template":"","format":"standard","meta":{"footnotes":""},"categories":[2],"tags":[],"class_list":["post-25936","post","type-post","status-publish","format-standard","has-post-thumbnail","hentry","category-blog"],"_links":{"self":[{"href":"https:\/\/inces.gob.ve\/index.php\/wp-json\/wp\/v2\/posts\/25936","targetHints":{"allow":["GET"]}}],"collection":[{"href":"https:\/\/inces.gob.ve\/index.php\/wp-json\/wp\/v2\/posts"}],"about":[{"href":"https:\/\/inces.gob.ve\/index.php\/wp-json\/wp\/v2\/types\/post"}],"author":[{"embeddable":true,"href":"https:\/\/inces.gob.ve\/index.php\/wp-json\/wp\/v2\/users\/15"}],"replies":[{"embeddable":true,"href":"https:\/\/inces.gob.ve\/index.php\/wp-json\/wp\/v2\/comments?post=25936"}],"version-history":[{"count":1,"href":"https:\/\/inces.gob.ve\/index.php\/wp-json\/wp\/v2\/posts\/25936\/revisions"}],"predecessor-version":[{"id":25938,"href":"https:\/\/inces.gob.ve\/index.php\/wp-json\/wp\/v2\/posts\/25936\/revisions\/25938"}],"wp:featuredmedia":[{"embeddable":true,"href":"https:\/\/inces.gob.ve\/index.php\/wp-json\/wp\/v2\/media\/25937"}],"wp:attachment":[{"href":"https:\/\/inces.gob.ve\/index.php\/wp-json\/wp\/v2\/media?parent=25936"}],"wp:term":[{"taxonomy":"category","embeddable":true,"href":"https:\/\/inces.gob.ve\/index.php\/wp-json\/wp\/v2\/categories?post=25936"},{"taxonomy":"post_tag","embeddable":true,"href":"https:\/\/inces.gob.ve\/index.php\/wp-json\/wp\/v2\/tags?post=25936"}],"curies":[{"name":"wp","href":"https:\/\/api.w.org\/{rel}","templated":true}]}}