{"id":25939,"date":"2019-04-03T07:38:15","date_gmt":"2019-04-03T13:38:15","guid":{"rendered":"http:\/\/www.inces.gob.ve\/?p=25939"},"modified":"2020-05-28T20:34:40","modified_gmt":"2020-05-29T00:34:40","slug":"trabajadores-del-inces-varguense-protestan-ante-los-recientes-actos-vandalicos-contra-el-sistema-electrico-nacional","status":"publish","type":"post","link":"https:\/\/inces.gob.ve\/index.php\/2019\/04\/03\/trabajadores-del-inces-varguense-protestan-ante-los-recientes-actos-vandalicos-contra-el-sistema-electrico-nacional\/","title":{"rendered":"Trabajadores del Inces varguense protestan ante los recientes actos vand\u00e1licos contra el sistema El\u00e9ctrico Nacional"},"content":{"rendered":"<p style=\"text-align: justify;\" align=\"justify\"><span style=\"font-family: arial,helvetica,sans-serif; font-size: large;\"><i><b>** Marcha en repudio al sabotaje el\u00e9ctrico<\/b><\/i><\/span><\/p>\n<p style=\"text-align: justify;\" align=\"justify\"><span style=\"font-family: arial,helvetica,sans-serif;\"> <!--more--><\/span><\/p>\n<p style=\"text-align: justify;\" align=\"justify\"><span style=\"font-family: arial,helvetica,sans-serif; font-size: large;\"><b>Zuvalqui Duarte | Vargas<\/b><\/span><\/p>\n<p style=\"text-align: justify;\" align=\"justify\"><span style=\"font-size: 14pt; font-family: arial,helvetica,sans-serif;\">En la plaza Bol\u00edvar de Catia La Mar se llev\u00f3 a cabo una concentraci\u00f3n que parti\u00f3 de tres puntos del estado para protestar por los ataques que de manera constante se han realizado contra la Central Hidroel\u00e9ctrica \u00abSim\u00f3n Bol\u00edvar\u00bb, ubicada en la Represa del <em>Guri,<\/em> afectando las actividades laborales y escolares de la poblaci\u00f3n.<\/span><\/p>\n<p style=\"text-align: justify;\" align=\"justify\"><span style=\"font-family: arial,helvetica,sans-serif; font-size: large;\">Personal administrativo, obrero y maestros de la regi\u00f3n acudieron a esta actividad con el fin de manifestar su posici\u00f3n ante estos actos delictivos de la derecha ap\u00e1trida, patrocinada y financiada desde el exterior, que ocasionan la paralizaci\u00f3n de las actividades econ\u00f3micas, educativas y recreativas de la poblaci\u00f3n.<\/span><\/p>\n<p style=\"text-align: justify;\" align=\"justify\"><span style=\"font-family: arial,helvetica,sans-serif; font-size: large;\"><img loading=\"lazy\" decoding=\"async\" class=\"aligncenter wp-image-25941 size-full\" src=\"http:\/\/www.inces.gob.ve\/wp-content\/uploads\/2019\/04\/4-Trabajadores-del-Inces-varguense-.jpg\" alt=\"\" width=\"800\" height=\"480\" srcset=\"https:\/\/inces.gob.ve\/wp-content\/uploads\/2019\/04\/4-Trabajadores-del-Inces-varguense-.jpg 800w, https:\/\/inces.gob.ve\/wp-content\/uploads\/2019\/04\/4-Trabajadores-del-Inces-varguense--300x180.jpg 300w, https:\/\/inces.gob.ve\/wp-content\/uploads\/2019\/04\/4-Trabajadores-del-Inces-varguense--768x461.jpg 768w\" sizes=\"auto, (max-width: 800px) 100vw, 800px\" \/><\/span><\/p>\n<p style=\"text-align: justify;\" align=\"justify\"><span style=\"font-family: arial,helvetica,sans-serif; font-size: large;\">Mar\u00eda Capote, coordinadora de Adiestramiento en Empresas, denunci\u00f3 las p\u00e9rdidas que ocasiona dejar al pa\u00eds sin el suministro el\u00e9ctrico e hizo un llamado a mantenerse constantemente en la calle para defender la paz en Venezuela.<\/span><\/p>\n<p style=\"text-align: justify;\" align=\"justify\"><span style=\"font-family: arial,helvetica,sans-serif;\"><img loading=\"lazy\" decoding=\"async\" class=\"aligncenter wp-image-25940 size-full\" src=\"http:\/\/www.inces.gob.ve\/wp-content\/uploads\/2019\/04\/5Trabajadores-del-Inces-varguense-.jpg\" alt=\"\" width=\"800\" height=\"661\" srcset=\"https:\/\/inces.gob.ve\/wp-content\/uploads\/2019\/04\/5Trabajadores-del-Inces-varguense-.jpg 800w, https:\/\/inces.gob.ve\/wp-content\/uploads\/2019\/04\/5Trabajadores-del-Inces-varguense--300x248.jpg 300w, https:\/\/inces.gob.ve\/wp-content\/uploads\/2019\/04\/5Trabajadores-del-Inces-varguense--768x635.jpg 768w\" sizes=\"auto, (max-width: 800px) 100vw, 800px\" \/><\/span><\/p>\n<p style=\"text-align: justify;\" align=\"justify\"><span style=\"font-family: arial,helvetica,sans-serif; font-size: large;\">Por su parte, Nelly Quintero, maestra t\u00e9cnica productiva e integrante de la Milicia Bolivariana respald\u00f3 las acciones emprendidas por el gobierno revolucionario y espera que en las pr\u00f3ximas horas se logre la estabilizaci\u00f3n del sistema el\u00e9ctrico nacional.<\/span><\/p>\n<p style=\"text-align: justify;\" align=\"justify\"><span style=\"font-family: arial,helvetica,sans-serif;\"><img loading=\"lazy\" decoding=\"async\" class=\"aligncenter wp-image-25942 size-full\" src=\"http:\/\/www.inces.gob.ve\/wp-content\/uploads\/2019\/04\/2Trabajadores-del-Inces-varguense-.jpg\" alt=\"\" width=\"800\" height=\"517\" srcset=\"https:\/\/inces.gob.ve\/wp-content\/uploads\/2019\/04\/2Trabajadores-del-Inces-varguense-.jpg 800w, https:\/\/inces.gob.ve\/wp-content\/uploads\/2019\/04\/2Trabajadores-del-Inces-varguense--300x194.jpg 300w, https:\/\/inces.gob.ve\/wp-content\/uploads\/2019\/04\/2Trabajadores-del-Inces-varguense--768x496.jpg 768w\" sizes=\"auto, (max-width: 800px) 100vw, 800px\" \/><\/span><\/p>\n","protected":false},"excerpt":{"rendered":"<p>** Marcha en repudio al sabotaje el\u00e9ctrico<\/p>\n","protected":false},"author":15,"featured_media":25943,"comment_status":"closed","ping_status":"closed","sticky":false,"template":"","format":"standard","meta":{"footnotes":""},"categories":[2],"tags":[],"class_list":["post-25939","post","type-post","status-publish","format-standard","has-post-thumbnail","hentry","category-blog"],"_links":{"self":[{"href":"https:\/\/inces.gob.ve\/index.php\/wp-json\/wp\/v2\/posts\/25939","targetHints":{"allow":["GET"]}}],"collection":[{"href":"https:\/\/inces.gob.ve\/index.php\/wp-json\/wp\/v2\/posts"}],"about":[{"href":"https:\/\/inces.gob.ve\/index.php\/wp-json\/wp\/v2\/types\/post"}],"author":[{"embeddable":true,"href":"https:\/\/inces.gob.ve\/index.php\/wp-json\/wp\/v2\/users\/15"}],"replies":[{"embeddable":true,"href":"https:\/\/inces.gob.ve\/index.php\/wp-json\/wp\/v2\/comments?post=25939"}],"version-history":[{"count":3,"href":"https:\/\/inces.gob.ve\/index.php\/wp-json\/wp\/v2\/posts\/25939\/revisions"}],"predecessor-version":[{"id":25946,"href":"https:\/\/inces.gob.ve\/index.php\/wp-json\/wp\/v2\/posts\/25939\/revisions\/25946"}],"wp:featuredmedia":[{"embeddable":true,"href":"https:\/\/inces.gob.ve\/index.php\/wp-json\/wp\/v2\/media\/25943"}],"wp:attachment":[{"href":"https:\/\/inces.gob.ve\/index.php\/wp-json\/wp\/v2\/media?parent=25939"}],"wp:term":[{"taxonomy":"category","embeddable":true,"href":"https:\/\/inces.gob.ve\/index.php\/wp-json\/wp\/v2\/categories?post=25939"},{"taxonomy":"post_tag","embeddable":true,"href":"https:\/\/inces.gob.ve\/index.php\/wp-json\/wp\/v2\/tags?post=25939"}],"curies":[{"name":"wp","href":"https:\/\/api.w.org\/{rel}","templated":true}]}}