{"id":25953,"date":"2019-04-03T08:39:52","date_gmt":"2019-04-03T14:39:52","guid":{"rendered":"http:\/\/www.inces.gob.ve\/?p=25953"},"modified":"2020-05-28T20:29:04","modified_gmt":"2020-05-29T00:29:04","slug":"el-inces-bolivar-planto-tribuna-cultural-antiimperialista-por-la-paz","status":"publish","type":"post","link":"https:\/\/inces.gob.ve\/index.php\/2019\/04\/03\/el-inces-bolivar-planto-tribuna-cultural-antiimperialista-por-la-paz\/","title":{"rendered":"El Inces Bol\u00edvar plant\u00f3 Tribuna Cultural Antiimperialista por la paz"},"content":{"rendered":"<p class=\"western\" style=\"text-align: justify;\" align=\"justify\"><span style=\"font-size: large;\"><i><b>Jim\u00e9nez: \u201cSomos amante de la paz y estamos dispuestos a la defensa de la patria\u201d<\/b><\/i><\/span><\/p>\n<p class=\"western\" style=\"text-align: justify;\" align=\"justify\"><!--more--><\/p>\n<p class=\"western\" style=\"text-align: justify;\" align=\"justify\"><span style=\"font-size: large;\"><b>JOS\u00c9 SUAREZ | Bol\u00edvar<\/b><\/span><\/p>\n<p class=\"western\" style=\"text-align: justify;\" align=\"justify\"><span style=\"font-size: large;\">En el centro de formaci\u00f3n socialista (CFS) \u201cManuel Carlos Piar\u201d, en Puerto Ordaz, se plant\u00f3 una Tribuna Cultural Antiimperialista por la paz y en defensa de la patria.<\/span><\/p>\n<p class=\"western\" style=\"text-align: justify;\" align=\"justify\"><span style=\"font-size: large;\">La actividad fue organizada por el equipo pol\u00edtico del Partido Socialista Unido de Venezuela (PSUV), de la parroquia Universidad, donde el Inces Bol\u00edvar brind\u00f3 los espacios a las comunidades del punto y c\u00edrculo para afirmar el rotundo apoyo al presidente obrero Nicol\u00e1s Maduro y el rechazo al sabotaje provocado a la empresa nacional el\u00e9ctrica del pa\u00eds, Corpoelec.<\/span><\/p>\n<p class=\"western\" style=\"text-align: justify;\" align=\"justify\"><img loading=\"lazy\" decoding=\"async\" class=\"aligncenter wp-image-25954 size-full\" src=\"http:\/\/www.inces.gob.ve\/wp-content\/uploads\/2019\/04\/4Tribuna-Cultural-Antiimperialista.jpg\" alt=\"\" width=\"800\" height=\"450\" srcset=\"https:\/\/inces.gob.ve\/wp-content\/uploads\/2019\/04\/4Tribuna-Cultural-Antiimperialista.jpg 800w, https:\/\/inces.gob.ve\/wp-content\/uploads\/2019\/04\/4Tribuna-Cultural-Antiimperialista-300x169.jpg 300w, https:\/\/inces.gob.ve\/wp-content\/uploads\/2019\/04\/4Tribuna-Cultural-Antiimperialista-768x432.jpg 768w\" sizes=\"auto, (max-width: 800px) 100vw, 800px\" \/><\/p>\n<p class=\"western\" style=\"text-align: justify;\" align=\"justify\"><span style=\"font-size: large;\">La gerente regional del Inces Bol\u00edvar, Ruth Jim\u00e9nez, se puso al servicio del pueblo. Afirm\u00f3 que el equipo pol\u00edtico parroquial se re\u00fane permanentemente en los espacios del centro, generando pensamientos socialistas como aporte al proyecto nacional.<\/span><\/p>\n<p class=\"western\" style=\"text-align: justify;\" align=\"justify\"><span style=\"font-size: large;\">Durante la ponencia, el luchador social Lenin Berrueta resalt\u00f3 el pensamiento del comandante supremo Hugo Ch\u00e1vez Fr\u00edas, \u201cUnidad, Lucha, Batalla y Victoria\u201d. De esta manera, puntualiz\u00f3 que el pueblo debe estar unido y combativo, con masiva vigilancia ante los ataques del imperialismo en los \u00e1mbitos; pol\u00edtico, ecol\u00f3gico y cultural del sistema geopol\u00edtico de la naci\u00f3n.<\/span><\/p>\n<p class=\"western\" style=\"text-align: justify;\" align=\"justify\"><span style=\"font-size: large;\">Entre m\u00fasica y consignas revolucionarias se observaron las miradas combativas de los patriotas y movimientos sociales que apuestan a una Venezuela libre de violencia. Adem\u00e1s se cont\u00f3 con la presencia del cantautor cultural de la regi\u00f3n, Jorge Urbano \u201cEl Conpai Jorge\u201d quien declar\u00f3 amar a su naci\u00f3n y al Plan de la Patria\u201d. <\/span><\/p>\n<p class=\"western\" style=\"text-align: justify;\" align=\"justify\"><span style=\"font-size: large;\">Por su parte, el concejal de la parroquia Universidad, Giovanni Barrio expres\u00f3: \u201cSiguiendo los lineamientos del presidente Nicol\u00e1s Maduro, asumimos la postura de resistencia en vista de hacer respetar nuestros derecho de ser libre y de asumir la conducci\u00f3n de nuestra vida, adem\u00e1s de la sana paz para nuestro pueblo.\u201d<\/span><\/p>\n<p class=\"western\" style=\"text-align: justify;\" align=\"justify\"><span style=\"font-size: large;\">Barrios recalc\u00f3 que, en conjunto con el pueblo, est\u00e1 dispuesto a asumir la responsabilidad de defender la libertad. \u201cEs una situaci\u00f3n de guerra mental contra la sociedad venezolana que se est\u00e1 gestando hoy y tenemos el motivo para desmantelar las maniobras y estrategias de los enemigos de la patria\u201d <\/span><\/p>\n<p class=\"western\" style=\"text-align: justify;\" align=\"justify\"><img loading=\"lazy\" decoding=\"async\" class=\"aligncenter wp-image-25956 size-full\" src=\"http:\/\/www.inces.gob.ve\/wp-content\/uploads\/2019\/04\/1-Tribuna-Cultural-Antiimperialista.jpg\" alt=\"\" width=\"800\" height=\"600\" srcset=\"https:\/\/inces.gob.ve\/wp-content\/uploads\/2019\/04\/1-Tribuna-Cultural-Antiimperialista.jpg 800w, https:\/\/inces.gob.ve\/wp-content\/uploads\/2019\/04\/1-Tribuna-Cultural-Antiimperialista-300x225.jpg 300w, https:\/\/inces.gob.ve\/wp-content\/uploads\/2019\/04\/1-Tribuna-Cultural-Antiimperialista-768x576.jpg 768w, https:\/\/inces.gob.ve\/wp-content\/uploads\/2019\/04\/1-Tribuna-Cultural-Antiimperialista-136x102.jpg 136w\" sizes=\"auto, (max-width: 800px) 100vw, 800px\" \/><\/p>\n<p class=\"western\" style=\"text-align: justify;\" align=\"justify\">\u201c<span style=\"font-size: large;\"><i><b>Este encuentro es para caracterizar y perfilar las artima\u00f1as del imperialismo y sus manifestaciones como expresi\u00f3n de dominaci\u00f3n y el establecimiento de la esclavitud en la sociedad\u201d, finaliz\u00f3.<\/b><\/i><\/span><\/p>\n","protected":false},"excerpt":{"rendered":"<p>Jim\u00e9nez: \u201cSomos amante de la paz y estamos dispuestos a la defensa de la patria\u201d<\/p>\n","protected":false},"author":15,"featured_media":25955,"comment_status":"closed","ping_status":"closed","sticky":false,"template":"","format":"standard","meta":{"footnotes":""},"categories":[2],"tags":[],"class_list":["post-25953","post","type-post","status-publish","format-standard","has-post-thumbnail","hentry","category-blog"],"_links":{"self":[{"href":"https:\/\/inces.gob.ve\/index.php\/wp-json\/wp\/v2\/posts\/25953","targetHints":{"allow":["GET"]}}],"collection":[{"href":"https:\/\/inces.gob.ve\/index.php\/wp-json\/wp\/v2\/posts"}],"about":[{"href":"https:\/\/inces.gob.ve\/index.php\/wp-json\/wp\/v2\/types\/post"}],"author":[{"embeddable":true,"href":"https:\/\/inces.gob.ve\/index.php\/wp-json\/wp\/v2\/users\/15"}],"replies":[{"embeddable":true,"href":"https:\/\/inces.gob.ve\/index.php\/wp-json\/wp\/v2\/comments?post=25953"}],"version-history":[{"count":3,"href":"https:\/\/inces.gob.ve\/index.php\/wp-json\/wp\/v2\/posts\/25953\/revisions"}],"predecessor-version":[{"id":25959,"href":"https:\/\/inces.gob.ve\/index.php\/wp-json\/wp\/v2\/posts\/25953\/revisions\/25959"}],"wp:featuredmedia":[{"embeddable":true,"href":"https:\/\/inces.gob.ve\/index.php\/wp-json\/wp\/v2\/media\/25955"}],"wp:attachment":[{"href":"https:\/\/inces.gob.ve\/index.php\/wp-json\/wp\/v2\/media?parent=25953"}],"wp:term":[{"taxonomy":"category","embeddable":true,"href":"https:\/\/inces.gob.ve\/index.php\/wp-json\/wp\/v2\/categories?post=25953"},{"taxonomy":"post_tag","embeddable":true,"href":"https:\/\/inces.gob.ve\/index.php\/wp-json\/wp\/v2\/tags?post=25953"}],"curies":[{"name":"wp","href":"https:\/\/api.w.org\/{rel}","templated":true}]}}