{"id":26010,"date":"2019-04-04T07:14:16","date_gmt":"2019-04-04T13:14:16","guid":{"rendered":"http:\/\/www.inces.gob.ve\/?p=26010"},"modified":"2020-05-28T20:33:26","modified_gmt":"2020-05-29T00:33:26","slug":"20-aprendices-carabobenos-culminaron-fase-teorica-del-oficio-asistente-administrativo","status":"publish","type":"post","link":"https:\/\/inces.gob.ve\/index.php\/2019\/04\/04\/20-aprendices-carabobenos-culminaron-fase-teorica-del-oficio-asistente-administrativo\/","title":{"rendered":"20 aprendices carabobe\u00f1os culminaron fase te\u00f3rica del oficio Asistente Administrativo"},"content":{"rendered":"<p style=\"text-align: justify;\" align=\"justify\"><span style=\"font-family: arial,helvetica,sans-serif; font-size: 14pt;\"><i><b>** Los participantes destacaron con la innovadora creaci\u00f3n de una p\u00e1gina Web y de un blog para el CFS Rafael Urdaneta <\/b><\/i><\/span><\/p>\n<p style=\"text-align: justify;\" align=\"justify\">\n<span style=\"font-family: arial,helvetica,sans-serif; font-size: 14pt;\"> <!--more--><\/span><\/p>\n<p style=\"text-align: justify;\" align=\"justify\"><span style=\"font-family: arial,helvetica,sans-serif; font-size: 14pt;\"><b>CARABOBO<\/b><\/span><\/p>\n<p style=\"text-align: justify;\" align=\"justify\"><span style=\"font-family: arial,helvetica,sans-serif; font-size: 14pt;\">Aprendices de la formaci\u00f3n Asistente Administrativo, del centro de formaci\u00f3n socialista (CFS) \u201cRafael Urdaneta\u201d, culminaron la fase te\u00f3rica con la presentaci\u00f3n de su labor social y defensa de proyecto de una p\u00e1gina Web y un blog realizados en las oficinas del mismo ente.<\/span><\/p>\n<p style=\"text-align: justify;\" align=\"justify\">\n<p style=\"text-align: justify;\" align=\"justify\"><span style=\"font-family: arial,helvetica,sans-serif; font-size: 14pt;\">En la exposici\u00f3n del cierre de formaci\u00f3n plantearon el problema de almacenamiento y control de datos que llevan manualmente para el registro de inscripci\u00f3n y conformaci\u00f3n de participantes a los cursos, adem\u00e1s especificaron la importancia y la innovaci\u00f3n que facilita las p\u00e1gina Web y la creaci\u00f3n de un blog. Identificaron el trabajo que desarrollaron en equipo y las alternativas a ejecutar en la programaci\u00f3n. De igual manera, recomendaron a los trabajadores del PNA digitalizar toda la informaci\u00f3n como una alternativa.<\/span><\/p>\n<p style=\"text-align: justify;\" align=\"justify\"><span style=\"font-family: arial,helvetica,sans-serif; font-size: 14pt;\"><img loading=\"lazy\" decoding=\"async\" class=\"aligncenter wp-image-26014 size-full\" src=\"http:\/\/www.inces.gob.ve\/wp-content\/uploads\/2019\/04\/1-te\u00f3rica-del-oficio.jpeg\" alt=\"\" width=\"800\" height=\"637\" srcset=\"https:\/\/inces.gob.ve\/wp-content\/uploads\/2019\/04\/1-te\u00f3rica-del-oficio.jpeg 800w, https:\/\/inces.gob.ve\/wp-content\/uploads\/2019\/04\/1-te\u00f3rica-del-oficio-300x239.jpeg 300w, https:\/\/inces.gob.ve\/wp-content\/uploads\/2019\/04\/1-te\u00f3rica-del-oficio-768x612.jpeg 768w\" sizes=\"auto, (max-width: 800px) 100vw, 800px\" \/><\/span><\/p>\n<p style=\"text-align: justify;\" align=\"justify\">\n<p style=\"text-align: justify;\" align=\"justify\"><span style=\"font-family: arial,helvetica,sans-serif; font-size: 14pt;\">Yorman Rosales, jefe de CFS, felicit\u00f3 con gran emoci\u00f3n a los participantes por el logro alcanzado, y a los padres de estos j\u00f3venes que son el presente de Venezuela. Resalt\u00f3 que la responsabilidad y la puntualidad deben ser las premisas que cada uno de los aprendices Inces debe trasladar a las empresas, debido a que son factores vitales para optar a un cargo fijo dentro de una entidad de trabajo p\u00fablica o privada. Los chamos aprovecharon la oportunidad para agradecer al Inces y al Instituto de Apoyo T\u00e9cnico Empresarial, por recibirlos y formarlos como profesionales durante un a\u00f1o. <\/span><\/p>\n<p style=\"text-align: justify;\" align=\"justify\"><span style=\"font-family: arial,helvetica,sans-serif; font-size: 14pt;\"><img loading=\"lazy\" decoding=\"async\" class=\"aligncenter wp-image-26013 size-full\" src=\"http:\/\/www.inces.gob.ve\/wp-content\/uploads\/2019\/04\/2-te\u00f3rica-del-oficio.jpeg\" alt=\"\" width=\"800\" height=\"693\" srcset=\"https:\/\/inces.gob.ve\/wp-content\/uploads\/2019\/04\/2-te\u00f3rica-del-oficio.jpeg 800w, https:\/\/inces.gob.ve\/wp-content\/uploads\/2019\/04\/2-te\u00f3rica-del-oficio-300x260.jpeg 300w, https:\/\/inces.gob.ve\/wp-content\/uploads\/2019\/04\/2-te\u00f3rica-del-oficio-768x665.jpeg 768w\" sizes=\"auto, (max-width: 800px) 100vw, 800px\" \/><\/span>\n<\/p>\n<p style=\"text-align: justify;\" align=\"justify\"><span style=\"font-family: arial,helvetica,sans-serif; font-size: 14pt;\">Rosales resalt\u00f3 que seguir\u00e1n atendiendo a trav\u00e9s del Programa Nacional de Aprendizaje (PNA) y del Plan Chamba Juvenil a todos los j\u00f3venes que quieran seguir el ejemplo de la juventud venezolana que ya se incorporo a esta tarea. \u201cTenemos otro grupo de participantes activos, quienes se capacitan en los oficios de Asistente Administrativo, Electricidad de Mantenimiento, Mec\u00e1nica de Refrigeraci\u00f3n, Electromec\u00e1nica Industrial y Diesel\u201d, inform\u00f3 el jefe de Centro.<\/span><\/p>\n<p style=\"text-align: justify;\" align=\"justify\"><span style=\"font-family: arial,helvetica,sans-serif; font-size: 14pt;\"><img loading=\"lazy\" decoding=\"async\" class=\"wp-image-26012 size-full\" src=\"http:\/\/www.inces.gob.ve\/wp-content\/uploads\/2019\/04\/3-te\u00f3rica-del-oficio.jpeg\" alt=\"\" width=\"800\" height=\"691\" srcset=\"https:\/\/inces.gob.ve\/wp-content\/uploads\/2019\/04\/3-te\u00f3rica-del-oficio.jpeg 800w, https:\/\/inces.gob.ve\/wp-content\/uploads\/2019\/04\/3-te\u00f3rica-del-oficio-300x259.jpeg 300w, https:\/\/inces.gob.ve\/wp-content\/uploads\/2019\/04\/3-te\u00f3rica-del-oficio-768x663.jpeg 768w\" sizes=\"auto, (max-width: 800px) 100vw, 800px\" \/><\/span><\/p>\n","protected":false},"excerpt":{"rendered":"<p>** Los participantes destacaron con la innovadora creaci\u00f3n de una p\u00e1gina Web y de un blog para el CFS Rafael Urdaneta<\/p>\n","protected":false},"author":15,"featured_media":26011,"comment_status":"closed","ping_status":"closed","sticky":false,"template":"","format":"standard","meta":{"footnotes":""},"categories":[2],"tags":[],"class_list":["post-26010","post","type-post","status-publish","format-standard","has-post-thumbnail","hentry","category-blog"],"_links":{"self":[{"href":"https:\/\/inces.gob.ve\/index.php\/wp-json\/wp\/v2\/posts\/26010","targetHints":{"allow":["GET"]}}],"collection":[{"href":"https:\/\/inces.gob.ve\/index.php\/wp-json\/wp\/v2\/posts"}],"about":[{"href":"https:\/\/inces.gob.ve\/index.php\/wp-json\/wp\/v2\/types\/post"}],"author":[{"embeddable":true,"href":"https:\/\/inces.gob.ve\/index.php\/wp-json\/wp\/v2\/users\/15"}],"replies":[{"embeddable":true,"href":"https:\/\/inces.gob.ve\/index.php\/wp-json\/wp\/v2\/comments?post=26010"}],"version-history":[{"count":1,"href":"https:\/\/inces.gob.ve\/index.php\/wp-json\/wp\/v2\/posts\/26010\/revisions"}],"predecessor-version":[{"id":26015,"href":"https:\/\/inces.gob.ve\/index.php\/wp-json\/wp\/v2\/posts\/26010\/revisions\/26015"}],"wp:featuredmedia":[{"embeddable":true,"href":"https:\/\/inces.gob.ve\/index.php\/wp-json\/wp\/v2\/media\/26011"}],"wp:attachment":[{"href":"https:\/\/inces.gob.ve\/index.php\/wp-json\/wp\/v2\/media?parent=26010"}],"wp:term":[{"taxonomy":"category","embeddable":true,"href":"https:\/\/inces.gob.ve\/index.php\/wp-json\/wp\/v2\/categories?post=26010"},{"taxonomy":"post_tag","embeddable":true,"href":"https:\/\/inces.gob.ve\/index.php\/wp-json\/wp\/v2\/tags?post=26010"}],"curies":[{"name":"wp","href":"https:\/\/api.w.org\/{rel}","templated":true}]}}