{"id":26387,"date":"2019-04-22T11:25:37","date_gmt":"2019-04-22T17:25:37","guid":{"rendered":"http:\/\/www.inces.gob.ve\/?p=26387"},"modified":"2020-05-28T20:29:04","modified_gmt":"2020-05-29T00:29:04","slug":"inces-y-pdvsa-gas-acuerdan-alternativas-para-las-contingencias-electricas-e-hidricas","status":"publish","type":"post","link":"https:\/\/inces.gob.ve\/index.php\/2019\/04\/22\/inces-y-pdvsa-gas-acuerdan-alternativas-para-las-contingencias-electricas-e-hidricas\/","title":{"rendered":"Inces y Pdvsa-Gas acuerdan alternativas para las contingencias el\u00e9ctricas e h\u00eddricas"},"content":{"rendered":"<p style=\"text-align: justify;\"><span style=\"font-family: arial,helvetica,sans-serif;\"><strong>** Se organizan brigadas de respuesta inmediata para afrontar crisis actual<\/strong><!--more--><\/span><\/p>\n<p style=\"text-align: justify;\"><span style=\"font-family: arial,helvetica,sans-serif;\"><strong>SANDRA AGUILAR | Carabobo<\/strong><\/span><\/p>\n<p style=\"text-align: justify;\">\n<span style=\"font-family: arial,helvetica,sans-serif;\"> En el edificio Inces Carabobo, con la participaci\u00f3n de la jefa de Formaci\u00f3n Profesional, Mar\u00eda Celis Lira y el coordinador t\u00e9cnico del personal de Juventud Petrolera de Pdvsa-Gas, Jes\u00fas Dur\u00e1n, se llev\u00f3 a cabo una reuni\u00f3n con el objetivo de buscar alternativas ante la contingencia el\u00e9ctrica e h\u00eddrica que atraviesa el pa\u00eds.<\/span><\/p>\n<p style=\"text-align: justify;\"><span style=\"font-family: arial,helvetica,sans-serif;\">Jes\u00fas Dur\u00e1n indic\u00f3 como alternativa la organizaci\u00f3n de brigadas formativas que afronten la crisis actual y den respuesta de forma inmediata.<\/span><\/p>\n<p style=\"text-align: justify;\"><span style=\"font-family: arial,helvetica,sans-serif;\"><img loading=\"lazy\" decoding=\"async\" class=\"aligncenter wp-image-26389 size-full\" src=\"http:\/\/www.inces.gob.ve\/wp-content\/uploads\/2019\/04\/1Inces-y-Pdvsa-Gas-.jpeg\" alt=\"\" width=\"950\" height=\"713\" srcset=\"https:\/\/inces.gob.ve\/wp-content\/uploads\/2019\/04\/1Inces-y-Pdvsa-Gas-.jpeg 950w, https:\/\/inces.gob.ve\/wp-content\/uploads\/2019\/04\/1Inces-y-Pdvsa-Gas--300x225.jpeg 300w, https:\/\/inces.gob.ve\/wp-content\/uploads\/2019\/04\/1Inces-y-Pdvsa-Gas--768x576.jpeg 768w, https:\/\/inces.gob.ve\/wp-content\/uploads\/2019\/04\/1Inces-y-Pdvsa-Gas--136x102.jpeg 136w\" sizes=\"auto, (max-width: 950px) 100vw, 950px\" \/><\/span><\/p>\n<p style=\"text-align: justify;\"><span style=\"font-family: arial,helvetica,sans-serif;\">Igualmente manifest\u00f3 que se abordar\u00e1n talleres cortos de formaci\u00f3n en \u00e1reas b\u00e1sicas tales como Fabricaci\u00f3n de Cocinas Artesanales, Conservaci\u00f3n de Alimentos y Fabricaci\u00f3n de L\u00e1mparas, a ser dictados a los trabajadores y en las comunidades del punto y c\u00edrculo.<\/span><\/p>\n<p style=\"text-align: justify;\"><span style=\"font-family: arial,helvetica,sans-serif;\">El Frente Nacional de la Juventud Petrolera coordinar\u00e1 con el Inces la conformaci\u00f3n de una brigada de atenci\u00f3n inmediata que permita la reparaci\u00f3n de las plantas el\u00e9ctricas y las bombas de agua, estableciendo como plan piloto la sede de PDVSA ubicada en Yagua, contribuyendo de esta manera con las reparaciones de las instalaciones en la empresa.<\/span><\/p>\n<p style=\"text-align: justify;\"><span style=\"font-family: arial,helvetica,sans-serif;\">Por parte de Pdvsa-Gas se planificar\u00e1 la presentaci\u00f3n de la propuesta ante la comisi\u00f3n t\u00e9cnica nacional y que sea llevada al ministro de Energ\u00eda y Petr\u00f3leo, Manuel Quevedo, para obtener el apoyo rotundo a la consecuencia de estas propuestas.<\/span><\/p>\n","protected":false},"excerpt":{"rendered":"<p>** Se organizan brigadas de respuesta inmediata para afrontar crisis actual<\/p>\n","protected":false},"author":15,"featured_media":26388,"comment_status":"closed","ping_status":"closed","sticky":false,"template":"","format":"standard","meta":{"footnotes":""},"categories":[2],"tags":[],"class_list":["post-26387","post","type-post","status-publish","format-standard","has-post-thumbnail","hentry","category-blog"],"_links":{"self":[{"href":"https:\/\/inces.gob.ve\/index.php\/wp-json\/wp\/v2\/posts\/26387","targetHints":{"allow":["GET"]}}],"collection":[{"href":"https:\/\/inces.gob.ve\/index.php\/wp-json\/wp\/v2\/posts"}],"about":[{"href":"https:\/\/inces.gob.ve\/index.php\/wp-json\/wp\/v2\/types\/post"}],"author":[{"embeddable":true,"href":"https:\/\/inces.gob.ve\/index.php\/wp-json\/wp\/v2\/users\/15"}],"replies":[{"embeddable":true,"href":"https:\/\/inces.gob.ve\/index.php\/wp-json\/wp\/v2\/comments?post=26387"}],"version-history":[{"count":1,"href":"https:\/\/inces.gob.ve\/index.php\/wp-json\/wp\/v2\/posts\/26387\/revisions"}],"predecessor-version":[{"id":26390,"href":"https:\/\/inces.gob.ve\/index.php\/wp-json\/wp\/v2\/posts\/26387\/revisions\/26390"}],"wp:featuredmedia":[{"embeddable":true,"href":"https:\/\/inces.gob.ve\/index.php\/wp-json\/wp\/v2\/media\/26388"}],"wp:attachment":[{"href":"https:\/\/inces.gob.ve\/index.php\/wp-json\/wp\/v2\/media?parent=26387"}],"wp:term":[{"taxonomy":"category","embeddable":true,"href":"https:\/\/inces.gob.ve\/index.php\/wp-json\/wp\/v2\/categories?post=26387"},{"taxonomy":"post_tag","embeddable":true,"href":"https:\/\/inces.gob.ve\/index.php\/wp-json\/wp\/v2\/tags?post=26387"}],"curies":[{"name":"wp","href":"https:\/\/api.w.org\/{rel}","templated":true}]}}