{"id":26427,"date":"2019-04-22T12:30:08","date_gmt":"2019-04-22T18:30:08","guid":{"rendered":"http:\/\/www.inces.gob.ve\/?p=26427"},"modified":"2020-05-28T20:29:03","modified_gmt":"2020-05-29T00:29:03","slug":"inces-tachira-realiza-jornada-integral-en-el-centro-penitenciario-de-occidente","status":"publish","type":"post","link":"https:\/\/inces.gob.ve\/index.php\/2019\/04\/22\/inces-tachira-realiza-jornada-integral-en-el-centro-penitenciario-de-occidente\/","title":{"rendered":"Inces T\u00e1chira realiza jornada integral en el Centro Penitenciario de Occidente"},"content":{"rendered":"<p class=\"western\" align=\"justify\"><span style=\"font-family: Arial,sans-serif;\"><span style=\"font-size: large;\"><i><b>** Fueron atendidos 350 privados y privadas de libertad<\/b><\/i><\/span><\/span><\/p>\n<p class=\"western\" align=\"justify\">\n<!--more--><\/p>\n<p class=\"western\" align=\"justify\"><span style=\"font-family: Arial,sans-serif;\"><span style=\"font-size: large;\"><b>T\u00c1CHIRA<\/b>.-<\/span><\/span><\/p>\n<p class=\"western\" align=\"justify\">\n<p class=\"western\" align=\"justify\"><span style=\"font-family: Arial,sans-serif;\"><span style=\"font-size: large;\">La gerencia regional del Inces T\u00e1chira y la Defensor\u00eda P\u00fablica del estado articularon junto con el Ministerio del Poder Popular para el Servicio Penitenciario (MSP) con el objetivo de realizar una gran jornada integral que permiti\u00f3 atender a los y las privadas de libertad del Centro Penitenciario de Occidente (CPO).<\/span><\/span><\/p>\n<p class=\"western\" align=\"justify\">\n<p class=\"western\" align=\"justify\"><span style=\"font-family: Arial,sans-serif;\"><span style=\"font-size: large;\">Con una participaci\u00f3n que super\u00f3 los 20 trabajadores, entre ellos defensores p\u00fablicos, el gerente regional del Inces, jefes de centro, formadores y personal administrativo, se llev\u00f3 a cabo la atenci\u00f3n jur\u00eddica, la certificaci\u00f3n y acreditaci\u00f3n de saberes emp\u00edricos de privados y privadas de libertad en las \u00e1reas de: Mu\u00f1equer\u00eda, Corte y Costura, Elaborador de Bolsos y Morrales, Reparador de Bombillos Ahorradores, Carpinter\u00eda, entre otros, oficios.<\/span><\/span><\/p>\n<p class=\"western\" align=\"justify\"><span style=\"font-family: Arial,sans-serif;\"><span style=\"font-size: large;\"><img loading=\"lazy\" decoding=\"async\" class=\"aligncenter wp-image-26429 size-full\" src=\"http:\/\/www.inces.gob.ve\/wp-content\/uploads\/2019\/04\/6-jornada-integral.jpeg\" alt=\"\" width=\"800\" height=\"731\" srcset=\"https:\/\/inces.gob.ve\/wp-content\/uploads\/2019\/04\/6-jornada-integral.jpeg 800w, https:\/\/inces.gob.ve\/wp-content\/uploads\/2019\/04\/6-jornada-integral-300x274.jpeg 300w, https:\/\/inces.gob.ve\/wp-content\/uploads\/2019\/04\/6-jornada-integral-768x702.jpeg 768w\" sizes=\"auto, (max-width: 800px) 100vw, 800px\" \/><\/span><\/span><\/p>\n<p class=\"western\" align=\"justify\">\n<p class=\"western\" align=\"justify\"><span style=\"font-family: Arial,sans-serif;\"><span style=\"font-size: large;\">Geovanni Gonz\u00e1lez, director del Inces, manifest\u00f3 su satisfacci\u00f3n al atender junto a su equipo de trabajo a toda la poblaci\u00f3n privada de libertad \u201cAtendimos a m\u00e1s de 350 camaradas privados y privadas de libertad con una gran jornada de certificaci\u00f3n de saberes emp\u00edricos que nos permiti\u00f3 seleccionar a 16 privados de libertad, tanto del anexo femenino como masculino, para que ellos sean los formadores Inces en el centro penitenciario como Promotores Privados de Libertad (PPL)\u201d.<\/span><\/span><\/p>\n<p class=\"western\" align=\"justify\"><span style=\"font-family: Arial,sans-serif;\"><span style=\"font-size: large;\"><img loading=\"lazy\" decoding=\"async\" class=\"aligncenter wp-image-26428 size-full\" src=\"http:\/\/www.inces.gob.ve\/wp-content\/uploads\/2019\/04\/7-jornada-integral.jpeg\" alt=\"\" width=\"800\" height=\"670\" srcset=\"https:\/\/inces.gob.ve\/wp-content\/uploads\/2019\/04\/7-jornada-integral.jpeg 800w, https:\/\/inces.gob.ve\/wp-content\/uploads\/2019\/04\/7-jornada-integral-300x251.jpeg 300w, https:\/\/inces.gob.ve\/wp-content\/uploads\/2019\/04\/7-jornada-integral-768x643.jpeg 768w\" sizes=\"auto, (max-width: 800px) 100vw, 800px\" \/><\/span><\/span><\/p>\n<p class=\"western\" align=\"justify\">\n<p class=\"western\" align=\"justify\"><span style=\"font-family: Arial,sans-serif;\"><span style=\"font-size: large;\">Asimismo, Gonz\u00e1lez recalc\u00f3 que dentro de las formaciones que se dictar\u00e1n en el centro penitenciario se dar\u00e1 inicio tambi\u00e9n a la formaci\u00f3n de Bachilleres Productivos y a la elaboraci\u00f3n de proyectos productivos en alianza con el centro penitenciario.<\/span><\/span><\/p>\n<p class=\"western\" align=\"justify\"><img loading=\"lazy\" decoding=\"async\" class=\"aligncenter wp-image-26431 size-full\" src=\"http:\/\/www.inces.gob.ve\/wp-content\/uploads\/2019\/04\/3-jornada-integral.jpeg\" alt=\"\" width=\"800\" height=\"819\" srcset=\"https:\/\/inces.gob.ve\/wp-content\/uploads\/2019\/04\/3-jornada-integral.jpeg 800w, https:\/\/inces.gob.ve\/wp-content\/uploads\/2019\/04\/3-jornada-integral-293x300.jpeg 293w, https:\/\/inces.gob.ve\/wp-content\/uploads\/2019\/04\/3-jornada-integral-768x786.jpeg 768w, https:\/\/inces.gob.ve\/wp-content\/uploads\/2019\/04\/3-jornada-integral-750x768.jpeg 750w, https:\/\/inces.gob.ve\/wp-content\/uploads\/2019\/04\/3-jornada-integral-45x45.jpeg 45w\" sizes=\"auto, (max-width: 800px) 100vw, 800px\" \/>\n<\/p>\n<p class=\"western\" align=\"justify\"><span style=\"font-family: Arial,sans-serif;\"><span style=\"font-size: large;\">De igual manera, el coordinador, en representaci\u00f3n de la familia Inces, hizo entrega de delantales y gorros que fueron confeccionados en los talleres del CFIS Textil, en el proceso de evaluaci\u00f3n para la certificaci\u00f3n de saberes.<\/span><\/span><\/p>\n<p class=\"western\" align=\"justify\">\n<p class=\"western\" align=\"justify\"><span style=\"font-family: Arial,sans-serif;\"><span style=\"font-size: large;\">Para finalizar, Gonz\u00e1lez resalt\u00f3 la receptividad de los privados y privadas de libertad \u201cEs importante manifestar el agradecimiento de estos camaradas quienes reconocen el esfuerzo del Gobierno Bolivariano, de nuestro ministro Arist\u00f3bulo Ist\u00fariz, del presidente del Inces Wuikelman Angel Paredes y la ministra Iris Varela; todos bajo la orientaci\u00f3n de nuestro presidente obrero, Nicol\u00e1s Maduro, demostrando que pese a la guerra y a los ataques a la gesti\u00f3n continuamos a pie de lucha\u201d. <\/span><\/span><\/p>\n","protected":false},"excerpt":{"rendered":"<p>** Fueron atendidos 350 privados y privadas de libertad<\/p>\n","protected":false},"author":15,"featured_media":26430,"comment_status":"closed","ping_status":"closed","sticky":false,"template":"","format":"standard","meta":{"footnotes":""},"categories":[2],"tags":[],"class_list":["post-26427","post","type-post","status-publish","format-standard","has-post-thumbnail","hentry","category-blog"],"_links":{"self":[{"href":"https:\/\/inces.gob.ve\/index.php\/wp-json\/wp\/v2\/posts\/26427","targetHints":{"allow":["GET"]}}],"collection":[{"href":"https:\/\/inces.gob.ve\/index.php\/wp-json\/wp\/v2\/posts"}],"about":[{"href":"https:\/\/inces.gob.ve\/index.php\/wp-json\/wp\/v2\/types\/post"}],"author":[{"embeddable":true,"href":"https:\/\/inces.gob.ve\/index.php\/wp-json\/wp\/v2\/users\/15"}],"replies":[{"embeddable":true,"href":"https:\/\/inces.gob.ve\/index.php\/wp-json\/wp\/v2\/comments?post=26427"}],"version-history":[{"count":1,"href":"https:\/\/inces.gob.ve\/index.php\/wp-json\/wp\/v2\/posts\/26427\/revisions"}],"predecessor-version":[{"id":26432,"href":"https:\/\/inces.gob.ve\/index.php\/wp-json\/wp\/v2\/posts\/26427\/revisions\/26432"}],"wp:featuredmedia":[{"embeddable":true,"href":"https:\/\/inces.gob.ve\/index.php\/wp-json\/wp\/v2\/media\/26430"}],"wp:attachment":[{"href":"https:\/\/inces.gob.ve\/index.php\/wp-json\/wp\/v2\/media?parent=26427"}],"wp:term":[{"taxonomy":"category","embeddable":true,"href":"https:\/\/inces.gob.ve\/index.php\/wp-json\/wp\/v2\/categories?post=26427"},{"taxonomy":"post_tag","embeddable":true,"href":"https:\/\/inces.gob.ve\/index.php\/wp-json\/wp\/v2\/tags?post=26427"}],"curies":[{"name":"wp","href":"https:\/\/api.w.org\/{rel}","templated":true}]}}