{"id":26457,"date":"2019-04-23T07:10:44","date_gmt":"2019-04-23T13:10:44","guid":{"rendered":"http:\/\/www.inces.gob.ve\/?p=26457"},"modified":"2020-05-28T20:33:25","modified_gmt":"2020-05-29T00:33:25","slug":"120-trabajadores-de-la-zona-educativa-zulia-se-han-formado-en-el-inces","status":"publish","type":"post","link":"https:\/\/inces.gob.ve\/index.php\/2019\/04\/23\/120-trabajadores-de-la-zona-educativa-zulia-se-han-formado-en-el-inces\/","title":{"rendered":"120 trabajadores de la Zona Educativa Zulia se han formado en el Inces"},"content":{"rendered":"<p class=\"western\" lang=\"es-ES\" align=\"justify\"><span style=\"font-family: Arial,sans-serif;\"><span style=\"font-size: large;\"><i><b>** El grupo estuvo conformado por docentes y personal administrativo de las distintas escuelas de la regi\u00f3n<\/b><\/i><\/span><\/span><\/p>\n<p class=\"western\" lang=\"es-ES\" align=\"justify\"><!--more--><\/p>\n<p class=\"western\" lang=\"es-ES\" align=\"justify\"><span style=\"font-family: Arial,sans-serif;\"><span style=\"font-size: large;\"><b>YUDITH CASTRO | Zulia <\/b><\/span><\/span><\/p>\n<p class=\"western\" lang=\"es-ES\" align=\"justify\"><span style=\"font-family: Arial,sans-serif;\"><span style=\"font-size: large;\">Un total de 120 trabajadores de la Zona Educativa del Zulia se han formado en varios cursos a trav\u00e9s del Programa de Adiestramiento de Empresas del Inces, recalc\u00f3, el coordinador del mencionado programa, Pedro Espinoza. <\/span><\/span><\/p>\n<p class=\"western\" lang=\"es-ES\" align=\"justify\"><span style=\"font-family: Arial,sans-serif;\"><span style=\"font-size: large;\">La formaci\u00f3n se desarroll\u00f3 en dos ambientes ubicados en Maracaibo, en espacios de la zona Educativa y en los salones del centro de formaci\u00f3n socialista (CFS) Artes Gr\u00e1ficas. El grupo estuvo conformado por docentes y personal administrativo de las distintas escuelas de la regi\u00f3n. <\/span><\/span><\/p>\n<p class=\"western\" lang=\"es-ES\" align=\"justify\"><span style=\"font-family: Arial,sans-serif;\"><span style=\"font-size: large;\">Entre las formaciones en las que participaron podemos mencionar, Atenci\u00f3n al P\u00fablico, Microsoft Excell, Expresi\u00f3n Oral y Efectiva, Redacci\u00f3n de Informes T\u00e9cnicos, Seguridad Industrial y Ambiente de Trabajo, Desarrollo y Crecimiento Personal. <\/span><\/span><\/p>\n<p class=\"western\" lang=\"es-ES\" align=\"justify\"><span style=\"font-family: Arial,sans-serif;\"><span style=\"font-size: large;\">Para finalizar, Espinoza indic\u00f3 que los trabajadores de la Zona Educativa le solicitaron otros cursos, pero en \u00e1reas t\u00e9cnicas por lo que desde el programa se est\u00e1 articulando con los diversos CFS para darle respuesta a esa necesidad. <\/span><\/span><\/p>\n","protected":false},"excerpt":{"rendered":"<p>** El grupo estuvo conformado por docentes y personal administrativo de las distintas escuelas de la regi\u00f3n<\/p>\n","protected":false},"author":15,"featured_media":26458,"comment_status":"closed","ping_status":"closed","sticky":false,"template":"","format":"standard","meta":{"footnotes":""},"categories":[2],"tags":[],"class_list":["post-26457","post","type-post","status-publish","format-standard","has-post-thumbnail","hentry","category-blog"],"_links":{"self":[{"href":"https:\/\/inces.gob.ve\/index.php\/wp-json\/wp\/v2\/posts\/26457","targetHints":{"allow":["GET"]}}],"collection":[{"href":"https:\/\/inces.gob.ve\/index.php\/wp-json\/wp\/v2\/posts"}],"about":[{"href":"https:\/\/inces.gob.ve\/index.php\/wp-json\/wp\/v2\/types\/post"}],"author":[{"embeddable":true,"href":"https:\/\/inces.gob.ve\/index.php\/wp-json\/wp\/v2\/users\/15"}],"replies":[{"embeddable":true,"href":"https:\/\/inces.gob.ve\/index.php\/wp-json\/wp\/v2\/comments?post=26457"}],"version-history":[{"count":2,"href":"https:\/\/inces.gob.ve\/index.php\/wp-json\/wp\/v2\/posts\/26457\/revisions"}],"predecessor-version":[{"id":26460,"href":"https:\/\/inces.gob.ve\/index.php\/wp-json\/wp\/v2\/posts\/26457\/revisions\/26460"}],"wp:featuredmedia":[{"embeddable":true,"href":"https:\/\/inces.gob.ve\/index.php\/wp-json\/wp\/v2\/media\/26458"}],"wp:attachment":[{"href":"https:\/\/inces.gob.ve\/index.php\/wp-json\/wp\/v2\/media?parent=26457"}],"wp:term":[{"taxonomy":"category","embeddable":true,"href":"https:\/\/inces.gob.ve\/index.php\/wp-json\/wp\/v2\/categories?post=26457"},{"taxonomy":"post_tag","embeddable":true,"href":"https:\/\/inces.gob.ve\/index.php\/wp-json\/wp\/v2\/tags?post=26457"}],"curies":[{"name":"wp","href":"https:\/\/api.w.org\/{rel}","templated":true}]}}