{"id":26474,"date":"2019-04-23T08:30:03","date_gmt":"2019-04-23T14:30:03","guid":{"rendered":"http:\/\/www.inces.gob.ve\/?p=26474"},"modified":"2020-05-28T20:29:03","modified_gmt":"2020-05-29T00:29:03","slug":"siguen-en-ascenso-los-logros-academicos-en-el-inces-guaireno","status":"publish","type":"post","link":"https:\/\/inces.gob.ve\/index.php\/2019\/04\/23\/siguen-en-ascenso-los-logros-academicos-en-el-inces-guaireno\/","title":{"rendered":"Siguen en ascenso los logros acad\u00e9micos en el Inces guaire\u00f1o"},"content":{"rendered":"<p align=\"justify\"><span style=\"font-family: Arial,sans-serif;\"><span style=\"font-size: large;\"><i><b>** Jos\u00e9 Camacho, coordinador de Encadenamiento Productivo, aprob\u00f3 su trabajo de grado que lo acredita como licenciado en Administraci\u00f3n, menci\u00f3n Recursos Humanos<\/b><\/i><\/span><\/span><\/p>\n<p align=\"justify\"><!--more-->\n<\/p>\n<p align=\"justify\"><span style=\"font-family: Arial,sans-serif;\"><span style=\"font-size: large;\"><b>ZUVALQUI DUARTE | Vargas<\/b><\/span><\/span><\/p>\n<p align=\"justify\">\n<p align=\"justify\"><span style=\"font-family: Arial,sans-serif;\"><span style=\"font-size: large;\">Con \u00e9xito culminaron las ocho ponencias de trabajo especial de grado de los estudiantes de la Universidad Nacional Experimental Sim\u00f3n Rodr\u00edguez, extensi\u00f3n Palo Verde, n\u00facleo Vargas, y en el que el trabajador Inces destac\u00f3 con excelente puntaje.<\/span><\/span><\/p>\n<p align=\"justify\">\n<p align=\"justify\">\u201c<span style=\"font-family: Arial,sans-serif;\"><span style=\"font-size: large;\">Coaching como estrategia para la formaci\u00f3n de competencia profesionales en el personal administrativo que labora en el \u00e1rea de recursos humano de Waykerydutyfree de Maiquet\u00eda en el 2\u00b0 semestre del 2017\u201d fue la propuesta que defendi\u00f3 el trabajador que integra el equipo de gesti\u00f3n regional y que mereci\u00f3 la aprobaci\u00f3n del jurado.<\/span><\/span><\/p>\n<p align=\"justify\"><span style=\"font-family: Arial,sans-serif;\"><span style=\"font-size: large;\"><img loading=\"lazy\" decoding=\"async\" class=\"aligncenter wp-image-26476 size-full\" src=\"http:\/\/www.inces.gob.ve\/wp-content\/uploads\/2019\/04\/1logros-acad\u00e9micos-.jpg\" alt=\"\" width=\"850\" height=\"637\" srcset=\"https:\/\/inces.gob.ve\/wp-content\/uploads\/2019\/04\/1logros-acad\u00e9micos-.jpg 850w, https:\/\/inces.gob.ve\/wp-content\/uploads\/2019\/04\/1logros-acad\u00e9micos--300x225.jpg 300w, https:\/\/inces.gob.ve\/wp-content\/uploads\/2019\/04\/1logros-acad\u00e9micos--768x576.jpg 768w, https:\/\/inces.gob.ve\/wp-content\/uploads\/2019\/04\/1logros-acad\u00e9micos--136x102.jpg 136w\" sizes=\"auto, (max-width: 850px) 100vw, 850px\" \/><\/span><\/span><\/p>\n<p align=\"justify\">\n<p align=\"justify\"><span style=\"font-family: Arial,sans-serif;\"><span style=\"font-size: large;\">Formar parte del crecimiento personal y profesional, impulsador en la prosecuci\u00f3n de estudios en todos los niveles e incentivar a desarrollar las metas y logros planteadas, es una labor del Inces Vargas con sus trabajadores y trabajadoras, por ello hoy se celebra con el compa\u00f1ero esta nueva etapa profesional.<\/span><\/span><\/p>\n<p align=\"justify\">\n<p align=\"justify\">\n","protected":false},"excerpt":{"rendered":"<p>** Jos\u00e9 Camacho, coordinador de Encadenamiento Productivo, aprob\u00f3 su trabajo de grado que lo acredita como licenciado en Administraci\u00f3n, menci\u00f3n Recursos Humanos<\/p>\n","protected":false},"author":15,"featured_media":26475,"comment_status":"closed","ping_status":"closed","sticky":false,"template":"","format":"standard","meta":{"footnotes":""},"categories":[2],"tags":[],"class_list":["post-26474","post","type-post","status-publish","format-standard","has-post-thumbnail","hentry","category-blog"],"_links":{"self":[{"href":"https:\/\/inces.gob.ve\/index.php\/wp-json\/wp\/v2\/posts\/26474","targetHints":{"allow":["GET"]}}],"collection":[{"href":"https:\/\/inces.gob.ve\/index.php\/wp-json\/wp\/v2\/posts"}],"about":[{"href":"https:\/\/inces.gob.ve\/index.php\/wp-json\/wp\/v2\/types\/post"}],"author":[{"embeddable":true,"href":"https:\/\/inces.gob.ve\/index.php\/wp-json\/wp\/v2\/users\/15"}],"replies":[{"embeddable":true,"href":"https:\/\/inces.gob.ve\/index.php\/wp-json\/wp\/v2\/comments?post=26474"}],"version-history":[{"count":1,"href":"https:\/\/inces.gob.ve\/index.php\/wp-json\/wp\/v2\/posts\/26474\/revisions"}],"predecessor-version":[{"id":26477,"href":"https:\/\/inces.gob.ve\/index.php\/wp-json\/wp\/v2\/posts\/26474\/revisions\/26477"}],"wp:featuredmedia":[{"embeddable":true,"href":"https:\/\/inces.gob.ve\/index.php\/wp-json\/wp\/v2\/media\/26475"}],"wp:attachment":[{"href":"https:\/\/inces.gob.ve\/index.php\/wp-json\/wp\/v2\/media?parent=26474"}],"wp:term":[{"taxonomy":"category","embeddable":true,"href":"https:\/\/inces.gob.ve\/index.php\/wp-json\/wp\/v2\/categories?post=26474"},{"taxonomy":"post_tag","embeddable":true,"href":"https:\/\/inces.gob.ve\/index.php\/wp-json\/wp\/v2\/tags?post=26474"}],"curies":[{"name":"wp","href":"https:\/\/api.w.org\/{rel}","templated":true}]}}