{"id":26483,"date":"2019-04-23T08:51:44","date_gmt":"2019-04-23T14:51:44","guid":{"rendered":"http:\/\/www.inces.gob.ve\/?p=26483"},"modified":"2020-05-28T20:29:03","modified_gmt":"2020-05-29T00:29:03","slug":"la-unidad-educativa-de-inces-bolivar-apunta-su-formacion-hacia-las-brigadas-productivas","status":"publish","type":"post","link":"https:\/\/inces.gob.ve\/index.php\/2019\/04\/23\/la-unidad-educativa-de-inces-bolivar-apunta-su-formacion-hacia-las-brigadas-productivas\/","title":{"rendered":"La Unidad Educativa de Inces Bol\u00edvar apunta su formaci\u00f3n hacia las brigadas productivas"},"content":{"rendered":"<p class=\"western\" align=\"justify\"><span style=\"font-family: Arial,sans-serif;\"><span style=\"font-size: large;\"><i><b>**Un total de 630 participantes del Bachillerato Productivo iniciaron la formaci\u00f3n en los CFS Manuel Carlos Piar y Jos\u00e9 Leonado Chirino***<\/b><\/i><\/span><\/span><\/p>\n<p class=\"western\" align=\"justify\"><!--more--><\/p>\n<p align=\"justify\">\n<p class=\"western\" align=\"justify\"><span style=\"font-family: Arial,sans-serif;\"><span style=\"font-size: large;\"><b>JOS\u00c9 SUAREZ | Bol\u00edvar<\/b><\/span><\/span><\/p>\n<p align=\"justify\">\n<p class=\"western\" align=\"justify\"><span style=\"font-family: Arial,sans-serif;\"><span style=\"font-size: large;\">Ruth Jim\u00e9nez, gerente regional del Inces Bol\u00edvar, hizo un recorrido por las aulas de clase, dando la bienvenida a los j\u00f3venes que se incorporan al Inces y reiterando el compromiso de producir en los centros \u201cdeben tomar este Inces como suyo, la educaci\u00f3n b\u00e1sica no se sent\u00eda y la gerencia regional Bol\u00edvar, en coordinaci\u00f3n con el equipo de la Unidad Educativa Inces, ha decidido darle un valor agregado a esta instituci\u00f3n\u201d.<\/span><\/span><\/p>\n<p class=\"western\" align=\"justify\"><span style=\"font-family: Arial,sans-serif;\"><span style=\"font-size: large;\">Invit\u00f3 a los participantes a incorporase a las diferentes formaciones que dicta la casa de estudio. Adelant\u00f3 que esta a\u00f1o el Inces va a cumplir 60 a\u00f1os de fundado por el maestro Luis Bertr\u00e1n Prieto Figueroa,. \u201cun hombre que visualiz\u00f3 la formaci\u00f3n de la sociedad en oficios productivos\u201d .<\/span><\/span><\/p>\n<p class=\"western\" align=\"justify\"><span style=\"font-family: Arial,sans-serif;\"><span style=\"font-size: large;\"><img loading=\"lazy\" decoding=\"async\" class=\"aligncenter wp-image-26486 size-full\" src=\"http:\/\/www.inces.gob.ve\/wp-content\/uploads\/2019\/04\/1brigadas-productivas.jpg\" alt=\"\" width=\"850\" height=\"478\" srcset=\"https:\/\/inces.gob.ve\/wp-content\/uploads\/2019\/04\/1brigadas-productivas.jpg 850w, https:\/\/inces.gob.ve\/wp-content\/uploads\/2019\/04\/1brigadas-productivas-300x169.jpg 300w, https:\/\/inces.gob.ve\/wp-content\/uploads\/2019\/04\/1brigadas-productivas-768x432.jpg 768w\" sizes=\"auto, (max-width: 850px) 100vw, 850px\" \/><\/span><\/span><\/p>\n<p class=\"western\" align=\"justify\"><span style=\"font-family: Arial,sans-serif;\"><span style=\"font-size: large;\">Por su parte, la Directora de la Unidad Educativa Rosaysma Carrion enfatiz\u00f3 que la educaci\u00f3n b\u00e1sica del Inces se planificar\u00e1 hacia los planes c<\/span><\/span><em><span style=\"font-family: Arial,sans-serif;\"><span style=\"font-size: large;\">ontingenciados<\/span><\/span><\/em> <span style=\"font-family: Arial,sans-serif;\"><span style=\"font-size: large;\">que vive el pa\u00eds \u201ctodos los s\u00e1bados ser\u00e1n de producci\u00f3n, a trav\u00e9s de las brigadas conformadas por los estudiantes, para obtener ingresos que tributen a nuestro lema \u201cFormar produciendo, Producir formando\u201d, creando de esta manera emprendedores que impulsar\u00e1n la producci\u00f3n en est\u00e1 instituci\u00f3n.<\/span><\/span><\/p>\n<p class=\"western\" align=\"justify\"><span style=\"font-family: Arial,sans-serif;\"><span style=\"font-size: large;\">Adem\u00e1s, Carrion a\u00f1adi\u00f3 que los j\u00f3venes ser\u00e1n protagonistas en las Brigadas Productivas en las \u00e1reas de: alimentaci\u00f3n, electricidad, agroecolog\u00eda ,carpinter\u00eda, reparaci\u00f3n de PC y modem, elaboraci\u00f3n de bolsos, ropa interior y zapatos . \u201cAdem\u00e1s de aprender ser\u00e1n los que brinden soluciones a las comunidades del punto y c\u00edrculo\u201d. <\/span><\/span><\/p>\n<p class=\"western\" align=\"justify\"><span style=\"font-family: Arial,sans-serif;\"><span style=\"font-size: large;\">Cabe destacar que los participantes de Educaci\u00f3n Media, Adultos y Adultas recibir\u00e1n tutor\u00edas extra en las materias de matem\u00e1tica, f\u00edsica y qu\u00edmica, los d\u00edas viernes y jueves para mejorar sus niveles acad\u00e9micos.<\/span><\/span><\/p>\n<p class=\"western\" align=\"justify\"><span style=\"font-family: Arial,sans-serif;\"><span style=\"font-size: large;\"><img loading=\"lazy\" decoding=\"async\" class=\"aligncenter wp-image-26484 size-full\" src=\"http:\/\/www.inces.gob.ve\/wp-content\/uploads\/2019\/04\/4brigadas-productivas.jpg\" alt=\"\" width=\"850\" height=\"478\" srcset=\"https:\/\/inces.gob.ve\/wp-content\/uploads\/2019\/04\/4brigadas-productivas.jpg 850w, https:\/\/inces.gob.ve\/wp-content\/uploads\/2019\/04\/4brigadas-productivas-300x169.jpg 300w, https:\/\/inces.gob.ve\/wp-content\/uploads\/2019\/04\/4brigadas-productivas-768x432.jpg 768w\" sizes=\"auto, (max-width: 850px) 100vw, 850px\" \/><\/span><\/span><\/p>\n<p class=\"western\" align=\"justify\"><span style=\"font-family: Arial,sans-serif;\"><span style=\"font-size: large;\">Sergio Mart\u00ednez, participante del primer periodo expres\u00f3: \u201cEs un proyecto que dej\u00e9 a mitad de camino y quiero <\/span><\/span><em><span style=\"font-family: Arial,sans-serif;\"><span style=\"font-size: large;\">culminarlo<\/span><\/span><\/em><span style=\"font-family: Arial,sans-serif;\"><span style=\"font-size: large;\">, me dieron la oportunidad de estudiar, tanto as\u00ed que escog\u00ed al Inces porque hice el curso de Panificaci\u00f3n Dom\u00e9stica y me dieron la informaci\u00f3n de la Unidad Educativa del Inces, adem\u00e1s invito a los j\u00f3venes a proseguir sus estudios en este instituto\u201d.<\/span><\/span><\/p>\n","protected":false},"excerpt":{"rendered":"<p>**Un total de 630 participantes del Bachillerato Productivo iniciaron la formaci\u00f3n en los CFS Manuel Carlos Piar y Jos\u00e9 Leonado Chirino***<\/p>\n","protected":false},"author":15,"featured_media":26485,"comment_status":"closed","ping_status":"closed","sticky":false,"template":"","format":"standard","meta":{"footnotes":""},"categories":[2],"tags":[],"class_list":["post-26483","post","type-post","status-publish","format-standard","has-post-thumbnail","hentry","category-blog"],"_links":{"self":[{"href":"https:\/\/inces.gob.ve\/index.php\/wp-json\/wp\/v2\/posts\/26483","targetHints":{"allow":["GET"]}}],"collection":[{"href":"https:\/\/inces.gob.ve\/index.php\/wp-json\/wp\/v2\/posts"}],"about":[{"href":"https:\/\/inces.gob.ve\/index.php\/wp-json\/wp\/v2\/types\/post"}],"author":[{"embeddable":true,"href":"https:\/\/inces.gob.ve\/index.php\/wp-json\/wp\/v2\/users\/15"}],"replies":[{"embeddable":true,"href":"https:\/\/inces.gob.ve\/index.php\/wp-json\/wp\/v2\/comments?post=26483"}],"version-history":[{"count":2,"href":"https:\/\/inces.gob.ve\/index.php\/wp-json\/wp\/v2\/posts\/26483\/revisions"}],"predecessor-version":[{"id":26488,"href":"https:\/\/inces.gob.ve\/index.php\/wp-json\/wp\/v2\/posts\/26483\/revisions\/26488"}],"wp:featuredmedia":[{"embeddable":true,"href":"https:\/\/inces.gob.ve\/index.php\/wp-json\/wp\/v2\/media\/26485"}],"wp:attachment":[{"href":"https:\/\/inces.gob.ve\/index.php\/wp-json\/wp\/v2\/media?parent=26483"}],"wp:term":[{"taxonomy":"category","embeddable":true,"href":"https:\/\/inces.gob.ve\/index.php\/wp-json\/wp\/v2\/categories?post=26483"},{"taxonomy":"post_tag","embeddable":true,"href":"https:\/\/inces.gob.ve\/index.php\/wp-json\/wp\/v2\/tags?post=26483"}],"curies":[{"name":"wp","href":"https:\/\/api.w.org\/{rel}","templated":true}]}}